{"id":78418,"date":"2026-04-30T12:11:14","date_gmt":"2026-04-30T15:11:14","guid":{"rendered":"https:\/\/www.paranapraia.com.br\/?p=78418"},"modified":"2026-04-30T12:11:16","modified_gmt":"2026-04-30T15:11:16","slug":"parana-cria-158-mil-empregos-com-carteira-assinada-em-marco-e-supera-56-mil-vagas-no-ano","status":"publish","type":"post","link":"https:\/\/www.paranapraia.com.br\/index.php\/2026\/04\/30\/parana-cria-158-mil-empregos-com-carteira-assinada-em-marco-e-supera-56-mil-vagas-no-ano\/","title":{"rendered":"Paran\u00e1 cria 15,8 mil empregos com carteira assinada em mar\u00e7o e supera 56 mil vagas no ano"},"content":{"rendered":"\n<p>O Paran\u00e1 manteve o ritmo de gera\u00e7\u00e3o de empregos formais em 2026 e fechou o m\u00eas de mar\u00e7o com saldo positivo de 15.823 novas vagas com carteira assinada segundo os mais recentes dados do Cadastro Geral de Empregados e Desempregados (Caged). O resultado, divulgado nesta quarta-feira (29) pelo Minist\u00e9rio do Trabalho e Emprego, \u00e9 fruto de 197.765 admiss\u00f5es e 181.942 desligamentos no Estado neste per\u00edodo, consolidando o bom desempenho do mercado de trabalho paranaense no in\u00edcio do ano.<\/p>\n\n\n\n<p>O resultado de mar\u00e7o tamb\u00e9m superou o desempenho registrado no mesmo m\u00eas de 2025, quando o saldo entre contrata\u00e7\u00f5es e demiss\u00f5es ficou positivo em 6.331 vagas, refor\u00e7ando a acelera\u00e7\u00e3o na gera\u00e7\u00e3o de empregos formais no Estado.<\/p>\n\n\n\n<p>Com o desempenho mais recente, o Paran\u00e1 acumula 56.414 novos postos de trabalho no 1\u00ba trimestre de 2026. Entre janeiro e mar\u00e7o, foram registradas 575.834 contrata\u00e7\u00f5es e 519.420 desligamentos. No recorte dos \u00faltimos 12 meses, o saldo tamb\u00e9m \u00e9 positivo, com a cria\u00e7\u00e3o de 74.583 empregos formais, o que indica a manuten\u00e7\u00e3o de um ciclo cont\u00ednuo de gera\u00e7\u00e3o de oportunidades no territ\u00f3rio paranaense.<\/p>\n\n\n\n<p>O desempenho paranaense coloca o Estado entre os principais geradores de emprego do Pa\u00eds. No acumulado de 2026 at\u00e9 o momento, o Paran\u00e1 tem o quarto melhor resultado nacional, atr\u00e1s apenas de S\u00e3o Paulo (183.054 vagas), Minas Gerais (70.625) e Santa Catarina (59.396).<\/p>\n\n\n\n<p>O avan\u00e7o \u00e9 sustentado por uma din\u00e2mica econ\u00f4mica diversificada. Todos os setores registraram saldo positivo de empregos nos tr\u00eas primeiros meses do ano. O segmento de servi\u00e7os lidera a gera\u00e7\u00e3o de vagas, com 33.111 novos postos de trabalho no per\u00edodo, refletindo o aquecimento da atividade econ\u00f4mica. Na sequ\u00eancia aparecem a ind\u00fastria, com 11.587 vagas, e a constru\u00e7\u00e3o civil (8.482), indicando tamb\u00e9m o fortalecimento da produ\u00e7\u00e3o e dos investimentos no Estado. Completam o resultado o com\u00e9rcio (2.144) e a agropecu\u00e1ria (1.090).<\/p>\n\n\n\n<p><strong>PERFIL DOS TRABALHADORES<\/strong>&nbsp;\u2013 Os dados tamb\u00e9m mostram que a expans\u00e3o do emprego formal alcan\u00e7a trabalhadores com diferentes n\u00edveis de escolaridade. O maior volume de contrata\u00e7\u00f5es foi registrado entre profissionais com ensino m\u00e9dio completo, que somaram 36.667 novas vagas no trimestre, indicando forte absor\u00e7\u00e3o de m\u00e3o de obra t\u00e9cnica. Tamb\u00e9m houve destaque para trabalhadores com ensino superior completo, com saldo positivo de 5.676 empregos.<\/p>\n\n\n\n<p>No recorte por g\u00eanero, o mercado de trabalho paranaense apresenta equil\u00edbrio. Desde o in\u00edcio do ano, 28.451 homens e 27.963 mulheres ingressaram ou retornaram ao mercado formal, indicando uma distribui\u00e7\u00e3o praticamente igualit\u00e1ria das oportunidades.<\/p>\n\n\n\n<p>O desempenho positivo tamb\u00e9m se reflete na distribui\u00e7\u00e3o regional das vagas. Ao todo, 207 munic\u00edpios paranaenses registram saldo positivo de empregos formais em 2026, o equivalente a 52% das cidades. Curitiba lidera a gera\u00e7\u00e3o de vagas, com saldo de 17.686 postos de trabalho, seguida por Maring\u00e1 (2.810), Londrina (2.670), S\u00e3o Jos\u00e9 dos Pinhais (2.093) e Cascavel (1.873), demonstrando a capilaridade do crescimento econ\u00f4mico no Paran\u00e1.<\/p>\n\n\n\n<p>AEN\/PR<\/p>\n","protected":false},"excerpt":{"rendered":"<p>O Paran\u00e1 manteve o ritmo de gera\u00e7\u00e3o de empregos formais em 2026 e fechou o m\u00eas de mar\u00e7o com saldo positivo de 15.823 novas vagas com carteira assinada segundo os mais recentes dados do Cadastro Geral de Empregados e Desempregados (Caged). O resultado, divulgado nesta quarta-feira (29) pelo Minist\u00e9rio do Trabalho e Emprego, \u00e9 fruto [&hellip;]<\/p>\n","protected":false},"author":2,"featured_media":78419,"comment_status":"open","ping_status":"open","sticky":false,"template":"","format":"standard","meta":{"advanced_seo_description":"","jetpack_seo_html_title":"","jetpack_seo_noindex":false,"_jetpack_memberships_contains_paid_content":false,"footnotes":""},"categories":[40],"tags":[],"class_list":{"0":"post-78418","1":"post","2":"type-post","3":"status-publish","4":"format-standard","5":"has-post-thumbnail","7":"category-destaques"},"jetpack_featured_media_url":"https:\/\/www.paranapraia.com.br\/wp-content\/uploads\/2026\/04\/20220317_112850-scaled.jpg","jetpack_sharing_enabled":true,"_links":{"self":[{"href":"https:\/\/www.paranapraia.com.br\/index.php\/wp-json\/wp\/v2\/posts\/78418"}],"collection":[{"href":"https:\/\/www.paranapraia.com.br\/index.php\/wp-json\/wp\/v2\/posts"}],"about":[{"href":"https:\/\/www.paranapraia.com.br\/index.php\/wp-json\/wp\/v2\/types\/post"}],"author":[{"embeddable":true,"href":"https:\/\/www.paranapraia.com.br\/index.php\/wp-json\/wp\/v2\/users\/2"}],"replies":[{"embeddable":true,"href":"https:\/\/www.paranapraia.com.br\/index.php\/wp-json\/wp\/v2\/comments?post=78418"}],"version-history":[{"count":1,"href":"https:\/\/www.paranapraia.com.br\/index.php\/wp-json\/wp\/v2\/posts\/78418\/revisions"}],"predecessor-version":[{"id":78420,"href":"https:\/\/www.paranapraia.com.br\/index.php\/wp-json\/wp\/v2\/posts\/78418\/revisions\/78420"}],"wp:featuredmedia":[{"embeddable":true,"href":"https:\/\/www.paranapraia.com.br\/index.php\/wp-json\/wp\/v2\/media\/78419"}],"wp:attachment":[{"href":"https:\/\/www.paranapraia.com.br\/index.php\/wp-json\/wp\/v2\/media?parent=78418"}],"wp:term":[{"taxonomy":"category","embeddable":true,"href":"https:\/\/www.paranapraia.com.br\/index.php\/wp-json\/wp\/v2\/categories?post=78418"},{"taxonomy":"post_tag","embeddable":true,"href":"https:\/\/www.paranapraia.com.br\/index.php\/wp-json\/wp\/v2\/tags?post=78418"}],"curies":[{"name":"wp","href":"https:\/\/api.w.org\/{rel}","templated":true}]}}