{"id":78415,"date":"2026-04-30T12:09:10","date_gmt":"2026-04-30T15:09:10","guid":{"rendered":"https:\/\/www.paranapraia.com.br\/?p=78415"},"modified":"2026-04-30T12:09:12","modified_gmt":"2026-04-30T15:09:12","slug":"sanepar-vai-distribuir-72-mil-copos-de-agua-na-maratona-internacional-do-parana","status":"publish","type":"post","link":"https:\/\/www.paranapraia.com.br\/index.php\/2026\/04\/30\/sanepar-vai-distribuir-72-mil-copos-de-agua-na-maratona-internacional-do-parana\/","title":{"rendered":"Sanepar vai distribuir 72 mil copos de \u00e1gua na Maratona Internacional do Paran\u00e1"},"content":{"rendered":"\n<p>Para ajudar no bom desempenho dos 20 mil atletas que v\u00e3o participar da Maratona Internacional do Paran\u00e1 (MIP), a Companhia de Saneamento do Paran\u00e1 (Sanepar) vai distribuir 72 mil copos de \u00e1gua tratada nas provas deste s\u00e1bado (2) e domingo (3). O suporte atende aos competidores que v\u00e3o percorrer as dist\u00e2ncias de 42 km, 21 km, 10 km e 5 km, com parte do percurso sobre a Ponte de Guaratuba, que ser\u00e1 inaugurada nesta sexta-feira (1\u00ba).<\/p>\n\n\n\n<p>As provas percorrem os munic\u00edpios de Guaratuba e Matinhos e t\u00eam como grande destaque a travessia pela nova ponte, integrando o cen\u00e1rio esportivo a uma das obras mais importantes da infraestrutura paranaense. Toda a movimenta\u00e7\u00e3o ser\u00e1\u00a0transmitida pela TV Paran\u00e1 Turismo.<\/p>\n\n\n\n<p>\u201cA Sanepar tem orgulho de estar presente em um momento t\u00e3o emblem\u00e1tico para o Paran\u00e1, promovendo a seguran\u00e7a h\u00eddrica de corredores profissionais e amadores nesta maratona, que celebra o esporte e a concretiza\u00e7\u00e3o de um sonho dos paranaenses, a Ponte de Guaratuba\u201d, afirma o diretor-presidente da Sanepar, Wilson Bley.<\/p>\n\n\n\n<p><strong>CELEBRA\u00c7\u00c3O HIST\u00d3RICA&nbsp;<\/strong>\u2013<strong>&nbsp;<\/strong>A a\u00e7\u00e3o refor\u00e7a o compromisso da Sanepar com o bem-estar da popula\u00e7\u00e3o e com os grandes eventos que promovem o Estado, celebrando a entrega da hist\u00f3rica ponte que liga os munic\u00edpios de Matinhos e Guaratuba.<\/p>\n\n\n\n<p>Os milhares de copos de \u00e1gua ser\u00e3o distribu\u00eddos nos pontos de hidrata\u00e7\u00e3o dos percursos, definidos pelos organizadores da MIP. \u201c\u00c1gua \u00e9 sin\u00f4nimo de sa\u00fade e de qualidade de vida, fundamentais para quem desafia seus limites em uma corrida de rua dessa magnitude. A entrega desses 72 mil copos \u00e9 nossa forma de incentivar o esporte neste evento que ser\u00e1 um marco na vida dos participantes\u201d, afirma a diretora adjunta de Comunica\u00e7\u00e3o e Marketing da Sanepar, Melissa Ferreira.<\/p>\n\n\n\n<p>A Maratona Internacional do Paran\u00e1 promete n\u00e3o apenas movimentar atletas e espectadores, mas consolidar o Litoral como palco de grandes eventos esportivos, em um fim de semana que ser\u00e1 hist\u00f3rico para o Estado.<\/p>\n\n\n\n<p><strong>TURISMO ESPORTIVO E ELITE DA CORRIDA&nbsp;<\/strong>\u2013<strong>&nbsp;<\/strong>O n\u00famero de inscritos para um \u00fanico evento de corrida de rua no Estado \u00e9 recorde. A prova atraiu diversos perfis de p\u00fablico, especialmente aqueles que buscam a experi\u00eancia de passar sobre a nova ponte, principal cart\u00e3o-postal da corrida, em uma combina\u00e7\u00e3o de atividade f\u00edsica e turismo esportivo.<\/p>\n\n\n\n<p>Tamb\u00e9m estar\u00e3o no asfalto atletas profissionais de elite, que concorrem a uma premia\u00e7\u00e3o total que ultrapassa R$ 300 mil. O destaque fica para os campe\u00f5es da maratona (42 km), que receber\u00e3o R$ 50 mil cada, nas categorias masculina e feminina, al\u00e9m de b\u00f4nus de R$ 10 mil para o primeiro brasileiro e a primeira brasileira a cruzarem a linha de chegada.<\/p>\n\n\n\n<p>AEN\/PR<\/p>\n","protected":false},"excerpt":{"rendered":"<p>Para ajudar no bom desempenho dos 20 mil atletas que v\u00e3o participar da Maratona Internacional do Paran\u00e1 (MIP), a Companhia de Saneamento do Paran\u00e1 (Sanepar) vai distribuir 72 mil copos de \u00e1gua tratada nas provas deste s\u00e1bado (2) e domingo (3). O suporte atende aos competidores que v\u00e3o percorrer as dist\u00e2ncias de 42 km, 21 [&hellip;]<\/p>\n","protected":false},"author":2,"featured_media":78416,"comment_status":"open","ping_status":"open","sticky":false,"template":"","format":"standard","meta":{"advanced_seo_description":"","jetpack_seo_html_title":"","jetpack_seo_noindex":false,"_jetpack_memberships_contains_paid_content":false,"footnotes":""},"categories":[40],"tags":[],"class_list":{"0":"post-78415","1":"post","2":"type-post","3":"status-publish","4":"format-standard","5":"has-post-thumbnail","7":"category-destaques"},"jetpack_featured_media_url":"https:\/\/www.paranapraia.com.br\/wp-content\/uploads\/2026\/04\/foto_hidratacao_corrida_agua_sanepar_andre_thiago_sanepar_1.jpg","jetpack_sharing_enabled":true,"_links":{"self":[{"href":"https:\/\/www.paranapraia.com.br\/index.php\/wp-json\/wp\/v2\/posts\/78415"}],"collection":[{"href":"https:\/\/www.paranapraia.com.br\/index.php\/wp-json\/wp\/v2\/posts"}],"about":[{"href":"https:\/\/www.paranapraia.com.br\/index.php\/wp-json\/wp\/v2\/types\/post"}],"author":[{"embeddable":true,"href":"https:\/\/www.paranapraia.com.br\/index.php\/wp-json\/wp\/v2\/users\/2"}],"replies":[{"embeddable":true,"href":"https:\/\/www.paranapraia.com.br\/index.php\/wp-json\/wp\/v2\/comments?post=78415"}],"version-history":[{"count":1,"href":"https:\/\/www.paranapraia.com.br\/index.php\/wp-json\/wp\/v2\/posts\/78415\/revisions"}],"predecessor-version":[{"id":78417,"href":"https:\/\/www.paranapraia.com.br\/index.php\/wp-json\/wp\/v2\/posts\/78415\/revisions\/78417"}],"wp:featuredmedia":[{"embeddable":true,"href":"https:\/\/www.paranapraia.com.br\/index.php\/wp-json\/wp\/v2\/media\/78416"}],"wp:attachment":[{"href":"https:\/\/www.paranapraia.com.br\/index.php\/wp-json\/wp\/v2\/media?parent=78415"}],"wp:term":[{"taxonomy":"category","embeddable":true,"href":"https:\/\/www.paranapraia.com.br\/index.php\/wp-json\/wp\/v2\/categories?post=78415"},{"taxonomy":"post_tag","embeddable":true,"href":"https:\/\/www.paranapraia.com.br\/index.php\/wp-json\/wp\/v2\/tags?post=78415"}],"curies":[{"name":"wp","href":"https:\/\/api.w.org\/{rel}","templated":true}]}}