{"id":78402,"date":"2026-04-29T11:58:46","date_gmt":"2026-04-29T14:58:46","guid":{"rendered":"https:\/\/www.paranapraia.com.br\/?p=78402"},"modified":"2026-04-29T11:59:22","modified_gmt":"2026-04-29T14:59:22","slug":"defesa-civil-alerta-para-risco-de-tempestades-e-granizo-nesta-quarta-feira-no-parana","status":"publish","type":"post","link":"https:\/\/www.paranapraia.com.br\/index.php\/2026\/04\/29\/defesa-civil-alerta-para-risco-de-tempestades-e-granizo-nesta-quarta-feira-no-parana\/","title":{"rendered":"Defesa Civil alerta para risco de tempestades e granizo nesta quarta-feira no Paran\u00e1"},"content":{"rendered":"\n<p>A Defesa Civil do Paran\u00e1 emitiu seis alertas de risco alto para as regi\u00f5es Oeste e Centro-Sul na manh\u00e3 desta quarta-feira (29), com destaque para os munic\u00edpios de Toledo, Corb\u00e9lia, Cafel\u00e2ndia e Laranjeiras do Sul. H\u00e1 possibilidade de tempestades severas na faixa central do estado, desde a divisa com o Mato Grosso do Sul at\u00e9 o Litoral norte. A instabilidade pode provocar vendavais com chuva de granizo nas regi\u00f5es Oeste, parte do Noroeste, Centro e Regi\u00e3o Metropolitana de Curitiba.<\/p>\n\n\n\n<p>As condi\u00e7\u00f5es s\u00e3o decorrentes do aumento significativo da instabilidade devido ao avan\u00e7o de um cavado meteorol\u00f3gico e elevado fluxo de umidade vindo da bacia amaz\u00f4nica. A situa\u00e7\u00e3o \u00e9 prop\u00edcia para a forma\u00e7\u00e3o de tempestades, com chuva forte em curto per\u00edodo de tempo, intensas rajadas de vento e queda de granizo. Essas situa\u00e7\u00f5es podem provocar queda de galhos de \u00e1rvores, alagamentos, destelhamentos, danos em planta\u00e7\u00f5es, redu\u00e7\u00e3o da visibilidade em estradas e interrup\u00e7\u00e3o no fornecimento de energia.&nbsp;<\/p>\n\n\n\n<p><strong>ALERTAS \u2013&nbsp;<\/strong>O monitoramento da Defesa Civil Estadual \u00e9 realizado 24 horas por dia com apoio de meteorologistas do Sistema de Tecnologia e Monitoramento Ambiental do Paran\u00e1 (Simepar). A estrutura do Centro Estadual de Gerenciamento de Riscos e Desastres acompanha as condi\u00e7\u00f5es para o envio de alertas em caso de condi\u00e7\u00f5es mais severas.<\/p>\n\n\n\n<p>Para receber os alertas da Defesa Civil \u00e9 preciso efetuar um cadastro gratuito. Voc\u00ea deve enviar o seu CEP por SMS para o&nbsp;<strong>n\u00famero 40199<\/strong>&nbsp;para se habilitar a receber as mensagens. \u00c9 tamb\u00e9m poss\u00edvel receber os alertas por WhatsApp. Para isso, \u00e9 necess\u00e1rio cadastrar o n\u00famero&nbsp;<strong>61 2034-2611<\/strong>&nbsp;e interagir com o n\u00famero, podendo se cadastrar a partir do CEP, do munic\u00edpio ou da localiza\u00e7\u00e3o.<\/p>\n\n\n\n<p>AEN\/PR<\/p>\n","protected":false},"excerpt":{"rendered":"<p>A Defesa Civil do Paran\u00e1 emitiu seis alertas de risco alto para as regi\u00f5es Oeste e Centro-Sul na manh\u00e3 desta quarta-feira (29), com destaque para os munic\u00edpios de Toledo, Corb\u00e9lia, Cafel\u00e2ndia e Laranjeiras do Sul. H\u00e1 possibilidade de tempestades severas na faixa central do estado, desde a divisa com o Mato Grosso do Sul at\u00e9 [&hellip;]<\/p>\n","protected":false},"author":2,"featured_media":78403,"comment_status":"open","ping_status":"open","sticky":false,"template":"","format":"standard","meta":{"advanced_seo_description":"","jetpack_seo_html_title":"","jetpack_seo_noindex":false,"_jetpack_memberships_contains_paid_content":false,"footnotes":""},"categories":[84],"tags":[],"class_list":{"0":"post-78402","1":"post","2":"type-post","3":"status-publish","4":"format-standard","5":"has-post-thumbnail","7":"category-clima"},"jetpack_featured_media_url":"https:\/\/www.paranapraia.com.br\/wp-content\/uploads\/2026\/04\/mapa_simpear-scaled.jpg","jetpack_sharing_enabled":true,"_links":{"self":[{"href":"https:\/\/www.paranapraia.com.br\/index.php\/wp-json\/wp\/v2\/posts\/78402"}],"collection":[{"href":"https:\/\/www.paranapraia.com.br\/index.php\/wp-json\/wp\/v2\/posts"}],"about":[{"href":"https:\/\/www.paranapraia.com.br\/index.php\/wp-json\/wp\/v2\/types\/post"}],"author":[{"embeddable":true,"href":"https:\/\/www.paranapraia.com.br\/index.php\/wp-json\/wp\/v2\/users\/2"}],"replies":[{"embeddable":true,"href":"https:\/\/www.paranapraia.com.br\/index.php\/wp-json\/wp\/v2\/comments?post=78402"}],"version-history":[{"count":1,"href":"https:\/\/www.paranapraia.com.br\/index.php\/wp-json\/wp\/v2\/posts\/78402\/revisions"}],"predecessor-version":[{"id":78404,"href":"https:\/\/www.paranapraia.com.br\/index.php\/wp-json\/wp\/v2\/posts\/78402\/revisions\/78404"}],"wp:featuredmedia":[{"embeddable":true,"href":"https:\/\/www.paranapraia.com.br\/index.php\/wp-json\/wp\/v2\/media\/78403"}],"wp:attachment":[{"href":"https:\/\/www.paranapraia.com.br\/index.php\/wp-json\/wp\/v2\/media?parent=78402"}],"wp:term":[{"taxonomy":"category","embeddable":true,"href":"https:\/\/www.paranapraia.com.br\/index.php\/wp-json\/wp\/v2\/categories?post=78402"},{"taxonomy":"post_tag","embeddable":true,"href":"https:\/\/www.paranapraia.com.br\/index.php\/wp-json\/wp\/v2\/tags?post=78402"}],"curies":[{"name":"wp","href":"https:\/\/api.w.org\/{rel}","templated":true}]}}