{"id":78399,"date":"2026-04-29T10:50:26","date_gmt":"2026-04-29T13:50:26","guid":{"rendered":"https:\/\/www.paranapraia.com.br\/?p=78399"},"modified":"2026-04-29T10:50:28","modified_gmt":"2026-04-29T13:50:28","slug":"periodo-de-defeso-do-camarao-termina-nesta-quinta-feira-no-parana","status":"publish","type":"post","link":"https:\/\/www.paranapraia.com.br\/index.php\/2026\/04\/29\/periodo-de-defeso-do-camarao-termina-nesta-quinta-feira-no-parana\/","title":{"rendered":"Per\u00edodo de defeso do camar\u00e3o termina nesta quinta-feira no Paran\u00e1"},"content":{"rendered":"\n<p>A pesca dos camar\u00f5es rosa, sete-barbas, branco, santana e barba-ru\u00e7a por meio de arrasto com tra\u00e7\u00e3o motorizada em mar aberto voltar\u00e1 a ser permitida no Paran\u00e1 a partir desta sexta-feira (1\u00ba), ap\u00f3s o fim do per\u00edodo de defeso da esp\u00e9cie. A medida segue Instru\u00e7\u00e3o Normativa do Instituto Brasileiro do Meio Ambiente e dos Recursos Naturais Renov\u00e1veis (Ibama) e visa garantir a reprodu\u00e7\u00e3o dos crust\u00e1ceos, sem preju\u00edzos ao ecossistema durante os nove meses de atividades explorat\u00f3rias.<\/p>\n\n\n\n<p>Agente de execu\u00e7\u00e3o e fiscal de meio ambiente do Instituto \u00c1gua e Terra (IAT), S\u00e9rgio Augusto da Silva explica que, apesar da libera\u00e7\u00e3o, h\u00e1 um limite geogr\u00e1fico para a pesca, que deve se dar fora do per\u00edmetro de uma milha n\u00e1utica (cerca de 1,8 quil\u00f4metro). Al\u00e9m disso, destaca ele, as embarca\u00e7\u00f5es precisam estar registradas na Capitania dos Portos; h\u00e1 uma lista de equipamentos que podem ser utilizados; e os tripulantes necessitam estar com as carteiras de pesca em dia, com o documento a bordo.<\/p>\n\n\n\n<p>\u201cO per\u00edodo de proibi\u00e7\u00e3o de pesca \u00e9 de extrema import\u00e2ncia para o equil\u00edbrio do sistema ambiental. Garantimos, com a medida, a reprodu\u00e7\u00e3o dos camar\u00f5es, fazendo com que essas esp\u00e9cies n\u00e3o sejam extintas\u201d, diz o agente.<\/p>\n\n\n\n<p>\u201cAgora, com o fim do defeso, precisamos que os pescadores sigam as regras determinadas pela legisla\u00e7\u00e3o. O IAT segue fiscalizando em prol da prote\u00e7\u00e3o das esp\u00e9cies\u201d, acrescenta.<\/p>\n\n\n\n<p>Al\u00e9m do IAT, a fiscaliza\u00e7\u00e3o no Estado se d\u00e1 por meio de opera\u00e7\u00f5es do Batalh\u00e3o de Pol\u00edcia Militar Ambiental (BPMA) e do Ibama.<\/p>\n\n\n\n<p><strong>COMO FUNCIONA&nbsp;<\/strong>\u2013 A pesca de arrasto com tra\u00e7\u00e3o motorizada \u00e9 vetada durante esses tr\u00eas meses por ser um m\u00e9todo industrial de captura, recolhendo milhares de camar\u00f5es de uma s\u00f3 vez, o que pode prejudicar seu per\u00edodo de reprodu\u00e7\u00e3o e, por consequ\u00eancia, a manuten\u00e7\u00e3o de suas popula\u00e7\u00f5es.<\/p>\n\n\n\n<p>AEN\/PR<\/p>\n","protected":false},"excerpt":{"rendered":"<p>A pesca dos camar\u00f5es rosa, sete-barbas, branco, santana e barba-ru\u00e7a por meio de arrasto com tra\u00e7\u00e3o motorizada em mar aberto voltar\u00e1 a ser permitida no Paran\u00e1 a partir desta sexta-feira (1\u00ba), ap\u00f3s o fim do per\u00edodo de defeso da esp\u00e9cie. A medida segue Instru\u00e7\u00e3o Normativa do Instituto Brasileiro do Meio Ambiente e dos Recursos Naturais [&hellip;]<\/p>\n","protected":false},"author":2,"featured_media":78400,"comment_status":"open","ping_status":"open","sticky":false,"template":"","format":"standard","meta":{"advanced_seo_description":"","jetpack_seo_html_title":"","jetpack_seo_noindex":false,"_jetpack_memberships_contains_paid_content":false,"footnotes":""},"categories":[40],"tags":[],"class_list":{"0":"post-78399","1":"post","2":"type-post","3":"status-publish","4":"format-standard","5":"has-post-thumbnail","7":"category-destaques"},"jetpack_featured_media_url":"https:\/\/www.paranapraia.com.br\/wp-content\/uploads\/2026\/04\/camarao_000-scaled.jpg","jetpack_sharing_enabled":true,"_links":{"self":[{"href":"https:\/\/www.paranapraia.com.br\/index.php\/wp-json\/wp\/v2\/posts\/78399"}],"collection":[{"href":"https:\/\/www.paranapraia.com.br\/index.php\/wp-json\/wp\/v2\/posts"}],"about":[{"href":"https:\/\/www.paranapraia.com.br\/index.php\/wp-json\/wp\/v2\/types\/post"}],"author":[{"embeddable":true,"href":"https:\/\/www.paranapraia.com.br\/index.php\/wp-json\/wp\/v2\/users\/2"}],"replies":[{"embeddable":true,"href":"https:\/\/www.paranapraia.com.br\/index.php\/wp-json\/wp\/v2\/comments?post=78399"}],"version-history":[{"count":1,"href":"https:\/\/www.paranapraia.com.br\/index.php\/wp-json\/wp\/v2\/posts\/78399\/revisions"}],"predecessor-version":[{"id":78401,"href":"https:\/\/www.paranapraia.com.br\/index.php\/wp-json\/wp\/v2\/posts\/78399\/revisions\/78401"}],"wp:featuredmedia":[{"embeddable":true,"href":"https:\/\/www.paranapraia.com.br\/index.php\/wp-json\/wp\/v2\/media\/78400"}],"wp:attachment":[{"href":"https:\/\/www.paranapraia.com.br\/index.php\/wp-json\/wp\/v2\/media?parent=78399"}],"wp:term":[{"taxonomy":"category","embeddable":true,"href":"https:\/\/www.paranapraia.com.br\/index.php\/wp-json\/wp\/v2\/categories?post=78399"},{"taxonomy":"post_tag","embeddable":true,"href":"https:\/\/www.paranapraia.com.br\/index.php\/wp-json\/wp\/v2\/tags?post=78399"}],"curies":[{"name":"wp","href":"https:\/\/api.w.org\/{rel}","templated":true}]}}