{"id":78393,"date":"2026-04-29T10:42:44","date_gmt":"2026-04-29T13:42:44","guid":{"rendered":"https:\/\/www.paranapraia.com.br\/?p=78393"},"modified":"2026-04-29T10:42:47","modified_gmt":"2026-04-29T13:42:47","slug":"trafego-de-veiculos-da-ponte-de-guaratuba-sera-liberado-no-domingo-as-13h","status":"publish","type":"post","link":"https:\/\/www.paranapraia.com.br\/index.php\/2026\/04\/29\/trafego-de-veiculos-da-ponte-de-guaratuba-sera-liberado-no-domingo-as-13h\/","title":{"rendered":"Tr\u00e1fego de ve\u00edculos da Ponte de Guaratuba ser\u00e1 liberado no domingo, \u00e0s 13h"},"content":{"rendered":"\n<p>A libera\u00e7\u00e3o do tr\u00e1fego na Ponte de Guaratuba j\u00e1 tem data e hor\u00e1rio: ser\u00e1 no domingo (3), \u00e0s 13h. A abertura para ve\u00edculos acontece ap\u00f3s a realiza\u00e7\u00e3o da Maratona Internacional do Paran\u00e1 (MIP), que acontece no fim de semana e deve reunir 20 mil atletas no s\u00e1bado (2) e no domingo pela manh\u00e3. A inaugura\u00e7\u00e3o oficial est\u00e1 marcada para o fim da tarde de sexta-feira (1\u00ba).<\/p>\n\n\n\n<p>A libera\u00e7\u00e3o para a passagem de ve\u00edculos ser\u00e1 feita de maneira simb\u00f3lica pelo governador Carlos Massa Ratinho Junior e o controle do fluxo de ve\u00edculos ser\u00e1 feito pela Pol\u00edcia Rodovi\u00e1ria Estadual (PRE) e agentes de tr\u00e2nsito do Departamento de Estradas de Rodagem do Paran\u00e1 (DER\/PR), autarquia da Secretaria de Estado de Infraestrutura e Log\u00edstica (SEIL).<\/p>\n\n\n\n<p>At\u00e9 a abertura da ponte, a travessia por ferry boat na Ba\u00eda de Guaratuba continuar\u00e1 funcionando normalmente. E mesmo ap\u00f3s a abertura o ferry continuar\u00e1 \u00e0 disposi\u00e7\u00e3o para eventuais necessidades, mas j\u00e1 em etapa de desmobiliza\u00e7\u00e3o dos trabalhos.&nbsp;<\/p>\n\n\n\n<p>A estrutura tem 1.240 metros de extens\u00e3o, com quatro faixas de tr\u00e1fego, duas faixas de seguran\u00e7a em cada sentido, cal\u00e7adas com ciclovia e guarda-corpos. Contando com os acessos na PR-412, a obra compreende cerca de 3 quil\u00f4metros ao todo. A velocidade m\u00e1xima permitida \u00e9 de 60 km\/h, mas no momento de libera\u00e7\u00e3o, os ve\u00edculos devem trafegar mais devagar.<\/p>\n\n\n\n<p>Esperada h\u00e1 mais de 40 anos, a obra conecta Guaratuba a Matinhos e d\u00e1 mais agilidade \u00e0 travessia, sendo uma alternativa \u00e0s instabilidades do ferry boat. O Governo do Estado investiu mais de R$ 400 milh\u00f5es na obra, executada pelo Cons\u00f3rcio Nova Ponte.<\/p>\n\n\n\n<p>AEN\/PR<\/p>\n","protected":false},"excerpt":{"rendered":"<p>A libera\u00e7\u00e3o do tr\u00e1fego na Ponte de Guaratuba j\u00e1 tem data e hor\u00e1rio: ser\u00e1 no domingo (3), \u00e0s 13h. A abertura para ve\u00edculos acontece ap\u00f3s a realiza\u00e7\u00e3o da Maratona Internacional do Paran\u00e1 (MIP), que acontece no fim de semana e deve reunir 20 mil atletas no s\u00e1bado (2) e no domingo pela manh\u00e3. A inaugura\u00e7\u00e3o [&hellip;]<\/p>\n","protected":false},"author":2,"featured_media":78394,"comment_status":"open","ping_status":"open","sticky":false,"template":"","format":"standard","meta":{"advanced_seo_description":"","jetpack_seo_html_title":"","jetpack_seo_noindex":false,"_jetpack_memberships_contains_paid_content":false,"footnotes":""},"categories":[40,99],"tags":[],"class_list":{"0":"post-78393","1":"post","2":"type-post","3":"status-publish","4":"format-standard","5":"has-post-thumbnail","7":"category-destaques","8":"category-guaratuba"},"jetpack_featured_media_url":"https:\/\/www.paranapraia.com.br\/wp-content\/uploads\/2026\/04\/whatsapp_image_2026-04-22_at_11.49.27_12.jpg","jetpack_sharing_enabled":true,"_links":{"self":[{"href":"https:\/\/www.paranapraia.com.br\/index.php\/wp-json\/wp\/v2\/posts\/78393"}],"collection":[{"href":"https:\/\/www.paranapraia.com.br\/index.php\/wp-json\/wp\/v2\/posts"}],"about":[{"href":"https:\/\/www.paranapraia.com.br\/index.php\/wp-json\/wp\/v2\/types\/post"}],"author":[{"embeddable":true,"href":"https:\/\/www.paranapraia.com.br\/index.php\/wp-json\/wp\/v2\/users\/2"}],"replies":[{"embeddable":true,"href":"https:\/\/www.paranapraia.com.br\/index.php\/wp-json\/wp\/v2\/comments?post=78393"}],"version-history":[{"count":1,"href":"https:\/\/www.paranapraia.com.br\/index.php\/wp-json\/wp\/v2\/posts\/78393\/revisions"}],"predecessor-version":[{"id":78395,"href":"https:\/\/www.paranapraia.com.br\/index.php\/wp-json\/wp\/v2\/posts\/78393\/revisions\/78395"}],"wp:featuredmedia":[{"embeddable":true,"href":"https:\/\/www.paranapraia.com.br\/index.php\/wp-json\/wp\/v2\/media\/78394"}],"wp:attachment":[{"href":"https:\/\/www.paranapraia.com.br\/index.php\/wp-json\/wp\/v2\/media?parent=78393"}],"wp:term":[{"taxonomy":"category","embeddable":true,"href":"https:\/\/www.paranapraia.com.br\/index.php\/wp-json\/wp\/v2\/categories?post=78393"},{"taxonomy":"post_tag","embeddable":true,"href":"https:\/\/www.paranapraia.com.br\/index.php\/wp-json\/wp\/v2\/tags?post=78393"}],"curies":[{"name":"wp","href":"https:\/\/api.w.org\/{rel}","templated":true}]}}