{"id":78387,"date":"2026-04-29T10:37:35","date_gmt":"2026-04-29T13:37:35","guid":{"rendered":"https:\/\/www.paranapraia.com.br\/?p=78387"},"modified":"2026-04-29T10:37:37","modified_gmt":"2026-04-29T13:37:37","slug":"paranagua-reforca-compromisso-com-a-educacao-publica-de-qualidade-e-destaca-papel-coletivo-no-dia-mundial-da-educacao","status":"publish","type":"post","link":"https:\/\/www.paranapraia.com.br\/index.php\/2026\/04\/29\/paranagua-reforca-compromisso-com-a-educacao-publica-de-qualidade-e-destaca-papel-coletivo-no-dia-mundial-da-educacao\/","title":{"rendered":"Paranagu\u00e1 refor\u00e7a compromisso com a educa\u00e7\u00e3o p\u00fablica de qualidade e destaca papel coletivo no Dia Mundial da Educa\u00e7\u00e3o"},"content":{"rendered":"\n<p>A Prefeitura de Paranagu\u00e1 refor\u00e7a seu compromisso com o desenvolvimento educacional ao celebrar o Dia Mundial da Educa\u00e7\u00e3o, neste 28 de abril<\/p>\n\n\n\n<p>De acordo com o secret\u00e1rio municipal de Educa\u00e7\u00e3o e Ensino Integral, Thiago Nascimento, mais que uma data simb\u00f3lica, o Dia Mundial da Educa\u00e7\u00e3o refor\u00e7a a import\u00e2ncia de pol\u00edticas p\u00fablicas eficientes e do envolvimento de toda a comunidade escolar na forma\u00e7\u00e3o dos estudantes.<\/p>\n\n\n\n<p>\u201cCelebrar o Dia Mundial da Educa\u00e7\u00e3o \u00e9 reafirmar o nosso compromisso com o presente e o futuro de Paranagu\u00e1. A educa\u00e7\u00e3o que queremos \u00e9 constru\u00edda de forma coletiva. Neste Dia Mundial da Educa\u00e7\u00e3o, refor\u00e7amos nosso compromisso em seguir investindo em uma educa\u00e7\u00e3o p\u00fablica de qualidade, que transforme vidas e abra caminhos para um futuro melhor para todos\u201d, destaca o secret\u00e1rio.<\/p>\n\n\n\n<p>A professora Eliza Zella, da Escola Municipal Maria Trindade, enfatiza que \u00e9 um momento de refletir sobre o papel de cada um na constru\u00e7\u00e3o de uma sociedade mais justa, onde ensinar e aprender v\u00e3o al\u00e9m do conte\u00fado.<\/p>\n\n\n\n<p>\u201cAcredito que a educa\u00e7\u00e3o dentro da escola \u00e9 constru\u00edda de forma coletiva, por muitas m\u00e3os que se complementam diariamente. N\u00e3o s\u00e3o apenas os professores, mas tamb\u00e9m toda a equipe: dire\u00e7\u00e3o, coordena\u00e7\u00e3o, funcion\u00e1rios que contribuem para formar um ambiente acolhedor e significativo para os estudantes. Cada pessoa tem um papel essencial nesse processo. Entendo que os alunos n\u00e3o chegam \u2018vazios\u2019 \u00e0 escola. Eles trazem suas hist\u00f3rias, viv\u00eancias e realidades, muitas vezes marcadas por desafios. Quando a escola reconhece essas viv\u00eancias, ela se torna mais humana e transformadora\u201d, enfatiza a professora.<\/p>\n\n\n\n<p>\u201cPara mim, o Dia da Educa\u00e7\u00e3o representa justamente essa for\u00e7a coletiva e transformadora. \u00c9 um momento de refletir sobre o papel de cada um na constru\u00e7\u00e3o de uma sociedade mais justa, onde ensinar e aprender v\u00e3o al\u00e9m do conte\u00fado: envolvem empatia, oportunidades e esperan\u00e7a\u201d, completa.<\/p>\n\n\n\n<p>A diretora Jessica Iurk, do CMEI Sathie Midorikawa, acredita que, nesse Dia da Educa\u00e7\u00e3o, \u00e9 muito importante lembrar que educar \u00e9 uma parceria exclusiva da escola, comunidade e fam\u00edlia.<\/p>\n\n\n\n<p>\u201cA sala de aula \u00e9 s\u00f3 uma parte de um processo muito maior, que come\u00e7a dentro de casa, nas rela\u00e7\u00f5es, nos exemplos e nas viv\u00eancias, mem\u00f3rias que a crian\u00e7a carrega antes mesmo de chegar \u00e0 escola. Educar \u00e9 coletivo. Essa parceria desde que seja feita com responsabilidade, respeito e di\u00e1logo deixa a crian\u00e7a segura e com maior chance de desenvolver seu conhecimento\u201d, diz a diretora.<\/p>\n\n\n\n<p>Para a professora Andr\u00e9a Elias, da Educa\u00e7\u00e3o de Jovens e Adultos (EJA), o Dia da Educa\u00e7\u00e3o \u00e9 sin\u00f4nimo das portas de entrada para o mundo.<\/p>\n\n\n\n<p>\u201cVejo a educa\u00e7\u00e3o como uma chave que abre portas para o conhecimento e crescimento pessoal. Ela vai al\u00e9m da transmiss\u00e3o de conhecimento, formando indiv\u00edduos capacitados a questionar, fazer escolhas conscientes e promover o bem. A escola prepara para a democracia, justi\u00e7a social e o desenvolvimento de habilidades de conviv\u00eancia em sociedade\u201d, enaltece a professora da EJA.<\/p>\n\n\n\n<p><strong>Dia Mundial da Educa\u00e7\u00e3o<\/strong><\/p>\n\n\n\n<p>O Dia Mundial da Educa\u00e7\u00e3o, celebrado anualmente em 28 de abril, \u00e9 um dia dedicado a reconhecer e celebrar a import\u00e2ncia da educa\u00e7\u00e3o como ferramenta fundamental para o desenvolvimento individual e social. A data foi institu\u00edda em 2000, na cidade de Dakar, no Senegal, durante o F\u00f3rum Mundial de Educa\u00e7\u00e3o.<\/p>\n\n\n\n<p>Prefeitura de Paranagu\u00e1<\/p>\n","protected":false},"excerpt":{"rendered":"<p>A Prefeitura de Paranagu\u00e1 refor\u00e7a seu compromisso com o desenvolvimento educacional ao celebrar o Dia Mundial da Educa\u00e7\u00e3o, neste 28 de abril De acordo com o secret\u00e1rio municipal de Educa\u00e7\u00e3o e Ensino Integral, Thiago Nascimento, mais que uma data simb\u00f3lica, o Dia Mundial da Educa\u00e7\u00e3o refor\u00e7a a import\u00e2ncia de pol\u00edticas p\u00fablicas eficientes e do envolvimento [&hellip;]<\/p>\n","protected":false},"author":2,"featured_media":78388,"comment_status":"open","ping_status":"open","sticky":false,"template":"","format":"standard","meta":{"advanced_seo_description":"","jetpack_seo_html_title":"","jetpack_seo_noindex":false,"_jetpack_memberships_contains_paid_content":false,"footnotes":""},"categories":[77],"tags":[],"class_list":{"0":"post-78387","1":"post","2":"type-post","3":"status-publish","4":"format-standard","5":"has-post-thumbnail","7":"category-paranagua"},"jetpack_featured_media_url":"https:\/\/www.paranapraia.com.br\/wp-content\/uploads\/2026\/04\/25143.jpg","jetpack_sharing_enabled":true,"_links":{"self":[{"href":"https:\/\/www.paranapraia.com.br\/index.php\/wp-json\/wp\/v2\/posts\/78387"}],"collection":[{"href":"https:\/\/www.paranapraia.com.br\/index.php\/wp-json\/wp\/v2\/posts"}],"about":[{"href":"https:\/\/www.paranapraia.com.br\/index.php\/wp-json\/wp\/v2\/types\/post"}],"author":[{"embeddable":true,"href":"https:\/\/www.paranapraia.com.br\/index.php\/wp-json\/wp\/v2\/users\/2"}],"replies":[{"embeddable":true,"href":"https:\/\/www.paranapraia.com.br\/index.php\/wp-json\/wp\/v2\/comments?post=78387"}],"version-history":[{"count":1,"href":"https:\/\/www.paranapraia.com.br\/index.php\/wp-json\/wp\/v2\/posts\/78387\/revisions"}],"predecessor-version":[{"id":78389,"href":"https:\/\/www.paranapraia.com.br\/index.php\/wp-json\/wp\/v2\/posts\/78387\/revisions\/78389"}],"wp:featuredmedia":[{"embeddable":true,"href":"https:\/\/www.paranapraia.com.br\/index.php\/wp-json\/wp\/v2\/media\/78388"}],"wp:attachment":[{"href":"https:\/\/www.paranapraia.com.br\/index.php\/wp-json\/wp\/v2\/media?parent=78387"}],"wp:term":[{"taxonomy":"category","embeddable":true,"href":"https:\/\/www.paranapraia.com.br\/index.php\/wp-json\/wp\/v2\/categories?post=78387"},{"taxonomy":"post_tag","embeddable":true,"href":"https:\/\/www.paranapraia.com.br\/index.php\/wp-json\/wp\/v2\/tags?post=78387"}],"curies":[{"name":"wp","href":"https:\/\/api.w.org\/{rel}","templated":true}]}}