{"id":78384,"date":"2026-04-28T15:32:34","date_gmt":"2026-04-28T18:32:34","guid":{"rendered":"https:\/\/www.paranapraia.com.br\/?p=78384"},"modified":"2026-04-28T15:32:36","modified_gmt":"2026-04-28T18:32:36","slug":"queda-das-temperaturas-saude-reforca-necessidade-da-vacinacao-para-evitar-sindromes-respiratorias","status":"publish","type":"post","link":"https:\/\/www.paranapraia.com.br\/index.php\/2026\/04\/28\/queda-das-temperaturas-saude-reforca-necessidade-da-vacinacao-para-evitar-sindromes-respiratorias\/","title":{"rendered":"Queda das temperaturas: Sa\u00fade refor\u00e7a necessidade da vacina\u00e7\u00e3o para evitar s\u00edndromes respirat\u00f3rias"},"content":{"rendered":"\n<p>Com a chegada das esta\u00e7\u00f5es mais frias, o Paran\u00e1 entra em um per\u00edodo de maior aten\u00e7\u00e3o para as S\u00edndromes Respirat\u00f3rias Agudas Graves (SRAG). Dados do boletim InfoGripe, da Funda\u00e7\u00e3o Oswaldo Cruz (FioCruz), apontam que as regi\u00f5es Sul e Sudeste est\u00e3o em alerta com risco moderado a alto para o aumento de casos, tend\u00eancia que deve se intensificar ao longo do outono e inverno.<\/p>\n\n\n\n<p>A Secretaria de Estado da Sa\u00fade do Paran\u00e1 (Sesa) destaca que o crescimento de doen\u00e7as respirat\u00f3rias nesta \u00e9poca do ano \u00e9 esperado, o que refor\u00e7a a necessidade de preven\u00e7\u00e3o, principalmente com as vacinas.<\/p>\n\n\n\n<p>V\u00edrus como Influenza, Covid-19 e o V\u00edrus Sincicial Respirat\u00f3rio (VSR), principais causadores das SRAGs, podem evoluir para quadros graves e levar a \u00f3bitos, especialmente entre os grupos mais vulner\u00e1veis.<\/p>\n\n\n\n<p>De acordo com o boletim epidemiol\u00f3gico da Sesa, nas primeiras 13 semanas de 2026, o Estado registrou 4.052 casos e 170 mortes por SRAG, n\u00fameros abaixo dos registrados em 2025, quando at\u00e9 a 14\u00aa semana epidemiol\u00f3gica foram registrados 4.520 casos de SRAG no Paran\u00e1 e 247 \u00f3bitos.<\/p>\n\n\n\n<p>A popula\u00e7\u00e3o idosa segue como a mais afetada: pessoas com mais de 80 anos concentram 24 dos \u00f3bitos registrados. Nos casos relacionados \u00e0 Influenza, a m\u00e9dia de idade das v\u00edtimas \u00e9 de 77 anos.<\/p>\n\n\n\n<p>\u201cEstamos entrando no per\u00edodo que \u00e9 sempre o mais complicado, quando os v\u00edrus circulam mais, pois as pessoas acabam ficando em ambientes mais fechados. Al\u00e9m das medidas protetivas, como evitar aglomera\u00e7\u00f5es, \u00e9 muito importante que todos busquem se vacinar. Vacina \u00e9 a melhor forma de evitar que uma gripe, por exemplo, se transforme em um problema maior de sa\u00fade\u201d, disse o secret\u00e1rio de E$stado da Sa\u00fade, C\u00e9sar Neves.<\/p>\n\n\n\n<p><strong>VACINA\u00c7\u00c3O<\/strong>&nbsp;&#8211; A Sesa refor\u00e7a que a vacina\u00e7\u00e3o continua sendo a estrat\u00e9gia mais eficaz para reduzir hospitaliza\u00e7\u00f5es, complica\u00e7\u00f5es e mortes. As vacinas contra Influenza, Covid-19 e VSR s\u00e3o fundamentais para proteger a popula\u00e7\u00e3o, principalmente os grupos priorit\u00e1rios.<\/p>\n\n\n\n<p>O Paran\u00e1 est\u00e1 em meio \u00e0 Campanha de Vacina\u00e7\u00e3o para o Influenza, que ocorre at\u00e9 30 de maio. A meta \u00e9 imunizar 90% de cada um dos grupos priorit\u00e1rios para vacina\u00e7\u00e3o de rotina contra influenza, que incluem: crian\u00e7as de 6 meses a menores de 6 anos, idosos com mais de 60 anos e gestantes.<\/p>\n\n\n\n<p>A vacina tamb\u00e9m \u00e9 ofertada a outros grupos priorit\u00e1rios como pu\u00e9rperas, povos ind\u00edgenas, quilombolas, pessoas em situa\u00e7\u00e3o de rua, pessoas com doen\u00e7as cr\u00f4nicas, com defici\u00eancia, professores, profissionais de sa\u00fade, das for\u00e7as de seguran\u00e7a e salvamento, das for\u00e7as armadas, caminhoneiros, trabalhadores de transporte coletivo rodovi\u00e1rio, portu\u00e1rios, dos correios, popula\u00e7\u00e3o privada de liberdade e funcion\u00e1rios do sistema de priva\u00e7\u00e3o de liberdade, adolescentes e jovens de 12 a 21 anos de idade sob medidas socioeducativas.<\/p>\n\n\n\n<p>O Minist\u00e9rio da Sa\u00fade (MS) enviou ao Paran\u00e1 1,798 milh\u00e3o de doses em 2026 e, destas, 1,1 milh\u00e3o foram aplicadas.<\/p>\n\n\n\n<p>O Estado possui uma estrutura com 1.850 salas de vacina\u00e7\u00e3o distribu\u00eddas nos 399 munic\u00edpios. A orienta\u00e7\u00e3o \u00e9 que a popula\u00e7\u00e3o procure a Unidade B\u00e1sica de Sa\u00fade (UBS) mais pr\u00f3xima, verifique a situa\u00e7\u00e3o vacinal e aproveite a estrat\u00e9gia de multivacina\u00e7\u00e3o para atualizar a caderneta antes da intensifica\u00e7\u00e3o do frio.<\/p>\n\n\n\n<p>A vacina contra a Covid-19 est\u00e1 dispon\u00edvel para p\u00fablicos priorit\u00e1rios, incluindo crian\u00e7as menores de 5 anos, idosos, gestantes, pessoas em institui\u00e7\u00f5es de longa perman\u00eancia, imunocomprometidos, ind\u00edgenas, ribeirinhos e quilombolas, pu\u00e9rperas, trabalhadores da sa\u00fade, pessoas com defici\u00eancia permanente ou com comorbidades, al\u00e9m de pessoas privadas de liberdade, funcion\u00e1rios do sistema prisional, adolescentes em medidas socioeducativas e pessoas em situa\u00e7\u00e3o de rua.<\/p>\n\n\n\n<p>A imuniza\u00e7\u00e3o para o V\u00edrus Sincicial Respirat\u00f3rio (VSR) tamb\u00e9m est\u00e1 \u00e0 disposi\u00e7\u00e3o para as gestantes a partir da 28\u00aa semana de gest\u00e3o, sem restri\u00e7\u00e3o de idade materna. Ela protege o rec\u00e9m-nascido nos primeiros seis meses de vida, per\u00edodo de maior vulnerabilidade para doen\u00e7as graves causadas pelo VSR, como bronquiolite e pneumonia. Neste ano foram aplicadas 33.970 doses.<\/p>\n\n\n\n<p>Al\u00e9m da vacina\u00e7\u00e3o, a Secretaria refor\u00e7a medidas simples e eficazes que ajudam a reduzir a transmiss\u00e3o de v\u00edrus respirat\u00f3rios e evitar agravamentos:<\/p>\n\n\n\n<p>&#8211; Higienize as m\u00e3os com frequ\u00eancia, especialmente antes de consumir alimentos<\/p>\n\n\n\n<p>&#8211; Utilize len\u00e7os descart\u00e1veis para higiene nasal<\/p>\n\n\n\n<p>&#8211; Cubra nariz e boca ao tossir ou espirrar<\/p>\n\n\n\n<p>&#8211; Evite tocar olhos, nariz e boca<\/p>\n\n\n\n<p>&#8211; Higienize as m\u00e3os ap\u00f3s tossir ou espirrar<\/p>\n\n\n\n<p>&#8211; N\u00e3o compartilhe objetos de uso pessoal, como talheres, pratos, copos ou garrafas<\/p>\n\n\n\n<p>&#8211; Mantenha os ambientes bem ventilados<\/p>\n\n\n\n<p>&#8211; Evite contato pr\u00f3ximo com pessoas com sintomas gripais<\/p>\n\n\n\n<p>&#8211; Evite sair de casa, se poss\u00edvel, em per\u00edodos de maior transmiss\u00e3o<\/p>\n\n\n\n<p>&#8211; Reduza a exposi\u00e7\u00e3o a aglomera\u00e7\u00f5es e ambientes fechados<\/p>\n\n\n\n<p>&#8211; Adote h\u00e1bitos saud\u00e1veis, como alimenta\u00e7\u00e3o equilibrada e ingest\u00e3o de l\u00edquidos<\/p>\n\n\n\n<p>A Sesa tamb\u00e9m orienta que, ao apresentar sintomas como febre, tosse, dor de garganta, dores no corpo ou cansa\u00e7o, a popula\u00e7\u00e3o procure atendimento m\u00e9dico o quanto antes. O diagn\u00f3stico precoce \u00e9 essencial para evitar a evolu\u00e7\u00e3o para quadros graves.<\/p>\n\n\n\n<p>AEN\/PR<\/p>\n","protected":false},"excerpt":{"rendered":"<p>Com a chegada das esta\u00e7\u00f5es mais frias, o Paran\u00e1 entra em um per\u00edodo de maior aten\u00e7\u00e3o para as S\u00edndromes Respirat\u00f3rias Agudas Graves (SRAG). Dados do boletim InfoGripe, da Funda\u00e7\u00e3o Oswaldo Cruz (FioCruz), apontam que as regi\u00f5es Sul e Sudeste est\u00e3o em alerta com risco moderado a alto para o aumento de casos, tend\u00eancia que deve [&hellip;]<\/p>\n","protected":false},"author":2,"featured_media":78385,"comment_status":"open","ping_status":"open","sticky":false,"template":"","format":"standard","meta":{"advanced_seo_description":"","jetpack_seo_html_title":"","jetpack_seo_noindex":false,"_jetpack_memberships_contains_paid_content":false,"footnotes":""},"categories":[50],"tags":[],"class_list":{"0":"post-78384","1":"post","2":"type-post","3":"status-publish","4":"format-standard","5":"has-post-thumbnail","7":"category-saude"},"jetpack_featured_media_url":"https:\/\/www.paranapraia.com.br\/wp-content\/uploads\/2026\/04\/vacina_sesa_2-scaled.jpg","jetpack_sharing_enabled":true,"_links":{"self":[{"href":"https:\/\/www.paranapraia.com.br\/index.php\/wp-json\/wp\/v2\/posts\/78384"}],"collection":[{"href":"https:\/\/www.paranapraia.com.br\/index.php\/wp-json\/wp\/v2\/posts"}],"about":[{"href":"https:\/\/www.paranapraia.com.br\/index.php\/wp-json\/wp\/v2\/types\/post"}],"author":[{"embeddable":true,"href":"https:\/\/www.paranapraia.com.br\/index.php\/wp-json\/wp\/v2\/users\/2"}],"replies":[{"embeddable":true,"href":"https:\/\/www.paranapraia.com.br\/index.php\/wp-json\/wp\/v2\/comments?post=78384"}],"version-history":[{"count":1,"href":"https:\/\/www.paranapraia.com.br\/index.php\/wp-json\/wp\/v2\/posts\/78384\/revisions"}],"predecessor-version":[{"id":78386,"href":"https:\/\/www.paranapraia.com.br\/index.php\/wp-json\/wp\/v2\/posts\/78384\/revisions\/78386"}],"wp:featuredmedia":[{"embeddable":true,"href":"https:\/\/www.paranapraia.com.br\/index.php\/wp-json\/wp\/v2\/media\/78385"}],"wp:attachment":[{"href":"https:\/\/www.paranapraia.com.br\/index.php\/wp-json\/wp\/v2\/media?parent=78384"}],"wp:term":[{"taxonomy":"category","embeddable":true,"href":"https:\/\/www.paranapraia.com.br\/index.php\/wp-json\/wp\/v2\/categories?post=78384"},{"taxonomy":"post_tag","embeddable":true,"href":"https:\/\/www.paranapraia.com.br\/index.php\/wp-json\/wp\/v2\/tags?post=78384"}],"curies":[{"name":"wp","href":"https:\/\/api.w.org\/{rel}","templated":true}]}}