{"id":78381,"date":"2026-04-28T15:30:24","date_gmt":"2026-04-28T18:30:24","guid":{"rendered":"https:\/\/www.paranapraia.com.br\/?p=78381"},"modified":"2026-04-28T15:31:19","modified_gmt":"2026-04-28T18:31:19","slug":"parana-tem-geada-e-registra-temperatura-mais-baixa-do-ano-ate-o-momento","status":"publish","type":"post","link":"https:\/\/www.paranapraia.com.br\/index.php\/2026\/04\/28\/parana-tem-geada-e-registra-temperatura-mais-baixa-do-ano-ate-o-momento\/","title":{"rendered":"Paran\u00e1 tem geada e registra temperatura mais baixa do ano at\u00e9 o momento"},"content":{"rendered":"\n<p>A ter\u00e7a-feira (28) amanheceu mais gelada no Paran\u00e1. De acordo com o Simepar (Sistema de Tecnologia e Monitoramento Ambiental do Paran\u00e1), uma massa de ar frio, na retaguarda da frente fria que se deslocou segunda-feira (27) para S\u00e3o Paulo, atingiu a regi\u00e3o Sul do Paran\u00e1, e a temperatura mais baixa de 2026 at\u00e9 o momento em todo o Estado foi registrada \u00e0s 6h, em Palmas: 3,9\u00b0C. Outras cidades que fazem divisa com Santa Catarina, como Mari\u00f3polis, General Carneiro e Clevel\u00e2ndia, tiveram registro de geada fraca.<\/p>\n\n\n\n<p>Al\u00e9m de Palmas, no amanhecer desta ter\u00e7a-feira (28), outras 17 esta\u00e7\u00f5es meteorol\u00f3gicas do Simepar registraram suas temperaturas mais baixas de 2026 at\u00e9 agora: Capanema (10,3\u00b0C), Foz do Igua\u00e7u (8,3\u00b0C), Francisco Beltr\u00e3o (5,4\u00b0C), General Carneiro (6,5\u00b0C), Gua\u00edra (14\u00b0C), Guaratuba (18,5\u00b0C), Laranjeiras do Sul (11,1\u00b0C), Loanda (17,5\u00b0C), Nova Prata do Igua\u00e7u (11,8\u00b0C), Paranagu\u00e1 (18,7\u00b0C), Pato Branco (8\u00b0C), Pinh\u00e3o (9,4\u00b0C), Santa Helena (11,2\u00b0C), S\u00e3o Miguel do Igua\u00e7u (10,1\u00b0C), Toledo (11,9\u00b0C), Uni\u00e3o da Vit\u00f3ria (8,8\u00b0C), Cascavel (11,4\u00b0C) e Cruzeiro do Igua\u00e7u (10,7\u00b0C).<\/p>\n\n\n\n<p>\u201cA massa de ar frio atingiu apenas as cidades paranaenses que fazem divisa com Santa Catarina nesta ter\u00e7a-feira. Nas outras cidades do Estado as temperaturas tamb\u00e9m ficaram mais baixas devido \u00e0 chuva e presen\u00e7a de nebulosidade\u201d, explica Lizandro Jac\u00f3bsen, meteorologista do Simepar.<\/p>\n\n\n\n<p>As temperaturas ainda ter\u00e3o oscila\u00e7\u00f5es ao longo da semana. As m\u00e1ximas ficar\u00e3o amenas, devido \u00e0 chuva. Na quarta-feira (29), um cavado meteorol\u00f3gico, em m\u00e9dios n\u00edveis da troposfera, mant\u00e9m constante o escoamento de ar \u00famido em dire\u00e7\u00e3o ao Paran\u00e1 e contribui para a manuten\u00e7\u00e3o de tempo inst\u00e1vel em todas as regi\u00f5es do Estado.<\/p>\n\n\n\n<p>\u201cAo longo do dia, pancadas de chuva com raios ocorrem, com possibilidade de alguns temporais mais severos, especialmente entre o Noroeste, Norte, Campos Gerais e Leste. Na faixa norte, as tempestades apresentam maior potencial para ocorr\u00eancia de fortes rajadas de vento. J\u00e1 entre os munic\u00edpios dos Campos Gerais e da regi\u00e3o Leste, h\u00e1 maior risco de ocorr\u00eancia de granizo em superf\u00edcie\u201d, afirma Lizandro.<\/p>\n\n\n\n<p>Na quinta (30) as temperaturas come\u00e7am a subir gradativamente, at\u00e9 atingirem os valores mais elevados desta semana durante o feriado (1\u00ba\/05), em todas as regi\u00f5es do Paran\u00e1.<\/p>\n\n\n\n<p>AEN\/PR<\/p>\n","protected":false},"excerpt":{"rendered":"<p>A ter\u00e7a-feira (28) amanheceu mais gelada no Paran\u00e1. De acordo com o Simepar (Sistema de Tecnologia e Monitoramento Ambiental do Paran\u00e1), uma massa de ar frio, na retaguarda da frente fria que se deslocou segunda-feira (27) para S\u00e3o Paulo, atingiu a regi\u00e3o Sul do Paran\u00e1, e a temperatura mais baixa de 2026 at\u00e9 o momento [&hellip;]<\/p>\n","protected":false},"author":2,"featured_media":78382,"comment_status":"open","ping_status":"open","sticky":false,"template":"","format":"standard","meta":{"advanced_seo_description":"","jetpack_seo_html_title":"","jetpack_seo_noindex":false,"_jetpack_memberships_contains_paid_content":false,"footnotes":""},"categories":[84],"tags":[],"class_list":{"0":"post-78381","1":"post","2":"type-post","3":"status-publish","4":"format-standard","5":"has-post-thumbnail","7":"category-clima"},"jetpack_featured_media_url":"https:\/\/www.paranapraia.com.br\/wp-content\/uploads\/2026\/04\/geada_parque_saojose_foto_rdziura-4833-scaled.jpg","jetpack_sharing_enabled":true,"_links":{"self":[{"href":"https:\/\/www.paranapraia.com.br\/index.php\/wp-json\/wp\/v2\/posts\/78381"}],"collection":[{"href":"https:\/\/www.paranapraia.com.br\/index.php\/wp-json\/wp\/v2\/posts"}],"about":[{"href":"https:\/\/www.paranapraia.com.br\/index.php\/wp-json\/wp\/v2\/types\/post"}],"author":[{"embeddable":true,"href":"https:\/\/www.paranapraia.com.br\/index.php\/wp-json\/wp\/v2\/users\/2"}],"replies":[{"embeddable":true,"href":"https:\/\/www.paranapraia.com.br\/index.php\/wp-json\/wp\/v2\/comments?post=78381"}],"version-history":[{"count":1,"href":"https:\/\/www.paranapraia.com.br\/index.php\/wp-json\/wp\/v2\/posts\/78381\/revisions"}],"predecessor-version":[{"id":78383,"href":"https:\/\/www.paranapraia.com.br\/index.php\/wp-json\/wp\/v2\/posts\/78381\/revisions\/78383"}],"wp:featuredmedia":[{"embeddable":true,"href":"https:\/\/www.paranapraia.com.br\/index.php\/wp-json\/wp\/v2\/media\/78382"}],"wp:attachment":[{"href":"https:\/\/www.paranapraia.com.br\/index.php\/wp-json\/wp\/v2\/media?parent=78381"}],"wp:term":[{"taxonomy":"category","embeddable":true,"href":"https:\/\/www.paranapraia.com.br\/index.php\/wp-json\/wp\/v2\/categories?post=78381"},{"taxonomy":"post_tag","embeddable":true,"href":"https:\/\/www.paranapraia.com.br\/index.php\/wp-json\/wp\/v2\/tags?post=78381"}],"curies":[{"name":"wp","href":"https:\/\/api.w.org\/{rel}","templated":true}]}}