{"id":78378,"date":"2026-04-28T15:28:48","date_gmt":"2026-04-28T18:28:48","guid":{"rendered":"https:\/\/www.paranapraia.com.br\/?p=78378"},"modified":"2026-04-28T15:28:50","modified_gmt":"2026-04-28T18:28:50","slug":"padroes-internacionais-portos-do-parana-aprova-relatorio-de-sustentabilidade","status":"publish","type":"post","link":"https:\/\/www.paranapraia.com.br\/index.php\/2026\/04\/28\/padroes-internacionais-portos-do-parana-aprova-relatorio-de-sustentabilidade\/","title":{"rendered":"Padr\u00f5es internacionais: Portos do Paran\u00e1 aprova relat\u00f3rio de sustentabilidade"},"content":{"rendered":"\n<p>O Conselho de Administra\u00e7\u00e3o (Consad) da Portos do Paran\u00e1 aprovou, nesta segunda-feira (27), o\u00a0Relat\u00f3rio de Sustentabilidade 2025\u00a0. O documento atende a uma exig\u00eancia formal para a atua\u00e7\u00e3o da empresa p\u00fablica, mas tamb\u00e9m re\u00fane informa\u00e7\u00f5es sobre as atividades desenvolvidas, com foco em boas pr\u00e1ticas, resultados operacionais e premia\u00e7\u00f5es conquistadas.<\/p>\n\n\n\n<p>Com participa\u00e7\u00e3o ativa da comunidade portu\u00e1ria, o relat\u00f3rio ficar\u00e1 dispon\u00edvel em vers\u00f5es em portugu\u00eas e ingl\u00eas. \u201cOs Portos de Paranagu\u00e1 e Antonina v\u00eam evoluindo ano a ano em suas opera\u00e7\u00f5es, e este relat\u00f3rio evidencia esse progresso, sem deixar de lado os cuidados com o meio ambiente. A elabora\u00e7\u00e3o do documento segue padr\u00f5es internacionais\u201d, destacou o diretor-presidente, Luiz Fernando Garcia.<\/p>\n\n\n\n<p>A vers\u00e3o de 2025 foi elaborada pela Superintend\u00eancia de Governan\u00e7a, em parceria com a Ger\u00eancia de Planejamento Estrat\u00e9gico (Gplanes). \u201cMais do que apresentar boas pr\u00e1ticas de sustentabilidade, esse relat\u00f3rio \u00e9 um portf\u00f3lio das nossas a\u00e7\u00f5es socioambientais e de governan\u00e7a e, principalmente, dos resultados obtidos e premia\u00e7\u00f5es conquistadas no ano\u201d, afirmou a superintendente de Governan\u00e7a, Bruna Nicolau.<\/p>\n\n\n\n<p>De acordo com Bruna, o Relat\u00f3rio de Sustentabilidade 2025 segue a metodologia da Global Reporting Initiative, refer\u00eancia internacional na divulga\u00e7\u00e3o de pr\u00e1ticas sustent\u00e1veis, al\u00e9m de contar com assegura\u00e7\u00e3o de auditores externos, garantindo a confiabilidade dos dados.<\/p>\n\n\n\n<p>Segundo a assessora da Gplanes, Renata Aguiar, o documento \u00e9 multissetorial e contou com ampla participa\u00e7\u00e3o de diferentes \u00e1reas da Portos do Paran\u00e1. \u201cTodas as \u00e1reas tiveram participa\u00e7\u00e3o ativa, enviando suas informa\u00e7\u00f5es, evid\u00eancias e comprova\u00e7\u00f5es de cada tema de forma detalhada. Assim, consolidamos nossos resultados t\u00e1ticos, estrat\u00e9gicos e operacionais\u201d, explicou.<\/p>\n\n\n\n<p>Renata destacou ainda que o relat\u00f3rio consolida iniciativas e amplia a transpar\u00eancia institucional sobre destaques, a\u00e7\u00f5es e projetos, tanto do ponto de vista ambiental quanto operacional e administrativo. \u201cUma das principais evid\u00eancias da edi\u00e7\u00e3o 2025 \u00e9 a revis\u00e3o e atualiza\u00e7\u00e3o da nossa matriz de materialidade, que segue um ciclo bienal e incorpora as percep\u00e7\u00f5es de 14 stakeholders e da administra\u00e7\u00e3o sobre os temas mais relevantes\u201d, ressaltou.<\/p>\n\n\n\n<p><strong>DIVULGA\u00c7\u00c3O<\/strong>\u00a0&#8211; Assim como nos anos anteriores, o\u00a0Relat\u00f3rio de Sustentabilidade 2025\u00a0est\u00e1 dispon\u00edvel no site da Portos do Paran\u00e1. A \u00edntegra do documento contar\u00e1 com o selo do Pacto Global da ONU, do qual a empresa se tornou participante a partir de 2025. \u201c\u00c9 mais uma forma de reafirmar o compromisso institucional da Portos do Paran\u00e1 com os Objetivos de Desenvolvimento Sustent\u00e1vel (ODS)\u201d, concluiu Bruna.<\/p>\n\n\n\n<p>AEN\/PR<\/p>\n","protected":false},"excerpt":{"rendered":"<p>O Conselho de Administra\u00e7\u00e3o (Consad) da Portos do Paran\u00e1 aprovou, nesta segunda-feira (27), o\u00a0Relat\u00f3rio de Sustentabilidade 2025\u00a0. O documento atende a uma exig\u00eancia formal para a atua\u00e7\u00e3o da empresa p\u00fablica, mas tamb\u00e9m re\u00fane informa\u00e7\u00f5es sobre as atividades desenvolvidas, com foco em boas pr\u00e1ticas, resultados operacionais e premia\u00e7\u00f5es conquistadas. Com participa\u00e7\u00e3o ativa da comunidade portu\u00e1ria, o [&hellip;]<\/p>\n","protected":false},"author":2,"featured_media":78379,"comment_status":"open","ping_status":"open","sticky":false,"template":"","format":"standard","meta":{"advanced_seo_description":"","jetpack_seo_html_title":"","jetpack_seo_noindex":false,"_jetpack_memberships_contains_paid_content":false,"footnotes":""},"categories":[74],"tags":[],"class_list":{"0":"post-78378","1":"post","2":"type-post","3":"status-publish","4":"format-standard","5":"has-post-thumbnail","7":"category-setor-portuario"},"jetpack_featured_media_url":"https:\/\/www.paranapraia.com.br\/wp-content\/uploads\/2026\/04\/img_8479_1-scaled.jpg","jetpack_sharing_enabled":true,"_links":{"self":[{"href":"https:\/\/www.paranapraia.com.br\/index.php\/wp-json\/wp\/v2\/posts\/78378"}],"collection":[{"href":"https:\/\/www.paranapraia.com.br\/index.php\/wp-json\/wp\/v2\/posts"}],"about":[{"href":"https:\/\/www.paranapraia.com.br\/index.php\/wp-json\/wp\/v2\/types\/post"}],"author":[{"embeddable":true,"href":"https:\/\/www.paranapraia.com.br\/index.php\/wp-json\/wp\/v2\/users\/2"}],"replies":[{"embeddable":true,"href":"https:\/\/www.paranapraia.com.br\/index.php\/wp-json\/wp\/v2\/comments?post=78378"}],"version-history":[{"count":1,"href":"https:\/\/www.paranapraia.com.br\/index.php\/wp-json\/wp\/v2\/posts\/78378\/revisions"}],"predecessor-version":[{"id":78380,"href":"https:\/\/www.paranapraia.com.br\/index.php\/wp-json\/wp\/v2\/posts\/78378\/revisions\/78380"}],"wp:featuredmedia":[{"embeddable":true,"href":"https:\/\/www.paranapraia.com.br\/index.php\/wp-json\/wp\/v2\/media\/78379"}],"wp:attachment":[{"href":"https:\/\/www.paranapraia.com.br\/index.php\/wp-json\/wp\/v2\/media?parent=78378"}],"wp:term":[{"taxonomy":"category","embeddable":true,"href":"https:\/\/www.paranapraia.com.br\/index.php\/wp-json\/wp\/v2\/categories?post=78378"},{"taxonomy":"post_tag","embeddable":true,"href":"https:\/\/www.paranapraia.com.br\/index.php\/wp-json\/wp\/v2\/tags?post=78378"}],"curies":[{"name":"wp","href":"https:\/\/api.w.org\/{rel}","templated":true}]}}