{"id":78375,"date":"2026-04-28T15:26:50","date_gmt":"2026-04-28T18:26:50","guid":{"rendered":"https:\/\/www.paranapraia.com.br\/?p=78375"},"modified":"2026-04-28T15:26:54","modified_gmt":"2026-04-28T18:26:54","slug":"audiencia-publica-apresenta-gestao-e-resultados-da-paranagua-previdencia-referentes-a-2025","status":"publish","type":"post","link":"https:\/\/www.paranapraia.com.br\/index.php\/2026\/04\/28\/audiencia-publica-apresenta-gestao-e-resultados-da-paranagua-previdencia-referentes-a-2025\/","title":{"rendered":"Audi\u00eancia p\u00fablica apresenta gest\u00e3o e resultados da Paranagu\u00e1 Previd\u00eancia referentes a 2025"},"content":{"rendered":"\n<p>O Instituto Paranagu\u00e1 Previd\u00eancia realiza, no dia 29 de abril, \u00e0s 10h, sua Audi\u00eancia P\u00fablica Anual, com o objetivo de apresentar \u00e0 popula\u00e7\u00e3o e aos ve\u00edculos de comunica\u00e7\u00e3o o Relat\u00f3rio de Governan\u00e7a Corporativa referente ao exerc\u00edcio de 2025. O evento acontecer\u00e1 no audit\u00f3rio da institui\u00e7\u00e3o, localizado na Rua Gabriel de Lara, 1307, no bairro Leblon, em Paranagu\u00e1.<\/p>\n\n\n\n<p>A audi\u00eancia refor\u00e7a o compromisso do instituto com a transpar\u00eancia na gest\u00e3o dos recursos p\u00fablicos, al\u00e9m de promover o di\u00e1logo com a sociedade sobre temas relacionados \u00e0 previd\u00eancia municipal. Durante o encontro, ser\u00e3o apresentados os principais instrumentos de gest\u00e3o do Regime Pr\u00f3prio de Previd\u00eancia Social (RPPS), incluindo os resultados da Pol\u00edtica de Investimentos de 2025 e a Avalia\u00e7\u00e3o Atuarial do per\u00edodo.<\/p>\n\n\n\n<p>Tamb\u00e9m estar\u00e1 em pauta o desempenho dos investimentos no primeiro trimestre de 2026, permitindo uma an\u00e1lise atualizada da sa\u00fade financeira do sistema previdenci\u00e1rio do munic\u00edpio.<\/p>\n\n\n\n<p>O evento contar\u00e1 com a presen\u00e7a de segurados, representantes dos poderes Executivo e Legislativo e membros da sociedade civil. A proposta \u00e9 criar um espa\u00e7o aberto para esclarecimentos, troca de informa\u00e7\u00f5es e participa\u00e7\u00e3o ativa da popula\u00e7\u00e3o no acompanhamento da gest\u00e3o previdenci\u00e1ria.<\/p>\n\n\n\n<p>&#8220;A participa\u00e7\u00e3o de servidores p\u00fablicos, aposentados, pensionistas e demais cidad\u00e3os \u00e9 fundamental para fortalecer o controle social e contribuir para o aprimoramento das pol\u00edticas p\u00fablicas&#8221;, destaca o presidente da autarquia, Ali Kadri.<\/p>\n\n\n\n<p>A audi\u00eancia p\u00fablica \u00e9 considerada um momento importante de presta\u00e7\u00e3o de contas e constru\u00e7\u00e3o coletiva, ampliando o acesso \u00e0s informa\u00e7\u00f5es e incentivando a participa\u00e7\u00e3o da comunidade nas decis\u00f5es que impactam diretamente o futuro previdenci\u00e1rio do munic\u00edpio.<\/p>\n\n\n\n<p>Assista on-line pelo link:&nbsp;<a href=\"https:\/\/www.youtube.com\/live\/WcLo15MSa2A?si=QT025AFuGWkRTx8r\">https:\/\/www.youtube.com\/live\/WcLo15MSa2A?si=QT025AFuGWkRTx8r<\/a><\/p>\n","protected":false},"excerpt":{"rendered":"<p>O Instituto Paranagu\u00e1 Previd\u00eancia realiza, no dia 29 de abril, \u00e0s 10h, sua Audi\u00eancia P\u00fablica Anual, com o objetivo de apresentar \u00e0 popula\u00e7\u00e3o e aos ve\u00edculos de comunica\u00e7\u00e3o o Relat\u00f3rio de Governan\u00e7a Corporativa referente ao exerc\u00edcio de 2025. O evento acontecer\u00e1 no audit\u00f3rio da institui\u00e7\u00e3o, localizado na Rua Gabriel de Lara, 1307, no bairro Leblon, [&hellip;]<\/p>\n","protected":false},"author":2,"featured_media":78376,"comment_status":"open","ping_status":"open","sticky":false,"template":"","format":"standard","meta":{"advanced_seo_description":"","jetpack_seo_html_title":"","jetpack_seo_noindex":false,"_jetpack_memberships_contains_paid_content":false,"footnotes":""},"categories":[77],"tags":[],"class_list":{"0":"post-78375","1":"post","2":"type-post","3":"status-publish","4":"format-standard","5":"has-post-thumbnail","7":"category-paranagua"},"jetpack_featured_media_url":"https:\/\/www.paranapraia.com.br\/wp-content\/uploads\/2026\/04\/25128.jpg","jetpack_sharing_enabled":true,"_links":{"self":[{"href":"https:\/\/www.paranapraia.com.br\/index.php\/wp-json\/wp\/v2\/posts\/78375"}],"collection":[{"href":"https:\/\/www.paranapraia.com.br\/index.php\/wp-json\/wp\/v2\/posts"}],"about":[{"href":"https:\/\/www.paranapraia.com.br\/index.php\/wp-json\/wp\/v2\/types\/post"}],"author":[{"embeddable":true,"href":"https:\/\/www.paranapraia.com.br\/index.php\/wp-json\/wp\/v2\/users\/2"}],"replies":[{"embeddable":true,"href":"https:\/\/www.paranapraia.com.br\/index.php\/wp-json\/wp\/v2\/comments?post=78375"}],"version-history":[{"count":1,"href":"https:\/\/www.paranapraia.com.br\/index.php\/wp-json\/wp\/v2\/posts\/78375\/revisions"}],"predecessor-version":[{"id":78377,"href":"https:\/\/www.paranapraia.com.br\/index.php\/wp-json\/wp\/v2\/posts\/78375\/revisions\/78377"}],"wp:featuredmedia":[{"embeddable":true,"href":"https:\/\/www.paranapraia.com.br\/index.php\/wp-json\/wp\/v2\/media\/78376"}],"wp:attachment":[{"href":"https:\/\/www.paranapraia.com.br\/index.php\/wp-json\/wp\/v2\/media?parent=78375"}],"wp:term":[{"taxonomy":"category","embeddable":true,"href":"https:\/\/www.paranapraia.com.br\/index.php\/wp-json\/wp\/v2\/categories?post=78375"},{"taxonomy":"post_tag","embeddable":true,"href":"https:\/\/www.paranapraia.com.br\/index.php\/wp-json\/wp\/v2\/tags?post=78375"}],"curies":[{"name":"wp","href":"https:\/\/api.w.org\/{rel}","templated":true}]}}