{"id":78372,"date":"2026-04-28T15:24:43","date_gmt":"2026-04-28T18:24:43","guid":{"rendered":"https:\/\/www.paranapraia.com.br\/?p=78372"},"modified":"2026-04-28T15:24:46","modified_gmt":"2026-04-28T18:24:46","slug":"ponte-de-guaratuba-tem-esconderijo-para-garantia-do-funcionamento-dos-estais","status":"publish","type":"post","link":"https:\/\/www.paranapraia.com.br\/index.php\/2026\/04\/28\/ponte-de-guaratuba-tem-esconderijo-para-garantia-do-funcionamento-dos-estais\/","title":{"rendered":"Ponte de Guaratuba tem &#8220;esconderijo&#8221; para garantia do funcionamento dos estais"},"content":{"rendered":"\n<p>A Ponte de Guaratuba, que ser\u00e1 entregue pelo Governo do Estado na pr\u00f3xima sexta-feira (1\u00b0), conta com uma estrutura pouco vis\u00edvel ao p\u00fablico, mas essencial para a sua durabilidade e seguran\u00e7a. Trata-se de uma \u00e1rea t\u00e9cnica localizada abaixo das pistas principais e j\u00e1 utilizada para a instala\u00e7\u00e3o e ajustes do trecho estaiado da ponte, projetado para garantir o livre tr\u00e1fego de embarca\u00e7\u00f5es ao criar um v\u00e3o central sem pilares no canal de navega\u00e7\u00e3o.<\/p>\n\n\n\n<p>O espa\u00e7o \u00e9 acess\u00edvel apenas por t\u00e9cnicos especializados e concentra componentes fundamentais do v\u00e3o estaiado \u2013 segmento de 320 metros sustentado por cabos de a\u00e7o de alta resist\u00eancia. Nele, est\u00e3o localizadas as extremidades dos estais e os sistemas de ajuste de tensionamento, que permitem o monitoramento cont\u00ednuo e as interven\u00e7\u00f5es necess\u00e1rias ao longo da vida \u00fatil da ponte.<\/p>\n\n\n\n<p>Os estais s\u00e3o respons\u00e1veis por sustentar o v\u00e3o principal da ponte. Cada estai \u00e9 formado por 61 cordoalhas \u2013 cabos de a\u00e7o individuais que comp\u00f5em o sistema. \u201c\u00c9 nessa \u00e1rea t\u00e9cnica que os estais foram montados, tensionados e depois protegidos. Todas as cordoalhas ficam acess\u00edveis nesse espa\u00e7o\u201d, explica o engenheiro Rodrigues Marques, gerente de produ\u00e7\u00e3o do Cons\u00f3rcio Nova Ponte, respons\u00e1vel pela execu\u00e7\u00e3o da obra.<\/p>\n\n\n\n<p>Ap\u00f3s a fase de instala\u00e7\u00e3o, os estais passam por um processo de ajuste fino de tensionamento, validado pelo projetista da obra. Na sequ\u00eancia, as extremidades s\u00e3o vedadas com uma calota met\u00e1lica e recebem uma inje\u00e7\u00e3o de graxa especial, garantindo prote\u00e7\u00e3o contra agentes externos e aumentando a durabilidade dos cabos.<\/p>\n\n\n\n<p>Al\u00e9m da prote\u00e7\u00e3o, a \u00e1rea t\u00e9cnica tamb\u00e9m abriga o sistema que permite a regulagem do tensionamento dos estais. Isso significa que, caso seja necess\u00e1rio ao longo das pr\u00f3xima d\u00e9cadas \u2013 seja por revis\u00f5es programadas ou situa\u00e7\u00f5es excepcionais \u2013, ser\u00e1 poss\u00edvel recalibrar individualmente cada cabo para manter o desempenho estrutural da ponte.<\/p>\n\n\n\n<p><strong>MANUTEN\u00c7\u00c3O CONT\u00cdNUA<\/strong>&nbsp;\u2013 Ap\u00f3s a entrega da obra, a responsabilidade pelas inspe\u00e7\u00f5es e manuten\u00e7\u00f5es peri\u00f3dicas ficar\u00e1 a cargo do Departamento de Estradas de Rodagem do Paran\u00e1 (DER-PR). As rotinas de acompanhamento seguir\u00e3o diretrizes t\u00e9cnicas estabelecidas pelos projetistas e fornecedores, descritas no manual da ponte.<\/p>\n\n\n\n<p>Ao todo, a Ponte de Guaratuba possui 24 pares de estais, sendo 12 em cada um dos dois mastros principais. O \u00faltimo deles foi instalado em fevereiro de 2026, marcando a conclus\u00e3o da etapa estrutural do trecho estaiado. A implanta\u00e7\u00e3o da \u00e1rea t\u00e9cnica para monitoramento cont\u00ednuo e manuten\u00e7\u00f5es preventivas pelo Governo do Estado \u00e9 o que vai garantir a longevidade da ponte, assegurando que a estrutura opere com seguran\u00e7a e efici\u00eancia por d\u00e9cadas.<\/p>\n\n\n\n<p>AEN\/PR<\/p>\n","protected":false},"excerpt":{"rendered":"<p>A Ponte de Guaratuba, que ser\u00e1 entregue pelo Governo do Estado na pr\u00f3xima sexta-feira (1\u00b0), conta com uma estrutura pouco vis\u00edvel ao p\u00fablico, mas essencial para a sua durabilidade e seguran\u00e7a. Trata-se de uma \u00e1rea t\u00e9cnica localizada abaixo das pistas principais e j\u00e1 utilizada para a instala\u00e7\u00e3o e ajustes do trecho estaiado da ponte, projetado [&hellip;]<\/p>\n","protected":false},"author":2,"featured_media":78373,"comment_status":"open","ping_status":"open","sticky":false,"template":"","format":"standard","meta":{"advanced_seo_description":"","jetpack_seo_html_title":"","jetpack_seo_noindex":false,"_jetpack_memberships_contains_paid_content":false,"footnotes":""},"categories":[40],"tags":[],"class_list":{"0":"post-78372","1":"post","2":"type-post","3":"status-publish","4":"format-standard","5":"has-post-thumbnail","7":"category-destaques"},"jetpack_featured_media_url":"https:\/\/www.paranapraia.com.br\/wp-content\/uploads\/2026\/04\/whatsapp_image_2026-04-28_at_12.26.04_1.jpg","jetpack_sharing_enabled":true,"_links":{"self":[{"href":"https:\/\/www.paranapraia.com.br\/index.php\/wp-json\/wp\/v2\/posts\/78372"}],"collection":[{"href":"https:\/\/www.paranapraia.com.br\/index.php\/wp-json\/wp\/v2\/posts"}],"about":[{"href":"https:\/\/www.paranapraia.com.br\/index.php\/wp-json\/wp\/v2\/types\/post"}],"author":[{"embeddable":true,"href":"https:\/\/www.paranapraia.com.br\/index.php\/wp-json\/wp\/v2\/users\/2"}],"replies":[{"embeddable":true,"href":"https:\/\/www.paranapraia.com.br\/index.php\/wp-json\/wp\/v2\/comments?post=78372"}],"version-history":[{"count":1,"href":"https:\/\/www.paranapraia.com.br\/index.php\/wp-json\/wp\/v2\/posts\/78372\/revisions"}],"predecessor-version":[{"id":78374,"href":"https:\/\/www.paranapraia.com.br\/index.php\/wp-json\/wp\/v2\/posts\/78372\/revisions\/78374"}],"wp:featuredmedia":[{"embeddable":true,"href":"https:\/\/www.paranapraia.com.br\/index.php\/wp-json\/wp\/v2\/media\/78373"}],"wp:attachment":[{"href":"https:\/\/www.paranapraia.com.br\/index.php\/wp-json\/wp\/v2\/media?parent=78372"}],"wp:term":[{"taxonomy":"category","embeddable":true,"href":"https:\/\/www.paranapraia.com.br\/index.php\/wp-json\/wp\/v2\/categories?post=78372"},{"taxonomy":"post_tag","embeddable":true,"href":"https:\/\/www.paranapraia.com.br\/index.php\/wp-json\/wp\/v2\/tags?post=78372"}],"curies":[{"name":"wp","href":"https:\/\/api.w.org\/{rel}","templated":true}]}}