{"id":78363,"date":"2026-04-28T08:25:14","date_gmt":"2026-04-28T11:25:14","guid":{"rendered":"https:\/\/www.paranapraia.com.br\/?p=78363"},"modified":"2026-04-28T08:26:06","modified_gmt":"2026-04-28T11:26:06","slug":"vigilancia-sanitaria-promove-conscientizacao-sobre-a-nr32-seguranca-do-paciente-e-do-profissional","status":"publish","type":"post","link":"https:\/\/www.paranapraia.com.br\/index.php\/2026\/04\/28\/vigilancia-sanitaria-promove-conscientizacao-sobre-a-nr32-seguranca-do-paciente-e-do-profissional\/","title":{"rendered":"Vigil\u00e2ncia Sanit\u00e1ria promove conscientiza\u00e7\u00e3o sobre a NR32, seguran\u00e7a do paciente e do profissional"},"content":{"rendered":"\n<p>Em alus\u00e3o ao Abril Verde, m\u00eas dedicado \u00e0 preven\u00e7\u00e3o de acidentes de trabalho e doen\u00e7as ocupacionais, a Vigil\u00e2ncia Sanit\u00e1ria deu in\u00edcio a um ciclo de palestras focado na seguran\u00e7a dos profissionais de sa\u00fade. O evento, que ocorre em celebra\u00e7\u00e3o ao Dia Mundial da Seguran\u00e7a e Sa\u00fade no Trabalho (28 de abril), busca refor\u00e7ar as diretrizes da NR32, norma regulamentadora essencial para quem atua na linha de frente do cuidado humano.<\/p>\n\n\n\n<p>Segundo Sarita Terezinha Machado, coordenadora de Vigil\u00e2ncia Sanit\u00e1ria e sanitarista, a pressa do cotidiano tem sido uma armadilha perigosa.<\/p>\n\n\n\n<p>&#8220;N\u00e3o \u00e9 apenas uma capacita\u00e7\u00e3o, \u00e9 um momento para relembrar o b\u00e1sico. No dia a dia, a correria faz com que o profissional deixe de lado cuidados essenciais, como a lavagem das m\u00e3os ou o descarte correto de agulhas&#8221;, explica Sarita.<\/p>\n\n\n\n<p>A coordenadora ressaltou ainda que o projeto ser\u00e1 estendido aos profissionais de limpeza. &#8220;Eles est\u00e3o na ponta e sofrem muitos acidentes com perfurocortantes por falhas no descarte. Precisamos capacit\u00e1-los para que possam, inclusive, cobrar as chefias por EPIs adequados&#8221;, pontua.<br>Para os profissionais que participam do treinamento, a atualiza\u00e7\u00e3o \u00e9 vista como um &#8220;freio&#8221; necess\u00e1rio na rotina exaustiva.<\/p>\n\n\n\n<p>O enfermeiro Jean Pereira Corr\u00eaa, da unidade Vila do Povo, destaca que o foco excessivo no paciente, por vezes, gera neglig\u00eancia com o pr\u00f3prio corpo. &#8220;\u00c0s vezes, no cuidar do outro, esquecemos de n\u00f3s mesmos. Esse curso traz o esclarecimento de que precisamos estar bem para oferecer um bom servi\u00e7o&#8221;, afirma.<br>A vis\u00e3o compartilhada por Gabriele Maria de Mello, chefe do controle de infec\u00e7\u00e3o hospitalar do Hospital Regional do Litoral. Com vasta experi\u00eancia na \u00e1rea, ela aponta que os acidentes com materiais biol\u00f3gicos (agulhas e bisturis) ainda s\u00e3o os grandes vil\u00f5es do setor.<\/p>\n\n\n\n<p>Durante as palestras, foi refor\u00e7ada a import\u00e2ncia de seguir o protocolo em caso de acidentes:<br>O profissional deve informar a chefia no momento do ocorrido.<br>As Unidades B\u00e1sicas de Sa\u00fade (UBS) possuem testes r\u00e1pidos dispon\u00edveis. Caso haja necessidade de profilaxia espec\u00edfica, o trabalhador \u00e9 encaminhado a UPAs ou ao Hospital Regional.<\/p>\n\n\n\n<p><strong>A abrang\u00eancia da NR32<\/strong><br>Um dos pontos centrais do evento \u00e9 a democratiza\u00e7\u00e3o do conceito de &#8220;profissional de sa\u00fade&#8221;. Segundo Gabriele, perante a norma, n\u00e3o h\u00e1 distin\u00e7\u00e3o de hierarquia: &#8220;Desde o servente de higieniza\u00e7\u00e3o at\u00e9 o m\u00e9dico, todos s\u00e3o profissionais de sa\u00fade. O cumprimento dessas regras garante que o trabalhador chegue saud\u00e1vel, execute sua atividade com excel\u00eancia e volte para casa seguro para sua fam\u00edlia&#8221;.<br>O cronograma de palestras segue nos pr\u00f3ximos dias, dividido em turnos para garantir que as unidades de sa\u00fade n\u00e3o fiquem desassistidas enquanto as equipes se atualizam.<br>O Dia 28 de abril foi institu\u00eddo pela Organiza\u00e7\u00e3o Internacional do Trabalho (OIT) como mem\u00f3ria \u00e0s v\u00edtimas de acidentes e doen\u00e7as do trabalho, consolidando o movimento &#8220;Abril Verde&#8221; em todo o mundo.<\/p>\n\n\n\n<p>Prefeitura de Paranagu\u00e1<\/p>\n","protected":false},"excerpt":{"rendered":"<p>Em alus\u00e3o ao Abril Verde, m\u00eas dedicado \u00e0 preven\u00e7\u00e3o de acidentes de trabalho e doen\u00e7as ocupacionais, a Vigil\u00e2ncia Sanit\u00e1ria deu in\u00edcio a um ciclo de palestras focado na seguran\u00e7a dos profissionais de sa\u00fade. O evento, que ocorre em celebra\u00e7\u00e3o ao Dia Mundial da Seguran\u00e7a e Sa\u00fade no Trabalho (28 de abril), busca refor\u00e7ar as diretrizes [&hellip;]<\/p>\n","protected":false},"author":2,"featured_media":78364,"comment_status":"open","ping_status":"open","sticky":false,"template":"","format":"standard","meta":{"advanced_seo_description":"","jetpack_seo_html_title":"","jetpack_seo_noindex":false,"_jetpack_memberships_contains_paid_content":false,"footnotes":""},"categories":[77],"tags":[],"class_list":{"0":"post-78363","1":"post","2":"type-post","3":"status-publish","4":"format-standard","5":"has-post-thumbnail","7":"category-paranagua"},"jetpack_featured_media_url":"https:\/\/www.paranapraia.com.br\/wp-content\/uploads\/2026\/04\/25121.jpg","jetpack_sharing_enabled":true,"_links":{"self":[{"href":"https:\/\/www.paranapraia.com.br\/index.php\/wp-json\/wp\/v2\/posts\/78363"}],"collection":[{"href":"https:\/\/www.paranapraia.com.br\/index.php\/wp-json\/wp\/v2\/posts"}],"about":[{"href":"https:\/\/www.paranapraia.com.br\/index.php\/wp-json\/wp\/v2\/types\/post"}],"author":[{"embeddable":true,"href":"https:\/\/www.paranapraia.com.br\/index.php\/wp-json\/wp\/v2\/users\/2"}],"replies":[{"embeddable":true,"href":"https:\/\/www.paranapraia.com.br\/index.php\/wp-json\/wp\/v2\/comments?post=78363"}],"version-history":[{"count":1,"href":"https:\/\/www.paranapraia.com.br\/index.php\/wp-json\/wp\/v2\/posts\/78363\/revisions"}],"predecessor-version":[{"id":78365,"href":"https:\/\/www.paranapraia.com.br\/index.php\/wp-json\/wp\/v2\/posts\/78363\/revisions\/78365"}],"wp:featuredmedia":[{"embeddable":true,"href":"https:\/\/www.paranapraia.com.br\/index.php\/wp-json\/wp\/v2\/media\/78364"}],"wp:attachment":[{"href":"https:\/\/www.paranapraia.com.br\/index.php\/wp-json\/wp\/v2\/media?parent=78363"}],"wp:term":[{"taxonomy":"category","embeddable":true,"href":"https:\/\/www.paranapraia.com.br\/index.php\/wp-json\/wp\/v2\/categories?post=78363"},{"taxonomy":"post_tag","embeddable":true,"href":"https:\/\/www.paranapraia.com.br\/index.php\/wp-json\/wp\/v2\/tags?post=78363"}],"curies":[{"name":"wp","href":"https:\/\/api.w.org\/{rel}","templated":true}]}}