{"id":78351,"date":"2026-04-27T16:06:03","date_gmt":"2026-04-27T19:06:03","guid":{"rendered":"https:\/\/www.paranapraia.com.br\/?p=78351"},"modified":"2026-04-27T16:06:05","modified_gmt":"2026-04-27T19:06:05","slug":"suspeito-de-atear-fogo-em-vereador-confessa-crime-e-cita-suposto-abuso-sexual-como-motivacao","status":"publish","type":"post","link":"https:\/\/www.paranapraia.com.br\/index.php\/2026\/04\/27\/suspeito-de-atear-fogo-em-vereador-confessa-crime-e-cita-suposto-abuso-sexual-como-motivacao\/","title":{"rendered":"Suspeito de atear fogo em vereador confessa crime e cita suposto abuso sexual como motiva\u00e7\u00e3o"},"content":{"rendered":"\n<p>O vereador Jo\u00e3o Luiz Pinheiro Francisco, de 42 anos, foi v\u00edtima de uma tentativa de homic\u00eddio na tarde deste domingo (26), na Ilha das Pe\u00e7as, em Guaraque\u00e7aba, no Litoral do Estado. Ele sofreu queimaduras em cerca de 75% do corpo e permanece internado em estado grav\u00edssimo.<\/p>\n\n\n\n<p>De acordo com boletins de ocorr\u00eancia, o ataque ocorreu por volta das 17h, dentro da \u201cMercearia Catarina\u201d, estabelecimento da v\u00edtima. O suspeito Regiano Mendes Pereira teria chegado ao local com sinais de embriaguez, portando um recipiente com gasolina. Em seguida, despejou o l\u00edquido inflam\u00e1vel sobre o vereador e ateou fogo utilizando um isqueiro.<\/p>\n\n\n\n<p>Ap\u00f3s ser atingido, o vereador conseguiu apagar as chamas ao se jogar na areia. Ele foi socorrido por moradores e encaminhado em uma embarca\u00e7\u00e3o particular at\u00e9 Paranagu\u00e1, onde deu entrada no Hospital Regional do Litoral inconsciente, entubado e em estado cr\u00edtico.<\/p>\n\n\n\n<p>O suspeito fugiu ap\u00f3s o crime, mas foi localizado ainda na Ilha das Pe\u00e7as durante uma opera\u00e7\u00e3o conjunta da Pol\u00edcia Militar do Paran\u00e1, com apoio da Patrulha Costeira, Corpo de Bombeiros e Pol\u00edcia Ambiental. Ele foi preso em flagrante.<\/p>\n\n\n\n<p>Conforme registro policial, durante a condu\u00e7\u00e3o \u00e0 delegacia, o suspeito confessou o crime e alegou que a motiva\u00e7\u00e3o seria uma acusa\u00e7\u00e3o de abuso sexual contra uma jovem da regi\u00e3o. A vers\u00e3o apresentada ser\u00e1 apurada no curso das investiga\u00e7\u00f5es.<\/p>\n\n\n\n<p>O JB Litoral entrou em contato com um familiar do vereador que preferiu n\u00e3o se pronunciar neste momento. O espa\u00e7o segue aberto para outros esclarecimentos por parte da fam\u00edlia do vereador.<\/p>\n\n\n\n<p>O caso foi encaminhado \u00e0 Pol\u00edcia Civil do Paran\u00e1 (PCPR), que segue com a investiga\u00e7\u00e3o. A Secretaria de Estado da Sa\u00fade (Sesa) informou ao JB Litoral, na manh\u00e3 desta segunda-feira (27), que o estado de sa\u00fade do vereador \u00e9 grave.<\/p>\n\n\n\n<p>Investiga\u00e7\u00e3o<\/p>\n\n\n\n<p>Em nota, a PCPR informou que instaurou inqu\u00e9rito policial para apurar o crime ocorrido no domingo (26), em Guaraque\u00e7aba, no Litoral do Estado. \u201cEle foi autuado pelo crime de homic\u00eddio tentado. A PCPR est\u00e1 em dilig\u00eancias para esclarecer a din\u00e2mica do ocorrido e a motiva\u00e7\u00e3o do crime\u201d, divulgou a Pol\u00edcia Civil.<\/p>\n\n\n\n<p>Esta mat\u00e9ria foi atualizada na segunda-feira (27), \u00e0s 14h, ap\u00f3s tentativa de contato com a fam\u00edlia da v\u00edtima e para acrescentar informa\u00e7\u00f5es enviadas pela PCPR.<\/p>\n\n\n\n<p>Por JB Litoral<\/p>\n","protected":false},"excerpt":{"rendered":"<p>O vereador Jo\u00e3o Luiz Pinheiro Francisco, de 42 anos, foi v\u00edtima de uma tentativa de homic\u00eddio na tarde deste domingo (26), na Ilha das Pe\u00e7as, em Guaraque\u00e7aba, no Litoral do Estado. Ele sofreu queimaduras em cerca de 75% do corpo e permanece internado em estado grav\u00edssimo. De acordo com boletins de ocorr\u00eancia, o ataque ocorreu [&hellip;]<\/p>\n","protected":false},"author":2,"featured_media":78352,"comment_status":"open","ping_status":"open","sticky":false,"template":"","format":"standard","meta":{"advanced_seo_description":"","jetpack_seo_html_title":"","jetpack_seo_noindex":false,"_jetpack_memberships_contains_paid_content":false,"footnotes":""},"categories":[40],"tags":[],"class_list":{"0":"post-78351","1":"post","2":"type-post","3":"status-publish","4":"format-standard","5":"has-post-thumbnail","7":"category-destaques"},"jetpack_featured_media_url":"https:\/\/www.paranapraia.com.br\/wp-content\/uploads\/2026\/04\/WhatsApp-Image-2026-04-27-at-16.04.32.jpeg","jetpack_sharing_enabled":true,"_links":{"self":[{"href":"https:\/\/www.paranapraia.com.br\/index.php\/wp-json\/wp\/v2\/posts\/78351"}],"collection":[{"href":"https:\/\/www.paranapraia.com.br\/index.php\/wp-json\/wp\/v2\/posts"}],"about":[{"href":"https:\/\/www.paranapraia.com.br\/index.php\/wp-json\/wp\/v2\/types\/post"}],"author":[{"embeddable":true,"href":"https:\/\/www.paranapraia.com.br\/index.php\/wp-json\/wp\/v2\/users\/2"}],"replies":[{"embeddable":true,"href":"https:\/\/www.paranapraia.com.br\/index.php\/wp-json\/wp\/v2\/comments?post=78351"}],"version-history":[{"count":1,"href":"https:\/\/www.paranapraia.com.br\/index.php\/wp-json\/wp\/v2\/posts\/78351\/revisions"}],"predecessor-version":[{"id":78353,"href":"https:\/\/www.paranapraia.com.br\/index.php\/wp-json\/wp\/v2\/posts\/78351\/revisions\/78353"}],"wp:featuredmedia":[{"embeddable":true,"href":"https:\/\/www.paranapraia.com.br\/index.php\/wp-json\/wp\/v2\/media\/78352"}],"wp:attachment":[{"href":"https:\/\/www.paranapraia.com.br\/index.php\/wp-json\/wp\/v2\/media?parent=78351"}],"wp:term":[{"taxonomy":"category","embeddable":true,"href":"https:\/\/www.paranapraia.com.br\/index.php\/wp-json\/wp\/v2\/categories?post=78351"},{"taxonomy":"post_tag","embeddable":true,"href":"https:\/\/www.paranapraia.com.br\/index.php\/wp-json\/wp\/v2\/tags?post=78351"}],"curies":[{"name":"wp","href":"https:\/\/api.w.org\/{rel}","templated":true}]}}