{"id":78345,"date":"2026-04-27T15:52:00","date_gmt":"2026-04-27T18:52:00","guid":{"rendered":"https:\/\/www.paranapraia.com.br\/?p=78345"},"modified":"2026-04-27T15:52:02","modified_gmt":"2026-04-27T18:52:02","slug":"prefeitura-de-paranagua-promove-acao-do-abril-verde-com-foco-na-seguranca-e-bem-estar-dos-servidores","status":"publish","type":"post","link":"https:\/\/www.paranapraia.com.br\/index.php\/2026\/04\/27\/prefeitura-de-paranagua-promove-acao-do-abril-verde-com-foco-na-seguranca-e-bem-estar-dos-servidores\/","title":{"rendered":"Prefeitura de Paranagu\u00e1 promove a\u00e7\u00e3o do Abril Verde com foco na seguran\u00e7a e bem-estar dos servidores"},"content":{"rendered":"\n<p>A Prefeitura de Paranagu\u00e1 realiza na ter\u00e7a-feira, dia 28, uma programa\u00e7\u00e3o especial em alus\u00e3o \u00e0 campanha nacional Abril Verde. A a\u00e7\u00e3o \u00e9 coordenada pelo Departamento de Sa\u00fade Ocupacional e pela Comiss\u00e3o Interna de Preven\u00e7\u00e3o de Acidentes (CIPA), com o objetivo de refor\u00e7ar a import\u00e2ncia da preven\u00e7\u00e3o de acidentes de trabalho e doen\u00e7as ocupacionais entre os servidores municipais.<\/p>\n\n\n\n<p>O evento acontece das 8h \u00e0s 12h, no Instituto Superior do Litoral do Paran\u00e1 (Isulpar), e contar\u00e1 com palestras e atividades voltadas \u00e0 redu\u00e7\u00e3o de riscos no ambiente de trabalho, al\u00e9m da promo\u00e7\u00e3o de pr\u00e1ticas que contribuam para a sa\u00fade f\u00edsica e emocional dos trabalhadores.<\/p>\n\n\n\n<p>Segundo o secret\u00e1rio municipal de Administra\u00e7\u00e3o, Calney Pereira, a seguran\u00e7a no trabalho deve ser tratada de forma ampla. \u201cA seguran\u00e7a no ambiente de trabalho vai muito al\u00e9m do uso de equipamentos de prote\u00e7\u00e3o. Ela envolve tamb\u00e9m o cuidado com a sa\u00fade emocional dos trabalhadores, garantindo um espa\u00e7o respeitoso, acolhedor e livre de riscos f\u00edsicos e psicol\u00f3gicos. Quando h\u00e1 aten\u00e7\u00e3o \u00e0 seguran\u00e7a f\u00edsica, evitam-se acidentes e preserva-se a integridade de cada profissional. J\u00e1 o cuidado com a sa\u00fade emocional contribui para um ambiente mais equilibrado, com menos estresse, mais produtividade e rela\u00e7\u00f5es mais saud\u00e1veis entre as equipes\u201d, destacou.<\/p>\n\n\n\n<p>O secret\u00e1rio tamb\u00e9m refor\u00e7ou a import\u00e2ncia de iniciativas preventivas. \u201cInvestir em preven\u00e7\u00e3o, di\u00e1logo e conscientiza\u00e7\u00e3o \u00e9 fundamental para construir locais de trabalho mais seguros e humanos. Afinal, trabalhar com seguran\u00e7a \u00e9 um direito de todos e uma responsabilidade compartilhada. Cuidar das pessoas \u00e9 valorizar vidas. A Paranagu\u00e1 de todos \u00e9 uma cidade que valoriza o bem-estar e a seguran\u00e7a dos seus servidores\u201d, completou.<\/p>\n\n\n\n<p><strong>Abril Verde<\/strong><\/p>\n\n\n\n<p>O Abril Verde \u00e9 um movimento nacional voltado \u00e0 conscientiza\u00e7\u00e3o sobre sa\u00fade e seguran\u00e7a no trabalho. A campanha re\u00fane duas datas importantes: o Dia Mundial da Sa\u00fade, celebrado em 7 de abril, e o Dia Mundial em Mem\u00f3ria das V\u00edtimas de Acidentes de Trabalho, em 28 de abril. Ao longo de todo o m\u00eas, institui\u00e7\u00f5es p\u00fablicas e privadas promovem a\u00e7\u00f5es que incentivam a reflex\u00e3o, a preven\u00e7\u00e3o e a ado\u00e7\u00e3o de pr\u00e1ticas mais seguras nos ambientes profissionais.<\/p>\n\n\n\n<p><strong>Servi\u00e7o<\/strong><\/p>\n\n\n\n<p>Prefeitura de Paranagu\u00e1 realiza uma programa\u00e7\u00e3o especial em alus\u00e3o \u00e0 campanha nacional Abril Verde.<\/p>\n\n\n\n<p>Data: 28\/4 (ter\u00e7a-feira)<\/p>\n\n\n\n<p>Hor\u00e1rio: 8h \u00e0s 12h<\/p>\n\n\n\n<p>Local: Instituto Superior do Litoral do Paran\u00e1 (Isulpar): R. Jo\u00e3o Eug\u00eanio, 534 &#8211; Costeira.<\/p>\n\n\n\n<p>Prefeitura de Paranagu\u00e1<\/p>\n","protected":false},"excerpt":{"rendered":"<p>A Prefeitura de Paranagu\u00e1 realiza na ter\u00e7a-feira, dia 28, uma programa\u00e7\u00e3o especial em alus\u00e3o \u00e0 campanha nacional Abril Verde. A a\u00e7\u00e3o \u00e9 coordenada pelo Departamento de Sa\u00fade Ocupacional e pela Comiss\u00e3o Interna de Preven\u00e7\u00e3o de Acidentes (CIPA), com o objetivo de refor\u00e7ar a import\u00e2ncia da preven\u00e7\u00e3o de acidentes de trabalho e doen\u00e7as ocupacionais entre os [&hellip;]<\/p>\n","protected":false},"author":2,"featured_media":78346,"comment_status":"open","ping_status":"open","sticky":false,"template":"","format":"standard","meta":{"advanced_seo_description":"","jetpack_seo_html_title":"","jetpack_seo_noindex":false,"_jetpack_memberships_contains_paid_content":false,"footnotes":""},"categories":[77],"tags":[],"class_list":{"0":"post-78345","1":"post","2":"type-post","3":"status-publish","4":"format-standard","5":"has-post-thumbnail","7":"category-paranagua"},"jetpack_featured_media_url":"https:\/\/www.paranapraia.com.br\/wp-content\/uploads\/2026\/04\/25119.jpg","jetpack_sharing_enabled":true,"_links":{"self":[{"href":"https:\/\/www.paranapraia.com.br\/index.php\/wp-json\/wp\/v2\/posts\/78345"}],"collection":[{"href":"https:\/\/www.paranapraia.com.br\/index.php\/wp-json\/wp\/v2\/posts"}],"about":[{"href":"https:\/\/www.paranapraia.com.br\/index.php\/wp-json\/wp\/v2\/types\/post"}],"author":[{"embeddable":true,"href":"https:\/\/www.paranapraia.com.br\/index.php\/wp-json\/wp\/v2\/users\/2"}],"replies":[{"embeddable":true,"href":"https:\/\/www.paranapraia.com.br\/index.php\/wp-json\/wp\/v2\/comments?post=78345"}],"version-history":[{"count":1,"href":"https:\/\/www.paranapraia.com.br\/index.php\/wp-json\/wp\/v2\/posts\/78345\/revisions"}],"predecessor-version":[{"id":78347,"href":"https:\/\/www.paranapraia.com.br\/index.php\/wp-json\/wp\/v2\/posts\/78345\/revisions\/78347"}],"wp:featuredmedia":[{"embeddable":true,"href":"https:\/\/www.paranapraia.com.br\/index.php\/wp-json\/wp\/v2\/media\/78346"}],"wp:attachment":[{"href":"https:\/\/www.paranapraia.com.br\/index.php\/wp-json\/wp\/v2\/media?parent=78345"}],"wp:term":[{"taxonomy":"category","embeddable":true,"href":"https:\/\/www.paranapraia.com.br\/index.php\/wp-json\/wp\/v2\/categories?post=78345"},{"taxonomy":"post_tag","embeddable":true,"href":"https:\/\/www.paranapraia.com.br\/index.php\/wp-json\/wp\/v2\/tags?post=78345"}],"curies":[{"name":"wp","href":"https:\/\/api.w.org\/{rel}","templated":true}]}}