{"id":78342,"date":"2026-04-27T13:28:59","date_gmt":"2026-04-27T16:28:59","guid":{"rendered":"https:\/\/www.paranapraia.com.br\/?p=78342"},"modified":"2026-04-27T13:29:01","modified_gmt":"2026-04-27T16:29:01","slug":"com-previsao-de-chuva-inauguracao-da-ponte-de-guaratuba-e-adiada-para-sexta","status":"publish","type":"post","link":"https:\/\/www.paranapraia.com.br\/index.php\/2026\/04\/27\/com-previsao-de-chuva-inauguracao-da-ponte-de-guaratuba-e-adiada-para-sexta\/","title":{"rendered":"Com previs\u00e3o de chuva, inaugura\u00e7\u00e3o da Ponte de Guaratuba \u00e9 adiada para sexta"},"content":{"rendered":"\n<p>Com a previs\u00e3o do tempo indicando muita chuva, ventos fortes e raios para o Litoral paranaense na pr\u00f3xima quarta-feira (29), com chance de precipita\u00e7\u00f5es ainda na quinta-feira (30), o Governo do Paran\u00e1 decidiu alterar a data de inaugura\u00e7\u00e3o da Ponte de Guaratuba para a pr\u00f3xima sexta-feira (1\u00ba), \u00e0s 16h. A cerim\u00f4nia de inaugura\u00e7\u00e3o ser\u00e1 na cabeceira da ponte do lado de Guaratuba.<\/p>\n\n\n\n<p>O evento ter\u00e1 dois momentos. O primeiro, na cabeceira da ponte em Guaratuba, \u00e9 reservado para autoridades e convidados. O segundo ser\u00e1 o hasteamento da bandeira do Paran\u00e1 perto da parte estaiada na ponte, seguido de um show de fogos, drones e luzes.&nbsp;A popula\u00e7\u00e3o poder\u00e1 acessar a ponte ap\u00f3s o show. As for\u00e7as de seguran\u00e7a e o Departamento de Estradas de Rodagem do Paran\u00e1 (DER-PR) v\u00e3o orientar a movimenta\u00e7\u00e3o das pessoas e do fluxo dos ve\u00edculos.<\/p>\n\n\n\n<p>A popula\u00e7\u00e3o das duas cidades est\u00e1 convidada para assistir ao show em Caieiras e na Prainha, que v\u00e3o ser os melhores locais para visualiza\u00e7\u00e3o completa da apresenta\u00e7\u00e3o. A TV Paran\u00e1 Turismo far\u00e1 a transmiss\u00e3o ao vivo do evento, que tamb\u00e9m poder\u00e1 ser assistido nas redes sociais do Governo do Paran\u00e1.<\/p>\n\n\n\n<p><strong>Informa\u00e7\u00f5es importantes:<\/strong><\/p>\n\n\n\n<p>&#8211; O acesso da popula\u00e7\u00e3o \u00e0 Ponte de Guaratuba vai acontecer apenas ap\u00f3s o show de fogos e drones. Antes disso haver\u00e3o bloqueios nas proximidades das cabeceiras.<\/p>\n\n\n\n<p>&#8211; Os locais mais indicados para a visualiza\u00e7\u00e3o dos shows s\u00e3o&nbsp;Caieiras e Prainha, que ter\u00e3o tel\u00f5es e arquibancadas.<\/p>\n\n\n\n<p>&#8211; O ferry boat continuar\u00e1 funcionando durante todo o per\u00edodo, mantendo o deslocamento entre os munic\u00edpios.<\/p>\n\n\n\n<p>AEN\/PR<\/p>\n","protected":false},"excerpt":{"rendered":"<p>Com a previs\u00e3o do tempo indicando muita chuva, ventos fortes e raios para o Litoral paranaense na pr\u00f3xima quarta-feira (29), com chance de precipita\u00e7\u00f5es ainda na quinta-feira (30), o Governo do Paran\u00e1 decidiu alterar a data de inaugura\u00e7\u00e3o da Ponte de Guaratuba para a pr\u00f3xima sexta-feira (1\u00ba), \u00e0s 16h. A cerim\u00f4nia de inaugura\u00e7\u00e3o ser\u00e1 na [&hellip;]<\/p>\n","protected":false},"author":2,"featured_media":78343,"comment_status":"open","ping_status":"open","sticky":false,"template":"","format":"standard","meta":{"advanced_seo_description":"","jetpack_seo_html_title":"","jetpack_seo_noindex":false,"_jetpack_memberships_contains_paid_content":false,"footnotes":""},"categories":[40],"tags":[],"class_list":{"0":"post-78342","1":"post","2":"type-post","3":"status-publish","4":"format-standard","5":"has-post-thumbnail","7":"category-destaques"},"jetpack_featured_media_url":"https:\/\/www.paranapraia.com.br\/wp-content\/uploads\/2026\/04\/mapa_aen2.jpg_1_0.jpg","jetpack_sharing_enabled":true,"_links":{"self":[{"href":"https:\/\/www.paranapraia.com.br\/index.php\/wp-json\/wp\/v2\/posts\/78342"}],"collection":[{"href":"https:\/\/www.paranapraia.com.br\/index.php\/wp-json\/wp\/v2\/posts"}],"about":[{"href":"https:\/\/www.paranapraia.com.br\/index.php\/wp-json\/wp\/v2\/types\/post"}],"author":[{"embeddable":true,"href":"https:\/\/www.paranapraia.com.br\/index.php\/wp-json\/wp\/v2\/users\/2"}],"replies":[{"embeddable":true,"href":"https:\/\/www.paranapraia.com.br\/index.php\/wp-json\/wp\/v2\/comments?post=78342"}],"version-history":[{"count":1,"href":"https:\/\/www.paranapraia.com.br\/index.php\/wp-json\/wp\/v2\/posts\/78342\/revisions"}],"predecessor-version":[{"id":78344,"href":"https:\/\/www.paranapraia.com.br\/index.php\/wp-json\/wp\/v2\/posts\/78342\/revisions\/78344"}],"wp:featuredmedia":[{"embeddable":true,"href":"https:\/\/www.paranapraia.com.br\/index.php\/wp-json\/wp\/v2\/media\/78343"}],"wp:attachment":[{"href":"https:\/\/www.paranapraia.com.br\/index.php\/wp-json\/wp\/v2\/media?parent=78342"}],"wp:term":[{"taxonomy":"category","embeddable":true,"href":"https:\/\/www.paranapraia.com.br\/index.php\/wp-json\/wp\/v2\/categories?post=78342"},{"taxonomy":"post_tag","embeddable":true,"href":"https:\/\/www.paranapraia.com.br\/index.php\/wp-json\/wp\/v2\/tags?post=78342"}],"curies":[{"name":"wp","href":"https:\/\/api.w.org\/{rel}","templated":true}]}}