{"id":78330,"date":"2026-04-27T11:07:54","date_gmt":"2026-04-27T14:07:54","guid":{"rendered":"https:\/\/www.paranapraia.com.br\/?p=78330"},"modified":"2026-04-27T11:07:56","modified_gmt":"2026-04-27T14:07:56","slug":"projeto-aproxima-leva-cidadania-e-dignidade-as-comunidades-isoladas-do-litoral-paranaense","status":"publish","type":"post","link":"https:\/\/www.paranapraia.com.br\/index.php\/2026\/04\/27\/projeto-aproxima-leva-cidadania-e-dignidade-as-comunidades-isoladas-do-litoral-paranaense\/","title":{"rendered":"Projeto Aproxima leva cidadania e dignidade \u00e0s comunidades isoladas do litoral paranaense"},"content":{"rendered":"\n<p>Para quem vive cercado pelas \u00e1guas da ba\u00eda, a dist\u00e2ncia entre a necessidade e o direito muitas vezes \u00e9 medida em horas de barco e quil\u00f4metros de caminhada. Rompendo esse isolamento, o Projeto Aproxima desembarcou na Ilha do Teixeira, em Paranagu\u00e1, transformando as varandas das casas em balc\u00f5es de atendimento e salas de audi\u00eancia.<\/p>\n\n\n\n<p>Idealizado pela Justi\u00e7a Federal em 2024, o projeto nasceu com a premissa de que sa\u00fade e bem-estar v\u00e3o al\u00e9m da aus\u00eancia de doen\u00e7as; tratam-se de justi\u00e7a social e qualidade de vida. \u201cA palavra \u2018Aproxima\u2019 une o acesso \u00e0 qualidade de vida\u201d, define Viviane, representante da Mar\u00edtimas. \u201cOferecemos possibilidades que os usu\u00e1rios n\u00e3o teriam no territ\u00f3rio, trazendo profissionais qualificados para entregar a informa\u00e7\u00e3o correta.\u201d<\/p>\n\n\n\n<p><strong>Solu\u00e7\u00f5es na \u201cVaranda de Casa\u201d<\/strong><\/p>\n\n\n\n<p>O evento n\u00e3o se limitou a orienta\u00e7\u00f5es b\u00e1sicas. O diferencial do Aproxima \u00e9 a capacidade resolutiva. Enquanto equipes realizavam atendimentos individuais de sa\u00fade e assist\u00eancia social, uma mesa coletiva reunia lideran\u00e7as comunit\u00e1rias e autoridades de peso, como o Minist\u00e9rio P\u00fablico, ju\u00edzes, Copel, IAT e secretarias municipais.<\/p>\n\n\n\n<p>Para o secret\u00e1rio M\u00e1rcio Vega, a presen\u00e7a f\u00edsica dos gestores no cen\u00e1rio insulano \u00e9 fundamental para entender gargalos de saneamento, energia e coleta de res\u00edduos. \u201cMuitos moradores t\u00eam idade avan\u00e7ada e dificuldade de locomo\u00e7\u00e3o at\u00e9 o continente. Trazer esse trabalho para c\u00e1 \u00e9 sentar na varanda deles e discutir as necessidades reais. J\u00e1 estamos registrando em ata a\u00e7\u00f5es imediatas para ilumina\u00e7\u00e3o p\u00fablica e tratamento de \u00e1gua\u201d, destacou Vega.<\/p>\n\n\n\n<p><strong>Justi\u00e7a em tempo real<\/strong><\/p>\n\n\n\n<p>Um dos maiores impactos do projeto \u00e9 o combate \u00e0 \u201cjudicializa\u00e7\u00e3o excessiva\u201d. Kely Cristina Laurentino, diretora de Planejamento e Gest\u00e3o da Justi\u00e7a Federal, explica que o projeto funciona hoje sob demanda das pr\u00f3prias comunidades.<\/p>\n\n\n\n<p>\u201cMuitas coisas que levariam anos em discuss\u00f5es judiciais s\u00e3o resolvidas em uma conversa aqui, pois todos os atores est\u00e3o lado a lado: o IAT, a Prefeitura, o INSS e a Defensoria. J\u00e1 tivemos casos de aposentadorias concedidas e senten\u00e7as homologadas em menos de duas horas, sem custos para o cidad\u00e3o\u201d, revela Kely.<\/p>\n\n\n\n<p><strong>O olhar do morador<\/strong><\/p>\n\n\n\n<p>Para quem vive o cotidiano da ilha, a a\u00e7\u00e3o representa uma quebra de barreiras burocr\u00e1ticas. Maur\u00edcio Burkard, morador da Ilha do Teixeira h\u00e1 quase sete anos, ressaltou a import\u00e2ncia desse interc\u00e2mbio. \u201cNa cidade, muitas vezes voc\u00ea chega ao poder p\u00fablico e ningu\u00e9m tem tempo; se n\u00e3o agendou, n\u00e3o \u00e9 atendido. Esse evento facilita muito, \u00e9 uma passagem segura para o di\u00e1logo.\u201d<\/p>\n\n\n\n<p>O Projeto Aproxima j\u00e1 percorreu comunidades quilombolas, ind\u00edgenas e cai\u00e7aras, al\u00e9m de regi\u00f5es vulner\u00e1veis em Adrian\u00f3polis e nos Campos Gerais. No entanto, \u00e9 no litoral paranaense que a iniciativa tem consolidado sua for\u00e7a, provando que a presen\u00e7a do Estado, quando coordenada e itinerante, \u00e9 a ferramenta mais eficaz para garantir a dignidade humana.<\/p>\n\n\n\n<p><strong>Destaques do atendimento:<\/strong><\/p>\n\n\n\n<p>Atores envolvidos: Justi\u00e7a Federal, MPF, MPE, Defensoria P\u00fablica (DPU e DPE), INSS, Receita Federal, Copel, IAT e Prefeitura de Paranagu\u00e1.<\/p>\n\n\n\n<p>Foco coletivo: Saneamento, energia el\u00e9trica, educa\u00e7\u00e3o e acesso.<\/p>\n\n\n\n<p>Foco individual: Aposentadorias, regulariza\u00e7\u00e3o de CPF, orienta\u00e7\u00f5es jur\u00eddicas e sa\u00fade b\u00e1sica.<\/p>\n\n\n\n<p>Prefeitura de Paranagu\u00e1<\/p>\n","protected":false},"excerpt":{"rendered":"<p>Para quem vive cercado pelas \u00e1guas da ba\u00eda, a dist\u00e2ncia entre a necessidade e o direito muitas vezes \u00e9 medida em horas de barco e quil\u00f4metros de caminhada. Rompendo esse isolamento, o Projeto Aproxima desembarcou na Ilha do Teixeira, em Paranagu\u00e1, transformando as varandas das casas em balc\u00f5es de atendimento e salas de audi\u00eancia. Idealizado [&hellip;]<\/p>\n","protected":false},"author":2,"featured_media":78331,"comment_status":"open","ping_status":"open","sticky":false,"template":"","format":"standard","meta":{"advanced_seo_description":"","jetpack_seo_html_title":"","jetpack_seo_noindex":false,"_jetpack_memberships_contains_paid_content":false,"footnotes":""},"categories":[77],"tags":[],"class_list":{"0":"post-78330","1":"post","2":"type-post","3":"status-publish","4":"format-standard","5":"has-post-thumbnail","7":"category-paranagua"},"jetpack_featured_media_url":"https:\/\/www.paranapraia.com.br\/wp-content\/uploads\/2026\/04\/25018.jpg","jetpack_sharing_enabled":true,"_links":{"self":[{"href":"https:\/\/www.paranapraia.com.br\/index.php\/wp-json\/wp\/v2\/posts\/78330"}],"collection":[{"href":"https:\/\/www.paranapraia.com.br\/index.php\/wp-json\/wp\/v2\/posts"}],"about":[{"href":"https:\/\/www.paranapraia.com.br\/index.php\/wp-json\/wp\/v2\/types\/post"}],"author":[{"embeddable":true,"href":"https:\/\/www.paranapraia.com.br\/index.php\/wp-json\/wp\/v2\/users\/2"}],"replies":[{"embeddable":true,"href":"https:\/\/www.paranapraia.com.br\/index.php\/wp-json\/wp\/v2\/comments?post=78330"}],"version-history":[{"count":1,"href":"https:\/\/www.paranapraia.com.br\/index.php\/wp-json\/wp\/v2\/posts\/78330\/revisions"}],"predecessor-version":[{"id":78332,"href":"https:\/\/www.paranapraia.com.br\/index.php\/wp-json\/wp\/v2\/posts\/78330\/revisions\/78332"}],"wp:featuredmedia":[{"embeddable":true,"href":"https:\/\/www.paranapraia.com.br\/index.php\/wp-json\/wp\/v2\/media\/78331"}],"wp:attachment":[{"href":"https:\/\/www.paranapraia.com.br\/index.php\/wp-json\/wp\/v2\/media?parent=78330"}],"wp:term":[{"taxonomy":"category","embeddable":true,"href":"https:\/\/www.paranapraia.com.br\/index.php\/wp-json\/wp\/v2\/categories?post=78330"},{"taxonomy":"post_tag","embeddable":true,"href":"https:\/\/www.paranapraia.com.br\/index.php\/wp-json\/wp\/v2\/tags?post=78330"}],"curies":[{"name":"wp","href":"https:\/\/api.w.org\/{rel}","templated":true}]}}