{"id":78327,"date":"2026-04-27T11:05:26","date_gmt":"2026-04-27T14:05:26","guid":{"rendered":"https:\/\/www.paranapraia.com.br\/?p=78327"},"modified":"2026-04-27T11:05:28","modified_gmt":"2026-04-27T14:05:28","slug":"prefeitura-vistoria-cmei-na-ilha-dos-valadares-e-projeta-melhorias-na-estrutura","status":"publish","type":"post","link":"https:\/\/www.paranapraia.com.br\/index.php\/2026\/04\/27\/prefeitura-vistoria-cmei-na-ilha-dos-valadares-e-projeta-melhorias-na-estrutura\/","title":{"rendered":"Prefeitura vistoria CMEI na Ilha dos Valadares e projeta melhorias na estrutura"},"content":{"rendered":"\n<p>No final da manh\u00e3 deste s\u00e1bado 25, o prefeito de Paranagu\u00e1, Adriano Ramos, esteve no CMEI Professora N\u00e1dia Iara Pereira da Cunha, localizado na Rua Seis, na Vila Itiber\u00ea, Ilha dos Valadares, para verificar de perto as necessidades de reforma da unidade. A visita incluiu reuni\u00e3o com a diretora Tatiane F. de Souza Pavesi e contou com a presen\u00e7a do secret\u00e1rio de Governo, Thiago Campos, secret\u00e1rio de Desenvolvimento Rural e Ilhas, Pesca, Abastecimento e Aquicultura, Marcio Vega, secret\u00e1rio Regional da Ilha dos Valadares, Leandro Ribeiro de Oliveira e da secret\u00e1ria de Fiscaliza\u00e7\u00e3o das Concess\u00f5es e Contratos, Isabele Gon\u00e7alves Figueira Campos.<\/p>\n\n\n\n<p>Durante a vistoria, a equipe percorreu as depend\u00eancias do CMEI, observando pontos que j\u00e1 est\u00e3o recebendo melhorias e ouvindo a dire\u00e7\u00e3o sobre as prioridades da unidade. O prefeito destacou que a presen\u00e7a constante nas comunidades faz parte da din\u00e2mica de gest\u00e3o. \u201cUm trabalho constante de nossa administra\u00e7\u00e3o \u00e9 pensar no cuidado com as nossas crian\u00e7as e adolescentes, e tem sido assim e vai ser assim. Nossa vis\u00e3o est\u00e1 sempre voltada para o bem-estar da popula\u00e7\u00e3o. Estaremos sempre juntos, acompanhando, vistoriando e ampliando o nosso trabalho junto \u00e0 nossa gente\u201d, afirmou Adriano Ramos.<\/p>\n\n\n\n<p>A vice-prefeita Fabiana Parro refor\u00e7ou a import\u00e2ncia do di\u00e1logo com a comunidade escolar. \u201cNossos alunos, professores, pais e toda a equipe pedag\u00f3gica t\u00eam sido ouvidos e atendidos pela atual administra\u00e7\u00e3o. Mais melhorias devem acontecer nos pr\u00f3ximos meses, alcan\u00e7ando outras localidades de ensino. Nosso papel \u00e9 trabalhar por nossa popula\u00e7\u00e3o\u201d, disse.<\/p>\n\n\n\n<p>Para a diretora Tatiane F. de Souza Pavesi, as interven\u00e7\u00f5es previstas refletem diretamente no ambiente de ensino. \u201cA melhoria nas salas de aula \u00e9 para receber nossas crian\u00e7as, professores e pais. Deixa o ambiente mais profissional e apraz\u00edvel para acolher a todos que aqui vierem. Ter uma apar\u00eancia boa, bonita e receptiva \u00e9 muito importante\u201d, avaliou.<\/p>\n\n\n\n<p>A agenda na Ilha dos Valadares integra o acompanhamento cont\u00ednuo das unidades educacionais, com foco em garantir melhores condi\u00e7\u00f5es estruturais e um ambiente mais adequado para o desenvolvimento das crian\u00e7as atendidas pela rede municipal.<\/p>\n\n\n\n<p>Prefeitura de Paranagu\u00e1<\/p>\n","protected":false},"excerpt":{"rendered":"<p>No final da manh\u00e3 deste s\u00e1bado 25, o prefeito de Paranagu\u00e1, Adriano Ramos, esteve no CMEI Professora N\u00e1dia Iara Pereira da Cunha, localizado na Rua Seis, na Vila Itiber\u00ea, Ilha dos Valadares, para verificar de perto as necessidades de reforma da unidade. A visita incluiu reuni\u00e3o com a diretora Tatiane F. de Souza Pavesi e [&hellip;]<\/p>\n","protected":false},"author":2,"featured_media":78328,"comment_status":"open","ping_status":"open","sticky":false,"template":"","format":"standard","meta":{"advanced_seo_description":"","jetpack_seo_html_title":"","jetpack_seo_noindex":false,"_jetpack_memberships_contains_paid_content":false,"footnotes":""},"categories":[77],"tags":[],"class_list":{"0":"post-78327","1":"post","2":"type-post","3":"status-publish","4":"format-standard","5":"has-post-thumbnail","7":"category-paranagua"},"jetpack_featured_media_url":"https:\/\/www.paranapraia.com.br\/wp-content\/uploads\/2026\/04\/25086.jpg","jetpack_sharing_enabled":true,"_links":{"self":[{"href":"https:\/\/www.paranapraia.com.br\/index.php\/wp-json\/wp\/v2\/posts\/78327"}],"collection":[{"href":"https:\/\/www.paranapraia.com.br\/index.php\/wp-json\/wp\/v2\/posts"}],"about":[{"href":"https:\/\/www.paranapraia.com.br\/index.php\/wp-json\/wp\/v2\/types\/post"}],"author":[{"embeddable":true,"href":"https:\/\/www.paranapraia.com.br\/index.php\/wp-json\/wp\/v2\/users\/2"}],"replies":[{"embeddable":true,"href":"https:\/\/www.paranapraia.com.br\/index.php\/wp-json\/wp\/v2\/comments?post=78327"}],"version-history":[{"count":1,"href":"https:\/\/www.paranapraia.com.br\/index.php\/wp-json\/wp\/v2\/posts\/78327\/revisions"}],"predecessor-version":[{"id":78329,"href":"https:\/\/www.paranapraia.com.br\/index.php\/wp-json\/wp\/v2\/posts\/78327\/revisions\/78329"}],"wp:featuredmedia":[{"embeddable":true,"href":"https:\/\/www.paranapraia.com.br\/index.php\/wp-json\/wp\/v2\/media\/78328"}],"wp:attachment":[{"href":"https:\/\/www.paranapraia.com.br\/index.php\/wp-json\/wp\/v2\/media?parent=78327"}],"wp:term":[{"taxonomy":"category","embeddable":true,"href":"https:\/\/www.paranapraia.com.br\/index.php\/wp-json\/wp\/v2\/categories?post=78327"},{"taxonomy":"post_tag","embeddable":true,"href":"https:\/\/www.paranapraia.com.br\/index.php\/wp-json\/wp\/v2\/tags?post=78327"}],"curies":[{"name":"wp","href":"https:\/\/api.w.org\/{rel}","templated":true}]}}