{"id":78324,"date":"2026-04-27T11:01:48","date_gmt":"2026-04-27T14:01:48","guid":{"rendered":"https:\/\/www.paranapraia.com.br\/?p=78324"},"modified":"2026-04-27T11:01:50","modified_gmt":"2026-04-27T14:01:50","slug":"dupla-maria-cecilia-rodolfo-e-atracao-nacional-da-festa-do-trabalhador-em-paranagua","status":"publish","type":"post","link":"https:\/\/www.paranapraia.com.br\/index.php\/2026\/04\/27\/dupla-maria-cecilia-rodolfo-e-atracao-nacional-da-festa-do-trabalhador-em-paranagua\/","title":{"rendered":"Dupla Maria Cec\u00edlia &amp; Rodolfo \u00e9 atra\u00e7\u00e3o nacional da Festa do Trabalhador em Paranagu\u00e1\u00a0"},"content":{"rendered":"\n<p>Paranagu\u00e1 dedicar\u00e1 uma grande festa a todos os trabalhadores no dia 1\u00b0 de Maio (sexta-feira). A Pra\u00e7a de Eventos deve receber milhares de pessoas na Festa do Trabalhador, a partir das 14 horas, com apresenta\u00e7\u00f5es de bandas locais, sorteios de pr\u00eamios e show nacional \u00e0s 22 horas com a dupla Maria Cec\u00edlia &amp; Rodolfo.&nbsp;<\/p>\n\n\n\n<p>Para concorrer aos pr\u00eamios \u00e9 preciso comprar no com\u00e9rcio local e pedir a nota ou cupom fiscal. Cada R$ 25,00 em compras dar\u00e3o direito \u00e0 troca por um cupom, limitados ao m\u00e1ximo de cinco cupons na mesma NF. Na troca, ser\u00e1 considerado o valor m\u00e1ximo de R$ 125,00 por NF independente do seu valor total.<\/p>\n\n\n\n<p>Ser\u00e3o v\u00e1lidas as notas e cupons fiscais emitidos exclusivamente no com\u00e9rcio de Paranagu\u00e1 durante o m\u00eas de abril. Recibos n\u00e3o ser\u00e3o v\u00e1lidos. A iniciativa visa contemplar os clientes que prestigiam o com\u00e9rcio local e tamb\u00e9m impulsionar as vendas.<\/p>\n\n\n\n<p>Na retirada do cupom, as NFs ser\u00e3o recolhidas. Ser\u00e1 necess\u00e1rio preencher o cupom com informa\u00e7\u00f5es pessoais: nome, telefone e endere\u00e7o. Em seguida, \u00e9 s\u00f3 depositar o cupom na urna para concorrer. Tamb\u00e9m \u00e9 preciso estar presente na Pra\u00e7a de Eventos para ter direito aos pr\u00eamios. Caso contr\u00e1rio, um novo cupom ser\u00e1 sorteado.<\/p>\n\n\n\n<p>Haver\u00e1 cinco pontos de troca:&nbsp;<\/p>\n\n\n\n<p>1- Pra\u00e7a Cyro Abalem &#8211; Valadares;<\/p>\n\n\n\n<p>2- Terminal de Transporte Coletivo &#8211; Centro;<\/p>\n\n\n\n<p>3- Subprefeitura Waldir Salmon &#8211; Nilson Neves;<\/p>\n\n\n\n<p>4- CEU das Artes &#8211; Jardim Igua\u00e7u;&nbsp;<\/p>\n\n\n\n<p>5- Pra\u00e7a da Caixa D&#8217;\u00e1gua &#8211; Vila Paranagu\u00e1.<\/p>\n\n\n\n<p>Os pontos de troca iniciam as atividades no dia 27 (segunda-feira) das 14 \u00e0s 17 horas. Nos dias 28, 29 e 30 de abril, os pontos funcionar\u00e3o das 8 \u00e0s 17 horas.<\/p>\n\n\n\n<p>Tamb\u00e9m ser\u00e1 poss\u00edvel trocar NFs por cupons no dia 1\u00b0 de maio, das 9 \u00e0s 17 horas, no ponto montado pela Prefeitura na Pra\u00e7a de Eventos.<\/p>\n\n\n\n<p>&#8220;Queremos entregar um grande evento com a alegria que \u00e9 marca registrada dos parnanguaras durante a tarde e \u00e0 noite com sorteio de uma moto zero quil\u00f4metro, v\u00e1rios eletroeletr\u00f4nicos incluindo televisor, celulares e muitos outros. Ser\u00e1 tamb\u00e9m mais uma oportunidade de trabalho para gerar renda aos ambulantes. Vamos manter a tradi\u00e7\u00e3o e inovar o formato num dia dedicado aos nossos trabalhadores, eles que fazem a diferen\u00e7a na vida da cidade&#8221;, diz o prefeito Adriano Ramos.<\/p>\n\n\n\n<p>&#8220;A Festa do Trabalhador tamb\u00e9m marca a tradi\u00e7\u00e3o parnanguara de exaltar e confraternizar os trabalhadores do com\u00e9rcio, do setor portu\u00e1rio, de todos os sindicatos e do setor de servi\u00e7os. Tudo est\u00e1 sendo preparado com muito carinho para que seja um grande dia, uma festa inesquec\u00edvel&#8221;, explica o secret\u00e1rio de Trabalho e Inova\u00e7\u00e3o, Cleverson Ferreira.<\/p>\n\n\n\n<p>Os vendedores ambulantes ter\u00e3o espa\u00e7os definidos para comercializar seus produtos no dia do evento. A organiza\u00e7\u00e3o \u00e9 da Secretaria de Trabalho e Inova\u00e7\u00e3o (Setrin) com apoio de outras secretarias da administra\u00e7\u00e3o municipal, incluindo Governo, Sa\u00fade, Seguran\u00e7a P\u00fablica, Administra\u00e7\u00e3o, Servi\u00e7os Urbanos, Inclus\u00e3o, Turismo e Cultura. A programa\u00e7\u00e3o completa ser\u00e1 divulgada em breve. Siga a Prefeitura de Paranagu\u00e1 nas redes sociais ou acesse o site www.paranagua.pr.gov.br<\/p>\n\n\n\n<p>Prefeitura de Paranagu\u00e1<\/p>\n","protected":false},"excerpt":{"rendered":"<p>Paranagu\u00e1 dedicar\u00e1 uma grande festa a todos os trabalhadores no dia 1\u00b0 de Maio (sexta-feira). A Pra\u00e7a de Eventos deve receber milhares de pessoas na Festa do Trabalhador, a partir das 14 horas, com apresenta\u00e7\u00f5es de bandas locais, sorteios de pr\u00eamios e show nacional \u00e0s 22 horas com a dupla Maria Cec\u00edlia &amp; Rodolfo.&nbsp; Para [&hellip;]<\/p>\n","protected":false},"author":2,"featured_media":78325,"comment_status":"open","ping_status":"open","sticky":false,"template":"","format":"standard","meta":{"advanced_seo_description":"","jetpack_seo_html_title":"","jetpack_seo_noindex":false,"_jetpack_memberships_contains_paid_content":false,"footnotes":""},"categories":[77],"tags":[],"class_list":{"0":"post-78324","1":"post","2":"type-post","3":"status-publish","4":"format-standard","5":"has-post-thumbnail","7":"category-paranagua"},"jetpack_featured_media_url":"https:\/\/www.paranapraia.com.br\/wp-content\/uploads\/2026\/04\/25098.jpg","jetpack_sharing_enabled":true,"_links":{"self":[{"href":"https:\/\/www.paranapraia.com.br\/index.php\/wp-json\/wp\/v2\/posts\/78324"}],"collection":[{"href":"https:\/\/www.paranapraia.com.br\/index.php\/wp-json\/wp\/v2\/posts"}],"about":[{"href":"https:\/\/www.paranapraia.com.br\/index.php\/wp-json\/wp\/v2\/types\/post"}],"author":[{"embeddable":true,"href":"https:\/\/www.paranapraia.com.br\/index.php\/wp-json\/wp\/v2\/users\/2"}],"replies":[{"embeddable":true,"href":"https:\/\/www.paranapraia.com.br\/index.php\/wp-json\/wp\/v2\/comments?post=78324"}],"version-history":[{"count":1,"href":"https:\/\/www.paranapraia.com.br\/index.php\/wp-json\/wp\/v2\/posts\/78324\/revisions"}],"predecessor-version":[{"id":78326,"href":"https:\/\/www.paranapraia.com.br\/index.php\/wp-json\/wp\/v2\/posts\/78324\/revisions\/78326"}],"wp:featuredmedia":[{"embeddable":true,"href":"https:\/\/www.paranapraia.com.br\/index.php\/wp-json\/wp\/v2\/media\/78325"}],"wp:attachment":[{"href":"https:\/\/www.paranapraia.com.br\/index.php\/wp-json\/wp\/v2\/media?parent=78324"}],"wp:term":[{"taxonomy":"category","embeddable":true,"href":"https:\/\/www.paranapraia.com.br\/index.php\/wp-json\/wp\/v2\/categories?post=78324"},{"taxonomy":"post_tag","embeddable":true,"href":"https:\/\/www.paranapraia.com.br\/index.php\/wp-json\/wp\/v2\/tags?post=78324"}],"curies":[{"name":"wp","href":"https:\/\/api.w.org\/{rel}","templated":true}]}}