{"id":78321,"date":"2026-04-27T10:59:52","date_gmt":"2026-04-27T13:59:52","guid":{"rendered":"https:\/\/www.paranapraia.com.br\/?p=78321"},"modified":"2026-04-27T10:59:54","modified_gmt":"2026-04-27T13:59:54","slug":"estado-alerta-para-importancia-da-vacinacao-contra-o-tetano-e-reforca-cuidados-com-ferimentos","status":"publish","type":"post","link":"https:\/\/www.paranapraia.com.br\/index.php\/2026\/04\/27\/estado-alerta-para-importancia-da-vacinacao-contra-o-tetano-e-reforca-cuidados-com-ferimentos\/","title":{"rendered":"Estado alerta para import\u00e2ncia da vacina\u00e7\u00e3o contra o t\u00e9tano e refor\u00e7a cuidados com ferimentos"},"content":{"rendered":"\n<p>A Secretaria de Estado da Sa\u00fade (Sesa) refor\u00e7a o alerta \u00e0 popula\u00e7\u00e3o sobre a gravidade do t\u00e9tano, uma doen\u00e7a n\u00e3o transmiss\u00edvel, mas que ainda apresenta riscos no Estado. A principal forma de preven\u00e7\u00e3o \u00e9 a vacina\u00e7\u00e3o, dispon\u00edvel gratuitamente em todas as unidades de sa\u00fade do Sistema \u00danico de Sa\u00fade (SUS) no Paran\u00e1.<\/p>\n\n\n\n<p>O t\u00e9tano \u00e9 causado por uma bact\u00e9ria encontrada no solo, poeira e fezes de animais. A infec\u00e7\u00e3o ocorre quando os esporos entram no organismo por meio de ferimentos, cortes, perfura\u00e7\u00f5es, queimaduras ou les\u00f5es causadas por objetos contaminados. A doen\u00e7a ataca o sistema nervoso, provocando rigidez muscular intensa e dificuldade respirat\u00f3ria.<\/p>\n\n\n\n<p>Os dados monitorados pela Sesa indicam uma tend\u00eancia de redu\u00e7\u00e3o gradual na incid\u00eancia do t\u00e9tano no Estado. Embora os \u00edndices atuais apontem queda, o cen\u00e1rio ainda exige vigil\u00e2ncia constante das autoridades e da popula\u00e7\u00e3o. O hist\u00f3rico de casos confirmados no Paran\u00e1 revela que, em 2017, foram registradas 23 ocorr\u00eancias, seguidas por um per\u00edodo de estabilidade entre 2018 e 2019, com 17 registros anuais.<\/p>\n\n\n\n<p>Na sequ\u00eancia, as notifica\u00e7\u00f5es mantiveram uma trajet\u00f3ria descendente e, em 2024 e 2025, o Estado atingiu o menor patamar da s\u00e9rie hist\u00f3rica recente, contabilizando 10 casos em cada ano.<\/p>\n\n\n\n<p>O acompanhamento da Sesa tamb\u00e9m mostra o n\u00famero de mortes causadas pela doen\u00e7a. Entre 2016 e 2019, o Estado oscilou entre cinco e 11 \u00f3bitos por ano. Esse n\u00famero come\u00e7ou a cair a partir de 2020, quando foram registradas seis mortes, chegando ao menor n\u00edvel em 2024 e 2025, com dois \u00f3bitos em cada ano.<\/p>\n\n\n\n<p>\u201cA vacina\u00e7\u00e3o \u00e9 a forma mais eficaz de preven\u00e7\u00e3o contra o t\u00e9tano. Mesmo sendo uma doen\u00e7a evit\u00e1vel, ainda registramos casos e mortes no Paran\u00e1, o que refor\u00e7a a import\u00e2ncia de manter a carteira de vacina\u00e7\u00e3o atualizada ao longo da vida. N\u00e3o podemos negligenciar nem mesmo ferimentos pequenos, pois o risco \u00e9 real para quem n\u00e3o est\u00e1 com o esquema vacinal em dia\u201d, afirma o secret\u00e1rio de Estado da Sa\u00fade, C\u00e9sar Neves.<\/p>\n\n\n\n<p><strong>ESQUEMA VACINAL<\/strong>&nbsp;\u2013 O calend\u00e1rio de rotina para crian\u00e7as inclui tr\u00eas doses da vacina pentavalente (aos 2, 4 e 6 meses), com refor\u00e7os da DTP aos 15 meses e aos 4 anos. Ap\u00f3s esse ciclo, a recomenda\u00e7\u00e3o \u00e9 um refor\u00e7o a cada dez anos com a vacina dupla adulto (dT). As gestantes possuem um protocolo espec\u00edfico, devendo receber a vacina dTpa em cada gesta\u00e7\u00e3o, preferencialmente a partir da 20\u00aa semana, garantindo a prote\u00e7\u00e3o da m\u00e3e e do beb\u00ea por meio da transfer\u00eancia de anticorpos via placenta.<\/p>\n\n\n\n<p><strong>COBERTURA&nbsp;<\/strong>\u2013 O Minist\u00e9rio da Sa\u00fade estabelece como meta 95% de cobertura vacinal. Os n\u00fameros de 2025 no Paran\u00e1 mostram que a pentavalente atingiu 94,15%, enquanto o refor\u00e7o com a DTP ficou em 86,51% e a vacina\u00e7\u00e3o de gestantes registrou 85,21%.<\/p>\n\n\n\n<p><strong>RECOMENDA\u00c7\u00d5ES&nbsp;<\/strong>\u2013 A orienta\u00e7\u00e3o central em caso de ferimentos, especialmente os causados por objetos perfurantes ou em ambientes com maior potencial de contamina\u00e7\u00e3o (como \u00e1reas rurais e canteiros de obras), \u00e9 procurar imediatamente uma unidade de sa\u00fade para a avalia\u00e7\u00e3o da les\u00e3o e verifica\u00e7\u00e3o da necessidade de dose de refor\u00e7o. A Sesa ressalta que profissionais da agricultura, constru\u00e7\u00e3o civil e servi\u00e7os gerais, al\u00e9m da popula\u00e7\u00e3o idosa, devem redobrar a aten\u00e7\u00e3o, uma vez que este \u00faltimo grupo costuma apresentar esquemas vacinais incompletos ou esquecer a atualiza\u00e7\u00e3o necess\u00e1ria para manter a imunidade ativa.<\/p>\n\n\n\n<p>AEN\/PR<\/p>\n","protected":false},"excerpt":{"rendered":"<p>A Secretaria de Estado da Sa\u00fade (Sesa) refor\u00e7a o alerta \u00e0 popula\u00e7\u00e3o sobre a gravidade do t\u00e9tano, uma doen\u00e7a n\u00e3o transmiss\u00edvel, mas que ainda apresenta riscos no Estado. A principal forma de preven\u00e7\u00e3o \u00e9 a vacina\u00e7\u00e3o, dispon\u00edvel gratuitamente em todas as unidades de sa\u00fade do Sistema \u00danico de Sa\u00fade (SUS) no Paran\u00e1. O t\u00e9tano \u00e9 [&hellip;]<\/p>\n","protected":false},"author":2,"featured_media":78322,"comment_status":"open","ping_status":"open","sticky":false,"template":"","format":"standard","meta":{"advanced_seo_description":"","jetpack_seo_html_title":"","jetpack_seo_noindex":false,"_jetpack_memberships_contains_paid_content":false,"footnotes":""},"categories":[50],"tags":[],"class_list":{"0":"post-78321","1":"post","2":"type-post","3":"status-publish","4":"format-standard","5":"has-post-thumbnail","7":"category-saude"},"jetpack_featured_media_url":"https:\/\/www.paranapraia.com.br\/wp-content\/uploads\/2026\/04\/diad_vacinacao_foto_rdziura-3393_1.jpg","jetpack_sharing_enabled":true,"_links":{"self":[{"href":"https:\/\/www.paranapraia.com.br\/index.php\/wp-json\/wp\/v2\/posts\/78321"}],"collection":[{"href":"https:\/\/www.paranapraia.com.br\/index.php\/wp-json\/wp\/v2\/posts"}],"about":[{"href":"https:\/\/www.paranapraia.com.br\/index.php\/wp-json\/wp\/v2\/types\/post"}],"author":[{"embeddable":true,"href":"https:\/\/www.paranapraia.com.br\/index.php\/wp-json\/wp\/v2\/users\/2"}],"replies":[{"embeddable":true,"href":"https:\/\/www.paranapraia.com.br\/index.php\/wp-json\/wp\/v2\/comments?post=78321"}],"version-history":[{"count":1,"href":"https:\/\/www.paranapraia.com.br\/index.php\/wp-json\/wp\/v2\/posts\/78321\/revisions"}],"predecessor-version":[{"id":78323,"href":"https:\/\/www.paranapraia.com.br\/index.php\/wp-json\/wp\/v2\/posts\/78321\/revisions\/78323"}],"wp:featuredmedia":[{"embeddable":true,"href":"https:\/\/www.paranapraia.com.br\/index.php\/wp-json\/wp\/v2\/media\/78322"}],"wp:attachment":[{"href":"https:\/\/www.paranapraia.com.br\/index.php\/wp-json\/wp\/v2\/media?parent=78321"}],"wp:term":[{"taxonomy":"category","embeddable":true,"href":"https:\/\/www.paranapraia.com.br\/index.php\/wp-json\/wp\/v2\/categories?post=78321"},{"taxonomy":"post_tag","embeddable":true,"href":"https:\/\/www.paranapraia.com.br\/index.php\/wp-json\/wp\/v2\/tags?post=78321"}],"curies":[{"name":"wp","href":"https:\/\/api.w.org\/{rel}","templated":true}]}}