{"id":78252,"date":"2026-04-23T11:36:44","date_gmt":"2026-04-23T14:36:44","guid":{"rendered":"https:\/\/www.paranapraia.com.br\/?p=78252"},"modified":"2026-04-23T11:36:46","modified_gmt":"2026-04-23T14:36:46","slug":"paranagua-amplia-protecao-a-primeira-infancia-com-entrega-de-kits-natalidade-a-familias-atendidas-pela-assistencia-social","status":"publish","type":"post","link":"https:\/\/www.paranapraia.com.br\/index.php\/2026\/04\/23\/paranagua-amplia-protecao-a-primeira-infancia-com-entrega-de-kits-natalidade-a-familias-atendidas-pela-assistencia-social\/","title":{"rendered":"Paranagu\u00e1 amplia prote\u00e7\u00e3o \u00e0 primeira inf\u00e2ncia com entrega de kits natalidade a fam\u00edlias atendidas pela assist\u00eancia social"},"content":{"rendered":"\n<p>A rede de prote\u00e7\u00e3o social de Paranagu\u00e1 ganhou mais um cap\u00edtulo concreto nesta semana. A entrega de kits natalidade a fam\u00edlias atendidas pelo munic\u00edpio refor\u00e7a uma pol\u00edtica p\u00fablica que come\u00e7a cedo, ainda nos primeiros dias de vida, e alcan\u00e7a quem mais precisa, com impacto direto no cotidiano das m\u00e3es e dos rec\u00e9m-nascidos.<\/p>\n\n\n\n<p>A iniciativa foi realizada na tarde desta quarta-feira, dia 22, na sede da Secretaria da Fam\u00edlia, Cidadania e Desenvolvimento Social, onde 60 mulheres receberam os kits com itens essenciais para os cuidados iniciais dos beb\u00eas.<\/p>\n\n\n\n<p>O prefeito Adriano Ramos acompanhou a entrega e destacou o alcance das a\u00e7\u00f5es realizadas ao longo do dia. \u201c\u00c9 um dia important\u00edssimo, um dia bem especial, porque pela manh\u00e3 n\u00f3s entregamos um uniforme para as nossas crian\u00e7as, kit escolar, mochila, bolsa para todos os profissionais da educa\u00e7\u00e3o. E agora no per\u00edodo da tarde, esse momento bem especial, podendo atender a pol\u00edtica p\u00fablica na veia, para atender as pessoas que mais necessitam, principalmente nesse in\u00edcio de vida das crian\u00e7as, esse kit de natalidade que vai atender muito bem a fam\u00edlia durante um bom per\u00edodo. Ent\u00e3o, eu fico muito satisfeito com essas a\u00e7\u00f5es acontecendo no munic\u00edpio de Paranagu\u00e1\u201d, afirmou.<\/p>\n\n\n\n<p>A vice-prefeita Fabiana Parro refor\u00e7ou o compromisso social da gest\u00e3o. \u201c\u00c9 o nosso compromisso com quem mais precisa, essas m\u00e3es, esses beb\u00eas, muitas vezes em situa\u00e7\u00e3o de vulnerabilidade, \u00e9 o olhar para que esse in\u00edcio de vida se torne um pouco menos dif\u00edcil. Ent\u00e3o \u00e9 a gest\u00e3o p\u00fablica alcan\u00e7ando quem mais precisa\u201d, disse.<\/p>\n\n\n\n<p>A secret\u00e1ria da pasta, Carolina de Miranda Evangelista Louren\u00e7o, explicou que o benef\u00edcio integra um conjunto de a\u00e7\u00f5es estruturadas no munic\u00edpio.<\/p>\n\n\n\n<p>\u201cO recebimento do kit natalidade faz parte de um hall de benef\u00edcios que n\u00f3s temos no munic\u00edpio e hoje n\u00f3s estaremos beneficiando em torno de 60 mulheres. Esse kit \u00e9 composto por banheira, fralda, roupinhas de beb\u00ea, toalhas. Ent\u00e3o, ele \u00e9 bem importante porque garante a prote\u00e7\u00e3o social \u00e0s nossas crian\u00e7as, principalmente \u00e0 primeira inf\u00e2ncia. As mulheres podem procurar os CRAS e a partir do Cadastro \u00danico, s\u00e3o inseridas para receber esse benef\u00edcio\u201d, detalhou.<\/p>\n\n\n\n<p>A pol\u00edtica \u00e9 respaldada por legisla\u00e7\u00e3o municipal recente. O presidente da C\u00e2mara, Adalberto Ara\u00fajo, destacou a integra\u00e7\u00e3o entre os poderes. \u201cA C\u00e2mara Municipal aprovou, o prefeito sancionou a Lei 4.657 de 2026, que regulamenta a concess\u00e3o desse tipo de benef\u00edcio. Os kits natalidade v\u00e3o atender fam\u00edlias em situa\u00e7\u00e3o de vulnerabilidade social cadastradas no CRAS e em outros setores da assist\u00eancia. Esse tipo de a\u00e7\u00e3o j\u00e1 vem sendo desenvolvido no munic\u00edpio com muita compet\u00eancia, e essa uni\u00e3o entre o Legislativo e o Executivo garante que o benef\u00edcio chegue a quem precisa\u201d, pontuou.<\/p>\n\n\n\n<p>Tamb\u00e9m participaram da solenidade vereadores, servidores da secretaria e representantes da imprensa.<\/p>\n\n\n\n<p>Prefeitura de Paranagu\u00e1<\/p>\n","protected":false},"excerpt":{"rendered":"<p>A rede de prote\u00e7\u00e3o social de Paranagu\u00e1 ganhou mais um cap\u00edtulo concreto nesta semana. A entrega de kits natalidade a fam\u00edlias atendidas pelo munic\u00edpio refor\u00e7a uma pol\u00edtica p\u00fablica que come\u00e7a cedo, ainda nos primeiros dias de vida, e alcan\u00e7a quem mais precisa, com impacto direto no cotidiano das m\u00e3es e dos rec\u00e9m-nascidos. A iniciativa foi [&hellip;]<\/p>\n","protected":false},"author":2,"featured_media":78253,"comment_status":"open","ping_status":"open","sticky":false,"template":"","format":"standard","meta":{"advanced_seo_description":"","jetpack_seo_html_title":"","jetpack_seo_noindex":false,"_jetpack_memberships_contains_paid_content":false,"footnotes":""},"categories":[77],"tags":[],"class_list":{"0":"post-78252","1":"post","2":"type-post","3":"status-publish","4":"format-standard","5":"has-post-thumbnail","7":"category-paranagua"},"jetpack_featured_media_url":"https:\/\/www.paranapraia.com.br\/wp-content\/uploads\/2026\/04\/24978.jpg","jetpack_sharing_enabled":true,"_links":{"self":[{"href":"https:\/\/www.paranapraia.com.br\/index.php\/wp-json\/wp\/v2\/posts\/78252"}],"collection":[{"href":"https:\/\/www.paranapraia.com.br\/index.php\/wp-json\/wp\/v2\/posts"}],"about":[{"href":"https:\/\/www.paranapraia.com.br\/index.php\/wp-json\/wp\/v2\/types\/post"}],"author":[{"embeddable":true,"href":"https:\/\/www.paranapraia.com.br\/index.php\/wp-json\/wp\/v2\/users\/2"}],"replies":[{"embeddable":true,"href":"https:\/\/www.paranapraia.com.br\/index.php\/wp-json\/wp\/v2\/comments?post=78252"}],"version-history":[{"count":1,"href":"https:\/\/www.paranapraia.com.br\/index.php\/wp-json\/wp\/v2\/posts\/78252\/revisions"}],"predecessor-version":[{"id":78254,"href":"https:\/\/www.paranapraia.com.br\/index.php\/wp-json\/wp\/v2\/posts\/78252\/revisions\/78254"}],"wp:featuredmedia":[{"embeddable":true,"href":"https:\/\/www.paranapraia.com.br\/index.php\/wp-json\/wp\/v2\/media\/78253"}],"wp:attachment":[{"href":"https:\/\/www.paranapraia.com.br\/index.php\/wp-json\/wp\/v2\/media?parent=78252"}],"wp:term":[{"taxonomy":"category","embeddable":true,"href":"https:\/\/www.paranapraia.com.br\/index.php\/wp-json\/wp\/v2\/categories?post=78252"},{"taxonomy":"post_tag","embeddable":true,"href":"https:\/\/www.paranapraia.com.br\/index.php\/wp-json\/wp\/v2\/tags?post=78252"}],"curies":[{"name":"wp","href":"https:\/\/api.w.org\/{rel}","templated":true}]}}