{"id":78249,"date":"2026-04-23T11:32:56","date_gmt":"2026-04-23T14:32:56","guid":{"rendered":"https:\/\/www.paranapraia.com.br\/?p=78249"},"modified":"2026-04-23T11:32:58","modified_gmt":"2026-04-23T14:32:58","slug":"ponte-da-vitoria-governo-do-estado-revela-nome-da-ponte-de-guaratuba","status":"publish","type":"post","link":"https:\/\/www.paranapraia.com.br\/index.php\/2026\/04\/23\/ponte-da-vitoria-governo-do-estado-revela-nome-da-ponte-de-guaratuba\/","title":{"rendered":"Ponte da Vit\u00f3ria: Governo do Estado revela nome da ponte de Guaratuba"},"content":{"rendered":"\n<p>Ponte da Vit\u00f3ria. Esse ser\u00e1 o nome da Ponte de Guaratuba, que ser\u00e1 inaugurada na pr\u00f3xima quarta-feira (29) e que colocar\u00e1 fim a uma espera de mais de 40 anos, ligando definitivamente a cidade por terra com o restante do Estado. A escolha pelo nome \u00e9 quase autoexplicativo: ela representa a vit\u00f3ria dos paranaenses que h\u00e1 d\u00e9cadas sonharam com essa liga\u00e7\u00e3o, a supera\u00e7\u00e3o de dificuldades e a conquista de um objetivo.<\/p>\n\n\n\n<p>Com inaugura\u00e7\u00e3o prevista para o fim da tarde, a popula\u00e7\u00e3o poder\u00e1 acompanhar um show de luzes, drones e fogos de artif\u00edcio diretamente da estrutura, uma comemora\u00e7\u00e3o a altura do impacto que ser\u00e1 gerado com a entrega da ponte.<\/p>\n\n\n\n<p>Obra emblem\u00e1tica do Governo do Paran\u00e1, a constru\u00e7\u00e3o de uma liga\u00e7\u00e3o na Ba\u00eda de Guaratuba estava prevista na Constitui\u00e7\u00e3o do Estado devido ao seu potencial de levar desenvolvimento para a regi\u00e3o. Depois de d\u00e9cadas de espera, os paranaenses conquistaram, de fato, a vit\u00f3ria de ter uma ponte integrando o Litoral do Estado.<\/p>\n\n\n\n<p>&#8220;A entrega \u00e0 popula\u00e7\u00e3o representa uma conquista que muitos julgavam n\u00e3o ser poss\u00edvel. Por isso, nada melhor que Ponte da Vit\u00f3ria para representar esse momento \u00fanico na hist\u00f3ria do Paran\u00e1&#8221;, afirma o governador Carlos Massa Ratinho Junior.<\/p>\n\n\n\n<p>A nova liga\u00e7\u00e3o fixa sobre a Ba\u00eda de Guaratuba representa um investimento de mais de R$ 400 milh\u00f5es do Governo do Estado e \u00e9 considerada uma das maiores obras de infraestrutura em andamento no Paran\u00e1. Com 1.240 metros de extens\u00e3o, a estrutura conta com quatro faixas de tr\u00e1fego, al\u00e9m de ciclovia e \u00e1reas destinadas a pedestres. Projetada para substituir a travessia por ferry boat, a estrutura vai reduzir o tempo de deslocamento entre os munic\u00edpios para cerca de dois minutos.<\/p>\n\n\n\n<p>AEN\/PR<\/p>\n","protected":false},"excerpt":{"rendered":"<p>Ponte da Vit\u00f3ria. Esse ser\u00e1 o nome da Ponte de Guaratuba, que ser\u00e1 inaugurada na pr\u00f3xima quarta-feira (29) e que colocar\u00e1 fim a uma espera de mais de 40 anos, ligando definitivamente a cidade por terra com o restante do Estado. A escolha pelo nome \u00e9 quase autoexplicativo: ela representa a vit\u00f3ria dos paranaenses que [&hellip;]<\/p>\n","protected":false},"author":2,"featured_media":78250,"comment_status":"open","ping_status":"open","sticky":false,"template":"","format":"standard","meta":{"advanced_seo_description":"","jetpack_seo_html_title":"","jetpack_seo_noindex":false,"_jetpack_memberships_contains_paid_content":false,"footnotes":""},"categories":[40],"tags":[],"class_list":{"0":"post-78249","1":"post","2":"type-post","3":"status-publish","4":"format-standard","5":"has-post-thumbnail","7":"category-destaques"},"jetpack_featured_media_url":"https:\/\/www.paranapraia.com.br\/wp-content\/uploads\/2026\/04\/whatsapp_image_2026-04-22_at_06.32.03_2.jpg","jetpack_sharing_enabled":true,"_links":{"self":[{"href":"https:\/\/www.paranapraia.com.br\/index.php\/wp-json\/wp\/v2\/posts\/78249"}],"collection":[{"href":"https:\/\/www.paranapraia.com.br\/index.php\/wp-json\/wp\/v2\/posts"}],"about":[{"href":"https:\/\/www.paranapraia.com.br\/index.php\/wp-json\/wp\/v2\/types\/post"}],"author":[{"embeddable":true,"href":"https:\/\/www.paranapraia.com.br\/index.php\/wp-json\/wp\/v2\/users\/2"}],"replies":[{"embeddable":true,"href":"https:\/\/www.paranapraia.com.br\/index.php\/wp-json\/wp\/v2\/comments?post=78249"}],"version-history":[{"count":1,"href":"https:\/\/www.paranapraia.com.br\/index.php\/wp-json\/wp\/v2\/posts\/78249\/revisions"}],"predecessor-version":[{"id":78251,"href":"https:\/\/www.paranapraia.com.br\/index.php\/wp-json\/wp\/v2\/posts\/78249\/revisions\/78251"}],"wp:featuredmedia":[{"embeddable":true,"href":"https:\/\/www.paranapraia.com.br\/index.php\/wp-json\/wp\/v2\/media\/78250"}],"wp:attachment":[{"href":"https:\/\/www.paranapraia.com.br\/index.php\/wp-json\/wp\/v2\/media?parent=78249"}],"wp:term":[{"taxonomy":"category","embeddable":true,"href":"https:\/\/www.paranapraia.com.br\/index.php\/wp-json\/wp\/v2\/categories?post=78249"},{"taxonomy":"post_tag","embeddable":true,"href":"https:\/\/www.paranapraia.com.br\/index.php\/wp-json\/wp\/v2\/tags?post=78249"}],"curies":[{"name":"wp","href":"https:\/\/api.w.org\/{rel}","templated":true}]}}