{"id":77831,"date":"2026-04-06T16:39:17","date_gmt":"2026-04-06T19:39:17","guid":{"rendered":"https:\/\/www.paranapraia.com.br\/?p=77831"},"modified":"2026-04-06T16:39:20","modified_gmt":"2026-04-06T19:39:20","slug":"alunos-do-instituto-de-educacao-de-paranagua-terao-aulas-remotas-a-partir-de-quarta-feira","status":"publish","type":"post","link":"https:\/\/www.paranapraia.com.br\/index.php\/2026\/04\/06\/alunos-do-instituto-de-educacao-de-paranagua-terao-aulas-remotas-a-partir-de-quarta-feira\/","title":{"rendered":"Alunos do Instituto de Educa\u00e7\u00e3o de Paranagu\u00e1 ter\u00e3o aulas remotas a partir de quarta-feira"},"content":{"rendered":"\n<p>As aulas para os alunos do Instituto Estadual de Educa\u00e7\u00e3o Dr. Caetano Munhoz da Rocha, em Paranagu\u00e1, no Litoral, ser\u00e3o&nbsp;retomadas de forma gradual e remota a partir de quarta-feira (08).&nbsp;A Secretaria de Estado da Educa\u00e7\u00e3o prepara transmiss\u00f5es ao vivo com professores da pr\u00f3pria unidade para atender os alunos nos mesmos hor\u00e1rios regulares das turmas, pelo Google Meet e Google Classroom, garantindo continuidade do aprendizado e manuten\u00e7\u00e3o da rotina de estudos. Alunos sem acesso \u00e0 internet receber\u00e3o material impresso. O col\u00e9gio quase centen\u00e1rio e tombado pelo Patrim\u00f4nio Hist\u00f3rico foi atingido por um inc\u00eandio no \u00faltimo s\u00e1bado (4).<\/p>\n\n\n\n<p>As equipes pedag\u00f3gicas do N\u00facleo Regional de Educa\u00e7\u00e3o est\u00e3o mobilizadas para orientar alunos e fam\u00edlias sobre o acesso \u00e0s plataformas e esclarecer d\u00favidas relacionadas ao modelo de atendimento.<\/p>\n\n\n\n<p>Al\u00e9m disso, a Secretaria de Estado da Educa\u00e7\u00e3o est\u00e1 organizando a realoca\u00e7\u00e3o tempor\u00e1ria dos estudantes para o Instituto Superior do Litoral do Paran\u00e1 (Isulpar), localizado a 200 metros do Instituto de Educa\u00e7\u00e3o, garantindo continuidade das atividades e evitando preju\u00edzo pedag\u00f3gico.&nbsp;O ISULPAR vai passar por ajustes estruturais e adapta\u00e7\u00f5es para garantir que o espa\u00e7o possa receber as 18 turmas do per\u00edodo da manh\u00e3 e \u00e0s 15 turmas da tarde, totalizando aproximadamente 1,2 mil estudantes.<\/p>\n\n\n\n<p>Toda a mudan\u00e7a est\u00e1 sendo planejada em di\u00e1logo com a dire\u00e7\u00e3o da escola e com o N\u00facleo Regional de Educa\u00e7\u00e3o, garantindo um processo de transi\u00e7\u00e3o organizado e sem preju\u00edzos \u00e0 comunidade escolar.<\/p>\n\n\n\n<p>O secret\u00e1rio de Educa\u00e7\u00e3o do Paran\u00e1, Roni Miranda, vistoriou a unidade atingida pelo inc\u00eandio e refor\u00e7ou que as equipes da Secretaria est\u00e3o atuando de forma integrada. \u201cEstamos conduzindo o processo de realoca\u00e7\u00e3o com toda a aten\u00e7\u00e3o necess\u00e1ria para garantir que as atividades escolares sejam retomadas da maneira mais apropriada\u201d, afirma.<\/p>\n\n\n\n<p>Nesta segunda-feira (06), a equipe gestora realizou um momento de acolhimento com os docentes, no qual foram discutidas as alternativas para garantir a continuidade das atividades escolares. Na ter\u00e7a-feira (07), equipes da Secretaria da Educa\u00e7\u00e3o, Fundepar, Procuradoria-Geral do Estado e Secretaria da Cultura se re\u00fanem para definir as diretrizes de revitaliza\u00e7\u00e3o do pr\u00e9dio tombado.&nbsp;<\/p>\n\n\n\n<p>A estrutura, considerada um patrim\u00f4nio hist\u00f3rico de Paranagu\u00e1 e do Paran\u00e1, ter\u00e1 um plano de recupera\u00e7\u00e3o elaborado de forma conjunta, garantindo que as interven\u00e7\u00f5es respeitem suas caracter\u00edsticas arquitet\u00f4nicas e preservem seu valor cultural para a comunidade.<\/p>\n\n\n\n<p><strong>LAUDO E PER\u00cdCIA<\/strong>&nbsp;\u2013 A Secretaria da Seguran\u00e7a P\u00fablica (Sesp) vai investigar as causas do inc\u00eandio. Nesse momento o Corpo de Bombeiros trabalha num laudo da estrutura para que o Instituto Paranaense de Desenvolvimento Educacional (Fundepar) possa iniciar a avalia\u00e7\u00e3o detalhada e o planejamento das obras de reparo no espa\u00e7o atingido.<\/p>\n\n\n\n<p>AEN\/PR<\/p>\n","protected":false},"excerpt":{"rendered":"<p>As aulas para os alunos do Instituto Estadual de Educa\u00e7\u00e3o Dr. Caetano Munhoz da Rocha, em Paranagu\u00e1, no Litoral, ser\u00e3o&nbsp;retomadas de forma gradual e remota a partir de quarta-feira (08).&nbsp;A Secretaria de Estado da Educa\u00e7\u00e3o prepara transmiss\u00f5es ao vivo com professores da pr\u00f3pria unidade para atender os alunos nos mesmos hor\u00e1rios regulares das turmas, pelo [&hellip;]<\/p>\n","protected":false},"author":2,"featured_media":77832,"comment_status":"open","ping_status":"open","sticky":false,"template":"","format":"standard","meta":{"advanced_seo_description":"","jetpack_seo_html_title":"","jetpack_seo_noindex":false,"_jetpack_memberships_contains_paid_content":false,"footnotes":""},"categories":[40],"tags":[],"class_list":{"0":"post-77831","1":"post","2":"type-post","3":"status-publish","4":"format-standard","5":"has-post-thumbnail","7":"category-destaques"},"jetpack_featured_media_url":"https:\/\/www.paranapraia.com.br\/wp-content\/uploads\/2026\/04\/whatsapp_image_2026-04-06_at_14.02.18-1.jpg","jetpack_sharing_enabled":true,"_links":{"self":[{"href":"https:\/\/www.paranapraia.com.br\/index.php\/wp-json\/wp\/v2\/posts\/77831"}],"collection":[{"href":"https:\/\/www.paranapraia.com.br\/index.php\/wp-json\/wp\/v2\/posts"}],"about":[{"href":"https:\/\/www.paranapraia.com.br\/index.php\/wp-json\/wp\/v2\/types\/post"}],"author":[{"embeddable":true,"href":"https:\/\/www.paranapraia.com.br\/index.php\/wp-json\/wp\/v2\/users\/2"}],"replies":[{"embeddable":true,"href":"https:\/\/www.paranapraia.com.br\/index.php\/wp-json\/wp\/v2\/comments?post=77831"}],"version-history":[{"count":1,"href":"https:\/\/www.paranapraia.com.br\/index.php\/wp-json\/wp\/v2\/posts\/77831\/revisions"}],"predecessor-version":[{"id":77833,"href":"https:\/\/www.paranapraia.com.br\/index.php\/wp-json\/wp\/v2\/posts\/77831\/revisions\/77833"}],"wp:featuredmedia":[{"embeddable":true,"href":"https:\/\/www.paranapraia.com.br\/index.php\/wp-json\/wp\/v2\/media\/77832"}],"wp:attachment":[{"href":"https:\/\/www.paranapraia.com.br\/index.php\/wp-json\/wp\/v2\/media?parent=77831"}],"wp:term":[{"taxonomy":"category","embeddable":true,"href":"https:\/\/www.paranapraia.com.br\/index.php\/wp-json\/wp\/v2\/categories?post=77831"},{"taxonomy":"post_tag","embeddable":true,"href":"https:\/\/www.paranapraia.com.br\/index.php\/wp-json\/wp\/v2\/tags?post=77831"}],"curies":[{"name":"wp","href":"https:\/\/api.w.org\/{rel}","templated":true}]}}