{"id":77828,"date":"2026-04-06T16:28:37","date_gmt":"2026-04-06T19:28:37","guid":{"rendered":"https:\/\/www.paranapraia.com.br\/?p=77828"},"modified":"2026-04-06T16:28:39","modified_gmt":"2026-04-06T19:28:39","slug":"maratona-internacional-do-parana-tera-versao-para-criancas-e-adolescentes-no-litoral","status":"publish","type":"post","link":"https:\/\/www.paranapraia.com.br\/index.php\/2026\/04\/06\/maratona-internacional-do-parana-tera-versao-para-criancas-e-adolescentes-no-litoral\/","title":{"rendered":"Maratona Internacional do Paran\u00e1 ter\u00e1 vers\u00e3o para crian\u00e7as e adolescentes no Litoral"},"content":{"rendered":"\n<p>Crian\u00e7as e adolescentes com idades entre 4 e 13 anos poder\u00e3o participar da Maratoninha, prova especial que far\u00e1 parte da programa\u00e7\u00e3o oficial da 1\u00aa Maratona Internacional do Paran\u00e1 (MIP), que acontece no pr\u00f3ximo m\u00eas de maio, no litoral paranaense. A prova com foco nos jovens tem como objetivo incentivar o esporte desde a inf\u00e2ncia, al\u00e9m de proporcionar uma experi\u00eancia l\u00fadica para os participantes. As provas da Maratoninha v\u00e3o acontecer no s\u00e1bado, dia 2 de maio, a partir das 16 horas, em Guaratuba.<\/p>\n\n\n\n<p>Os percursos variam de 100 a 800 metros, de acordo com a idade dos participantes. As largadas ser\u00e3o organizadas por faixas et\u00e1rias: 4 a 6 anos, 7 a 9 anos e 10 a 13 anos. As provas ser\u00e3o disputadas na rua Ant\u00f4nio Rocha.&nbsp;<\/p>\n\n\n\n<p>De acordo com a organiza\u00e7\u00e3o da MIP, o objetivo \u00e9 reunir jovens corredores em um ambiente de integra\u00e7\u00e3o, movimento e divers\u00e3o. \u201cA iniciativa tem car\u00e1ter participativo, inclusivo e recreativo e refor\u00e7a o compromisso do evento com a promo\u00e7\u00e3o da atividade f\u00edsica, do bem-estar e da forma\u00e7\u00e3o de novos praticantes do esporte, incentivando desde cedo o contato das crian\u00e7as com a corrida de rua e com um estilo de vida saud\u00e1vel\u201d, explica a organiza\u00e7\u00e3o.<\/p>\n\n\n\n<p>A Maratoninha nasceu com um prop\u00f3sito social e 90% das vagas foram destinadas \u00e0s crian\u00e7as das escolas p\u00fablicas de Guaratuba e Matinhos. As vendas das vagas restantes ser\u00e3o abertas na quarta-feira (8), \u00e0s 14 horas. As inscri\u00e7\u00f5es s\u00e3o limitadas e v\u00e3o permanecer abertas at\u00e9 o preenchimento total. O valor \u00e9 R$ 70 por inscri\u00e7\u00e3o.<\/p>\n\n\n\n<p><strong>MARATONA INTERNACIONAL DO PARAN\u00c1&nbsp;<\/strong>\u2013&nbsp;At\u00e9 o momento, cerca de 20 mil atletas j\u00e1 confirmaram participa\u00e7\u00e3o no evento, n\u00famero que coloca a Maratona Internacional do Paran\u00e1 como a maior corrida j\u00e1 realizada no estado. Com percursos entre as cidades de Guaratuba e Matinhos, no litoral paranaense, a programa\u00e7\u00e3o acontece nos dias 02 e 03 de maio de 2026. No s\u00e1bado (2) ser\u00e3o disputadas as corridas de 5 km e 21 km. J\u00e1 no domingo (3) ser\u00e1 a vez das provas de 10 km e 42 km (maratona).<\/p>\n\n\n\n<p>O grande diferencial da MIP \u00e9 o trajeto que passa pela nova Ponte de Guaratuba, principal cart\u00e3o-postal da corrida. Todos os percursos incluem a travessia pela estrutura, transformando a experi\u00eancia em uma combina\u00e7\u00e3o de esporte, paisagem e um dos projetos de infraestrutura mais emblem\u00e1ticos do Estado.<\/p>\n\n\n\n<p>A premia\u00e7\u00e3o total anunciada pela organiza\u00e7\u00e3o ultrapassa R$ 300 mil. O destaque fica para os campe\u00f5es da maratona (42 Km), que receber\u00e3o R$ 50 mil cada nas categorias masculina e feminina, al\u00e9m de b\u00f4nus de R$ 10 mil para o primeiro brasileiro e a primeira brasileira.<\/p>\n\n\n\n<p>A Maratona Internacional do Paran\u00e1 (MIP) acontece nos dias 2 e 3 de maio, com percursos de 5 km, 10 km, 21 km e 42 km, entre as cidades Guaratuba e Matinhos. J\u00e1 a Maratoninha acontece no dia 2 de maio, a partir das 16 horas. Para mais informa\u00e7\u00f5es, acompanhe o perfil oficial da prova no Instagram:&nbsp;<a href=\"https:\/\/www.instagram.com\/maratonainternacionalpr\/\" target=\"_blank\" rel=\"noreferrer noopener\">@maratonainternacionalpr.<\/a><\/p>\n\n\n\n<p>AEN\/PR<\/p>\n","protected":false},"excerpt":{"rendered":"<p>Crian\u00e7as e adolescentes com idades entre 4 e 13 anos poder\u00e3o participar da Maratoninha, prova especial que far\u00e1 parte da programa\u00e7\u00e3o oficial da 1\u00aa Maratona Internacional do Paran\u00e1 (MIP), que acontece no pr\u00f3ximo m\u00eas de maio, no litoral paranaense. A prova com foco nos jovens tem como objetivo incentivar o esporte desde a inf\u00e2ncia, al\u00e9m [&hellip;]<\/p>\n","protected":false},"author":2,"featured_media":77829,"comment_status":"open","ping_status":"open","sticky":false,"template":"","format":"standard","meta":{"advanced_seo_description":"","jetpack_seo_html_title":"","jetpack_seo_noindex":false,"_jetpack_memberships_contains_paid_content":false,"footnotes":""},"categories":[40],"tags":[],"class_list":{"0":"post-77828","1":"post","2":"type-post","3":"status-publish","4":"format-standard","5":"has-post-thumbnail","7":"category-destaques"},"jetpack_featured_media_url":"https:\/\/www.paranapraia.com.br\/wp-content\/uploads\/2026\/04\/maratoninha-scaled.jpg","jetpack_sharing_enabled":true,"_links":{"self":[{"href":"https:\/\/www.paranapraia.com.br\/index.php\/wp-json\/wp\/v2\/posts\/77828"}],"collection":[{"href":"https:\/\/www.paranapraia.com.br\/index.php\/wp-json\/wp\/v2\/posts"}],"about":[{"href":"https:\/\/www.paranapraia.com.br\/index.php\/wp-json\/wp\/v2\/types\/post"}],"author":[{"embeddable":true,"href":"https:\/\/www.paranapraia.com.br\/index.php\/wp-json\/wp\/v2\/users\/2"}],"replies":[{"embeddable":true,"href":"https:\/\/www.paranapraia.com.br\/index.php\/wp-json\/wp\/v2\/comments?post=77828"}],"version-history":[{"count":1,"href":"https:\/\/www.paranapraia.com.br\/index.php\/wp-json\/wp\/v2\/posts\/77828\/revisions"}],"predecessor-version":[{"id":77830,"href":"https:\/\/www.paranapraia.com.br\/index.php\/wp-json\/wp\/v2\/posts\/77828\/revisions\/77830"}],"wp:featuredmedia":[{"embeddable":true,"href":"https:\/\/www.paranapraia.com.br\/index.php\/wp-json\/wp\/v2\/media\/77829"}],"wp:attachment":[{"href":"https:\/\/www.paranapraia.com.br\/index.php\/wp-json\/wp\/v2\/media?parent=77828"}],"wp:term":[{"taxonomy":"category","embeddable":true,"href":"https:\/\/www.paranapraia.com.br\/index.php\/wp-json\/wp\/v2\/categories?post=77828"},{"taxonomy":"post_tag","embeddable":true,"href":"https:\/\/www.paranapraia.com.br\/index.php\/wp-json\/wp\/v2\/tags?post=77828"}],"curies":[{"name":"wp","href":"https:\/\/api.w.org\/{rel}","templated":true}]}}