{"id":77801,"date":"2026-04-05T17:14:58","date_gmt":"2026-04-05T20:14:58","guid":{"rendered":"https:\/\/www.paranapraia.com.br\/?p=77801"},"modified":"2026-04-05T17:15:00","modified_gmt":"2026-04-05T20:15:00","slug":"seed-prepara-realocacao-de-alunos-apos-incendio-no-instituto-de-educacao-de-paranagua","status":"publish","type":"post","link":"https:\/\/www.paranapraia.com.br\/index.php\/2026\/04\/05\/seed-prepara-realocacao-de-alunos-apos-incendio-no-instituto-de-educacao-de-paranagua\/","title":{"rendered":"SEED prepara realoca\u00e7\u00e3o de alunos ap\u00f3s inc\u00eandio no Instituto de Educa\u00e7\u00e3o de Paranagu\u00e1"},"content":{"rendered":"\n<p>A Secretaria de Estado da Educa\u00e7\u00e3o (SEED) est\u00e1 coordenando as a\u00e7\u00f5es ap\u00f3s o inc\u00eandio registrado na manh\u00e3 de s\u00e1bado (04) no Instituto Estadual de Educa\u00e7\u00e3o Dr. Caetano Munhoz da Rocha, em Paranagu\u00e1. A estrutura permanece interditada para avalia\u00e7\u00e3o completa dos danos.<\/p>\n\n\n\n<p>Neste domingo (5), a dire\u00e7\u00e3o da escola, representantes do N\u00facleo Regional de Educa\u00e7\u00e3o (NRE), do Instituto Paranaense de Desenvolvimento Educacional (Fundepar) e equipes da Defesa Civil estiveram no local acompanhando a situa\u00e7\u00e3o do pr\u00e9dio danificado. O Corpo de Bombeiros Militar do Paran\u00e1 (CBMPR) e Defesa Civil seguem atuando na \u00e1rea, garantindo a seguran\u00e7a e orientando os pr\u00f3ximos passos.<\/p>\n\n\n\n<p>O secret\u00e1rio de Estado da Educa\u00e7\u00e3o, Roni Miranda, refor\u00e7ou o compromisso com a comunidade escolar neste momento. \u201cEstamos trabalhando desde os primeiros minutos ap\u00f3s o inc\u00eandio para garantir que nenhum estudante fique sem atendimento. A prioridade \u00e9 preservar a seguran\u00e7a da comunidade escolar e organizar a retomada das aulas com responsabilidade e rapidez. Todas as equipes est\u00e3o mobilizadas para que a escola siga unida e acolhida durante este per\u00edodo\u201d, afirma.<\/p>\n\n\n\n<p>Ao longo do dia, diretores do Instituto e de outras institui\u00e7\u00f5es de ensino da cidade participaram de uma reuni\u00e3o para debater o cronograma de a\u00e7\u00f5es e organizar o atendimento emergencial aos estudantes. Uma for\u00e7a-tarefa est\u00e1 mobilizada desde s\u00e1bado&nbsp; para assegurar a continuidade das atividades escolares.<\/p>\n\n\n\n<p>Na segunda-feira (6), n\u00e3o haver\u00e1 aula, pois as equipes de gest\u00e3o e infraestrutura estar\u00e3o centradas na organiza\u00e7\u00e3o do atendimento tempor\u00e1rio aos estudantes. No per\u00edodo da tarde, haver\u00e1 um momento de acolhimento para professores e funcion\u00e1rios no NRE, onde ser\u00e3o apresentadas as propostas constru\u00eddas at\u00e9 agora. A equipe diretiva do IEE estar\u00e1 reunida para organizar o atendimento aos estudantes no novo espa\u00e7o.<\/p>\n\n\n\n<p>O chefe do N\u00facleo Regional de Educa\u00e7\u00e3o de Paranagu\u00e1, Paulo Penteado, destacou a import\u00e2ncia desse processo coletivo. \u201cDesde s\u00e1bado estamos em di\u00e1logo com as dire\u00e7\u00f5es e acompanhando de perto cada etapa do processo. Na segunda-feira teremos um momento de acolhimento com professores e funcion\u00e1rios para apresentar as propostas constru\u00eddas e alinhar as pr\u00f3ximas a\u00e7\u00f5es. Nosso compromisso \u00e9 assegurar que os estudantes tenham continuidade nas atividades da forma mais organizada e integrada poss\u00edvel.\u201d<\/p>\n\n\n\n<p>Ainda na segunda-feira, \u00e0s 9h, haver\u00e1 uma reuni\u00e3o com representantes de uma institui\u00e7\u00e3o de ensino superior que est\u00e1 estudando a possibilidade de oferecer espa\u00e7o para atender todas as turmas. S\u00e3o 18 turmas pela manh\u00e3 e 15 \u00e0 tarde. O objetivo \u00e9 que toda a comunidade escolar permane\u00e7a reunida em um \u00fanico local, evitando a divis\u00e3o de estudantes entre diferentes estruturas.<\/p>\n\n\n\n<p>Nos pr\u00f3ximos dias, o Corpo de Bombeiros emitir\u00e1 o laudo t\u00e9cnico, documento que subsidiar\u00e1 a per\u00edcia. Ap\u00f3s a emiss\u00e3o do laudo, o Fundepar iniciar\u00e1 os trabalhos de avalia\u00e7\u00e3o estrutural e defini\u00e7\u00e3o das interven\u00e7\u00f5es necess\u00e1rias para o restauro do pr\u00e9dio, seguindo todos os par\u00e2metros de seguran\u00e7a.<\/p>\n\n\n\n<p>A Secretaria da Educa\u00e7\u00e3o refor\u00e7a que todas as medidas est\u00e3o sendo adotadas para garantir a seguran\u00e7a da comunidade escolar e organizar a retomada das atividades de forma adequada.<\/p>\n\n\n\n<p><strong>INVESTIGA\u00c7\u00c3O \u2013<\/strong>&nbsp;O Corpo de Bombeiros Militar do Paran\u00e1 (CBMPR) seguiu neste domingo com o trabalho de rescaldo na \u00e1rea atingida pelo inc\u00eandio. A per\u00edcia ter\u00e1 in\u00edcio ap\u00f3s a conclus\u00e3o dessa etapa. Ao todo, 45 bombeiros militares e brigadistas atuaram no combate, com sete viaturas do CBMPR, tr\u00eas viaturas de brigadas da Portos do Paran\u00e1 e de empresas locais, al\u00e9m de dois caminh\u00f5es-pipa da Prefeitura.<\/p>\n\n\n\n<p>Um drone com tecnologia termal foi utilizado para identificar pontos cr\u00edticos de calor e orientar as equipes com precis\u00e3o. A Pol\u00edcia Cient\u00edfica montou uma equipe que atuar\u00e1 nos pr\u00f3ximos dias na coleta de vest\u00edgios e condu\u00e7\u00e3o da per\u00edcia, enquanto a Pol\u00edcia Civil j\u00e1 iniciou as investiga\u00e7\u00f5es, reunindo depoimentos e analisando imagens de c\u00e2meras de seguran\u00e7a. O inc\u00eandio come\u00e7ou por volta do meio-dia, foi controlado \u00e0s 16h e teve os \u00faltimos focos extintos at\u00e9 as 20h. N\u00e3o houve v\u00edtimas, apenas danos materiais.<\/p>\n\n\n\n<p>AEN\/PR<\/p>\n","protected":false},"excerpt":{"rendered":"<p>A Secretaria de Estado da Educa\u00e7\u00e3o (SEED) est\u00e1 coordenando as a\u00e7\u00f5es ap\u00f3s o inc\u00eandio registrado na manh\u00e3 de s\u00e1bado (04) no Instituto Estadual de Educa\u00e7\u00e3o Dr. Caetano Munhoz da Rocha, em Paranagu\u00e1. A estrutura permanece interditada para avalia\u00e7\u00e3o completa dos danos. Neste domingo (5), a dire\u00e7\u00e3o da escola, representantes do N\u00facleo Regional de Educa\u00e7\u00e3o (NRE), [&hellip;]<\/p>\n","protected":false},"author":2,"featured_media":77802,"comment_status":"open","ping_status":"open","sticky":false,"template":"","format":"standard","meta":{"advanced_seo_description":"","jetpack_seo_html_title":"","jetpack_seo_noindex":false,"_jetpack_memberships_contains_paid_content":false,"footnotes":""},"categories":[40],"tags":[],"class_list":{"0":"post-77801","1":"post","2":"type-post","3":"status-publish","4":"format-standard","5":"has-post-thumbnail","7":"category-destaques"},"jetpack_featured_media_url":"https:\/\/www.paranapraia.com.br\/wp-content\/uploads\/2026\/04\/whatsapp_image_2026-04-05_at_16.15.08.jpg","jetpack_sharing_enabled":true,"_links":{"self":[{"href":"https:\/\/www.paranapraia.com.br\/index.php\/wp-json\/wp\/v2\/posts\/77801"}],"collection":[{"href":"https:\/\/www.paranapraia.com.br\/index.php\/wp-json\/wp\/v2\/posts"}],"about":[{"href":"https:\/\/www.paranapraia.com.br\/index.php\/wp-json\/wp\/v2\/types\/post"}],"author":[{"embeddable":true,"href":"https:\/\/www.paranapraia.com.br\/index.php\/wp-json\/wp\/v2\/users\/2"}],"replies":[{"embeddable":true,"href":"https:\/\/www.paranapraia.com.br\/index.php\/wp-json\/wp\/v2\/comments?post=77801"}],"version-history":[{"count":1,"href":"https:\/\/www.paranapraia.com.br\/index.php\/wp-json\/wp\/v2\/posts\/77801\/revisions"}],"predecessor-version":[{"id":77803,"href":"https:\/\/www.paranapraia.com.br\/index.php\/wp-json\/wp\/v2\/posts\/77801\/revisions\/77803"}],"wp:featuredmedia":[{"embeddable":true,"href":"https:\/\/www.paranapraia.com.br\/index.php\/wp-json\/wp\/v2\/media\/77802"}],"wp:attachment":[{"href":"https:\/\/www.paranapraia.com.br\/index.php\/wp-json\/wp\/v2\/media?parent=77801"}],"wp:term":[{"taxonomy":"category","embeddable":true,"href":"https:\/\/www.paranapraia.com.br\/index.php\/wp-json\/wp\/v2\/categories?post=77801"},{"taxonomy":"post_tag","embeddable":true,"href":"https:\/\/www.paranapraia.com.br\/index.php\/wp-json\/wp\/v2\/tags?post=77801"}],"curies":[{"name":"wp","href":"https:\/\/api.w.org\/{rel}","templated":true}]}}