{"id":77692,"date":"2026-03-31T12:05:46","date_gmt":"2026-03-31T15:05:46","guid":{"rendered":"https:\/\/www.paranapraia.com.br\/?p=77692"},"modified":"2026-03-31T12:05:58","modified_gmt":"2026-03-31T15:05:58","slug":"referencia-estado-apresenta-avancos-em-politicas-para-mulheres-idosos-e-voltadas-a-igualdade-racial","status":"publish","type":"post","link":"https:\/\/www.paranapraia.com.br\/index.php\/2026\/03\/31\/referencia-estado-apresenta-avancos-em-politicas-para-mulheres-idosos-e-voltadas-a-igualdade-racial\/","title":{"rendered":"Refer\u00eancia: Estado apresenta avan\u00e7os em pol\u00edticas para mulheres, idosos e voltadas \u00e0 igualdade racial"},"content":{"rendered":"\n<p>A Secretaria de Estado da Mulher, Igualdade Racial e Pessoa Idosa (Semipi) apresentou nesta segunda-feira (30) um balan\u00e7o dos \u00faltimos tr\u00eas anos, desde sua cria\u00e7\u00e3o pelo Governo do Estado, em 2023. O objetivo da pasta, in\u00e9dita na hist\u00f3ria do Paran\u00e1, \u00e9 fortalecer as pol\u00edticas p\u00fablicas voltadas \u00e0 prote\u00e7\u00e3o de direitos, que t\u00eam sido reconhecidas em n\u00edvel nacional e internacional.<\/p>\n\n\n\n<p>O vice-governador Darci Piana, que acompanhou a apresenta\u00e7\u00e3o dos resultados aos servidores da pasta no Pal\u00e1cio das Arauc\u00e1rias, em Curitiba, destacou os avan\u00e7os conquistados. \u201c\u00c9 um trabalho cont\u00ednuo de atendimento \u00e0 mulher, ao idoso e \u00e0 igualdade racial, sendo exemplo para o Brasil e para o mundo, em uma pol\u00edtica p\u00fablica para atender a todos com dignidade. Somos o Estado que mais cresce e que mais cuida de sua gente, gra\u00e7as a esse trabalho da Semipi\u201d, afirmou.<\/p>\n\n\n\n<p>Entre as principais a\u00e7\u00f5es da pasta esteve a Caravana Paran\u00e1 Unido pelas Mulheres, que orienta gestores municipais sobre a import\u00e2ncia da cria\u00e7\u00e3o de estruturas de gest\u00e3o pr\u00f3prias, como secretarias municipais, conselhos, fundos ou \u00f3rg\u00e3os com foco em pol\u00edticas p\u00fablicas voltadas ao p\u00fablico feminino.<\/p>\n\n\n\n<p>Esse trabalho resultou no Fundo Estadual dos Direitos da Mulher, criando um modelo de repasse direto de recursos aos munic\u00edpios, fundo a fundo, garantindo maior agilidade, autonomia e efici\u00eancia nas pol\u00edticas p\u00fablicas.<\/p>\n\n\n\n<p>Entre 2023 e 2026, os Conselhos Municipais passaram de 89 para 279, os Fundos Municipais de 64 para 278 e os Organismos de Pol\u00edticas para as Mulheres de 17 para 203 munic\u00edpios, garantindo capilaridade, coordena\u00e7\u00e3o federativa e maior efetividade na implementa\u00e7\u00e3o das pol\u00edticas em todo o territ\u00f3rio paranaense.<\/p>\n\n\n\n<p>Ainda no campo da mulher, o Estado lan\u00e7ou o Programa Recome\u00e7o, que re\u00fane a\u00e7\u00f5es de prote\u00e7\u00e3o, autonomia e reconstru\u00e7\u00e3o de vida de mulheres em situa\u00e7\u00e3o de viol\u00eancia; e o Aux\u00edlio Social Mulher Paranaense, que concede benef\u00edcio mensal de meio sal\u00e1rio m\u00ednimo por at\u00e9 12 meses, com adicionais para gestantes, lactantes e mulheres com dependentes na primeira inf\u00e2ncia ou com defici\u00eancia, com acompanhamento e apoio \u00e0 autonomia de mulheres em situa\u00e7\u00e3o de viol\u00eancia.<\/p>\n\n\n\n<p>\u201cEstivemos ao longo desses tr\u00eas anos fazendo um alicerce, a funda\u00e7\u00e3o de uma pol\u00edtica nova que o governador Ratinho Junior teve a sensibilidade de criar no Estado, que \u00e9 a Semipi. Mostramos que \u00e9 poss\u00edvel construir pol\u00edticas p\u00fablicas, com a oportunidade de fazer leis que mudam a vida das pessoas. \u00c9 uma honra ser a primeira secret\u00e1ria da Mulher, Igualdade Racial e Pessoa Idosa do Paran\u00e1, mas principalmente servir ao nosso Estado\u201d, ressaltou a secret\u00e1ria Leandre Dal Ponte.<\/p>\n\n\n\n<p>A Semipi lan\u00e7ou, ainda, a Casa da Mulher Paranaense, que atuar\u00e1 como espa\u00e7o de desenvolvimento, orienta\u00e7\u00e3o e fortalecimento das mulheres nos munic\u00edpios, promovendo o protagonismo feminino por meio de a\u00e7\u00f5es integradas que incentivam a autonomia, ampliam oportunidades e contribuem para a garantia de direitos. Ser\u00e3o 45 espa\u00e7os constru\u00eddos pelo Paran\u00e1.<\/p>\n\n\n\n<p><strong>IDOSOS&nbsp;<\/strong>\u2013 No campo da terceira idade, o Paran\u00e1 foi o primeiro estado reconhecido pela Organiza\u00e7\u00e3o Mundial da Sa\u00fade como Estado Amigo da Pessoa Idosa, integrando uma rede global. O t\u00edtulo destaca pol\u00edticas voltadas ao envelhecimento saud\u00e1vel, \u00e0 inclus\u00e3o e \u00e0 dignidade, conduzidas pela secretaria em coopera\u00e7\u00e3o com a Organiza\u00e7\u00e3o Pan-Americana da Sa\u00fade. De 2023 a 2026, foram R$ 308 milh\u00f5es investidos na pol\u00edtica da pessoa idosa.<\/p>\n\n\n\n<p>O Estado tamb\u00e9m instituiu, por lei, o Programa Paran\u00e1 Amigo da Pessoa Idosa, que estrutura a\u00e7\u00f5es de promo\u00e7\u00e3o, prote\u00e7\u00e3o e cuidado \u00e0 popula\u00e7\u00e3o com 60 anos ou mais, com apoio t\u00e9cnico e cofinanciamento aos munic\u00edpios para inclus\u00e3o, acessibilidade e participa\u00e7\u00e3o ativa, com o objetivo de cuidar das pessoas, fortalecer as fam\u00edlias e preparar as cidades para o envelhecimento.<\/p>\n\n\n\n<p>\u201cHoje o Estado conta com pol\u00edticas de continuidade, onde o Paran\u00e1 \u00e9 uma refer\u00eancia nacional e internacional no sistema de governan\u00e7a. Temos programas que s\u00e3o buscados por outros estados e at\u00e9 mesmo outros pa\u00edses, como o programa Paran\u00e1 Amigo da Pessoa Idosa, uma estrat\u00e9gia que prepara o Paran\u00e1 para esse futuro de envelhecimento acelerado da nossa popula\u00e7\u00e3o\u201d, acrescentou a secret\u00e1ria.<\/p>\n\n\n\n<p>Dentro do programa, o Cadastro Estadual de Cuidadores do Paran\u00e1 visa identificar e acompanhar cuidadores, reunindo dados que orientam pol\u00edticas p\u00fablicas, fortalecem a rede de prote\u00e7\u00e3o social e qualificam o cuidado \u00e0 pessoa idosa.<\/p>\n\n\n\n<p>Como forma de reconhecer e valorizar esse trabalho, foi criada a Bolsa Cuidador Familiar, que apoia financeiramente familiares que exercem o cuidado de longo prazo de pessoas idosas em situa\u00e7\u00e3o de depend\u00eancia, contribuindo para a perman\u00eancia dos idosos no conv\u00edvio familiar com mais dignidade e suporte.<\/p>\n\n\n\n<p>Outra iniciativa de destaque \u00e9 a Carteira da Pessoa Idosa Paranaense, que garante a pessoas com 65 anos ou mais gratuidade no transporte intermunicipal ou com 50% de desconto quando as vagas gratuitas estiverem ocupadas. O benef\u00edcio amplia o acesso \u00e0 mobilidade e servi\u00e7os, mediante crit\u00e9rios de renda e cadastro no Cad\u00danico.<\/p>\n\n\n\n<p><strong>IGUALDADE RACIAL<\/strong>&nbsp;\u2013 O Paran\u00e1 tamb\u00e9m realizou o primeiro repasse fundo a fundo do Brasil voltado \u00e0 promo\u00e7\u00e3o da igualdade racial. Foram destinados R$ 2,4 milh\u00f5es a 39 munic\u00edpios por meio do Fundo Estadual de Pol\u00edticas de Promo\u00e7\u00e3o da Igualdade Racial (Fundeppir). Os recursos, distribu\u00eddos conforme a popula\u00e7\u00e3o negra local, apoiam a\u00e7\u00f5es em \u00e1reas como sa\u00fade, educa\u00e7\u00e3o, cultura e assist\u00eancia social, fortalecendo pol\u00edticas antirracistas no Estado.<\/p>\n\n\n\n<p>Foi criado o Conselho Estadual dos Povos Ind\u00edgenas do Paran\u00e1, refor\u00e7ando a especificidade das pol\u00edticas voltadas aos povos ind\u00edgenas e fortalecendo a governan\u00e7a da igualdade racial no Estado. Com conselhos ativos, foram realizadas diversas confer\u00eancias estaduais sobre o tema, envolvendo a popula\u00e7\u00e3o negra, povos ind\u00edgenas e comunidades tradicionais, entre outras.<\/p>\n\n\n\n<p>\u201cTiramos do papel pautas voltadas \u00e0s mulheres, aos idosos e \u00e0 igualdade racial e colocamos elas na agenda pol\u00edtica, transformando a hist\u00f3ria daqueles que vivem esse momento, mas tamb\u00e9m das futuras gera\u00e7\u00f5es. Tenho certeza de que mudar\u00e3o para melhor a vida das pessoas, porque o objetivo do nosso Estado sempre foi cuidar de todos sem deixar ningu\u00e9m para tr\u00e1s\u201d, finalizou Leandre.<\/p>\n\n\n\n<p><strong>ARTESANATO&nbsp;<\/strong>\u2013 A Semipi tamb\u00e9m atuou na consolida\u00e7\u00e3o do artesanato como atividade estrat\u00e9gica de gera\u00e7\u00e3o de renda e preserva\u00e7\u00e3o cultural, com a\u00e7\u00f5es que ampliaram a visibilidade e a comercializa\u00e7\u00e3o do setor. A participa\u00e7\u00e3o no Ver\u00e3o Maior Paran\u00e1 aproximou a produ\u00e7\u00e3o artesanal do p\u00fablico, com oficinas e atividades no litoral, fortalecendo a economia criativa local.<\/p>\n\n\n\n<p>O Estado ampliou sua presen\u00e7a em grandes eventos, com destaque para a 46\u00aa Feiarte, em Curitiba, onde foram comercializadas 1.767 pe\u00e7as, gerando mais de R$ 72 mil em vendas. O artesanato paranaense tamb\u00e9m esteve presente em exposi\u00e7\u00f5es e feiras como o CRAB (RJ), o Sal\u00e3o do Artesanato (SP) e a Fenearte (PE), fortalecendo sua proje\u00e7\u00e3o no cen\u00e1rio nacional. A pasta trabalhou, ainda, com mutir\u00f5es e qualifica\u00e7\u00e3o de artes\u00e3os, emiss\u00e3o da Carteira Nacional do Artes\u00e3o e interioriza\u00e7\u00e3o das a\u00e7\u00f5es voltadas ao artesanato.<\/p>\n\n\n\n<p><strong>PRESEN\u00c7AS<\/strong>&nbsp;&#8211; Participaram da apresenta\u00e7\u00e3o o presidente da Assembleia Legislativa, deputado estadual Alexandre Curi, e a deputada estadual M\u00e1rcia Hu\u00e7ulak.<\/p>\n\n\n\n<p>AEN\/PR<\/p>\n","protected":false},"excerpt":{"rendered":"<p>A Secretaria de Estado da Mulher, Igualdade Racial e Pessoa Idosa (Semipi) apresentou nesta segunda-feira (30) um balan\u00e7o dos \u00faltimos tr\u00eas anos, desde sua cria\u00e7\u00e3o pelo Governo do Estado, em 2023. O objetivo da pasta, in\u00e9dita na hist\u00f3ria do Paran\u00e1, \u00e9 fortalecer as pol\u00edticas p\u00fablicas voltadas \u00e0 prote\u00e7\u00e3o de direitos, que t\u00eam sido reconhecidas em [&hellip;]<\/p>\n","protected":false},"author":2,"featured_media":77693,"comment_status":"open","ping_status":"open","sticky":false,"template":"","format":"standard","meta":{"advanced_seo_description":"","jetpack_seo_html_title":"","jetpack_seo_noindex":false,"_jetpack_memberships_contains_paid_content":false,"footnotes":""},"categories":[40],"tags":[],"class_list":{"0":"post-77692","1":"post","2":"type-post","3":"status-publish","4":"format-standard","5":"has-post-thumbnail","7":"category-destaques"},"jetpack_featured_media_url":"https:\/\/www.paranapraia.com.br\/wp-content\/uploads\/2026\/03\/whatsapp_image_2026-03-30_at_11.51.49-scaled.jpg","jetpack_sharing_enabled":true,"_links":{"self":[{"href":"https:\/\/www.paranapraia.com.br\/index.php\/wp-json\/wp\/v2\/posts\/77692"}],"collection":[{"href":"https:\/\/www.paranapraia.com.br\/index.php\/wp-json\/wp\/v2\/posts"}],"about":[{"href":"https:\/\/www.paranapraia.com.br\/index.php\/wp-json\/wp\/v2\/types\/post"}],"author":[{"embeddable":true,"href":"https:\/\/www.paranapraia.com.br\/index.php\/wp-json\/wp\/v2\/users\/2"}],"replies":[{"embeddable":true,"href":"https:\/\/www.paranapraia.com.br\/index.php\/wp-json\/wp\/v2\/comments?post=77692"}],"version-history":[{"count":1,"href":"https:\/\/www.paranapraia.com.br\/index.php\/wp-json\/wp\/v2\/posts\/77692\/revisions"}],"predecessor-version":[{"id":77694,"href":"https:\/\/www.paranapraia.com.br\/index.php\/wp-json\/wp\/v2\/posts\/77692\/revisions\/77694"}],"wp:featuredmedia":[{"embeddable":true,"href":"https:\/\/www.paranapraia.com.br\/index.php\/wp-json\/wp\/v2\/media\/77693"}],"wp:attachment":[{"href":"https:\/\/www.paranapraia.com.br\/index.php\/wp-json\/wp\/v2\/media?parent=77692"}],"wp:term":[{"taxonomy":"category","embeddable":true,"href":"https:\/\/www.paranapraia.com.br\/index.php\/wp-json\/wp\/v2\/categories?post=77692"},{"taxonomy":"post_tag","embeddable":true,"href":"https:\/\/www.paranapraia.com.br\/index.php\/wp-json\/wp\/v2\/tags?post=77692"}],"curies":[{"name":"wp","href":"https:\/\/api.w.org\/{rel}","templated":true}]}}