{"id":77686,"date":"2026-03-31T12:01:22","date_gmt":"2026-03-31T15:01:22","guid":{"rendered":"https:\/\/www.paranapraia.com.br\/?p=77686"},"modified":"2026-03-31T12:01:25","modified_gmt":"2026-03-31T15:01:25","slug":"escolas-estaduais-iniciam-cadastro-de-estudantes-na-carteira-de-trabalho-digital","status":"publish","type":"post","link":"https:\/\/www.paranapraia.com.br\/index.php\/2026\/03\/31\/escolas-estaduais-iniciam-cadastro-de-estudantes-na-carteira-de-trabalho-digital\/","title":{"rendered":"Escolas estaduais iniciam cadastro de estudantes na Carteira de Trabalho Digital"},"content":{"rendered":"\n<p>Come\u00e7ou nesta segunda-feira (30), nas escolas da rede estadual de ensino, o processo de cadastro de estudantes na Carteira de Trabalho Digital (CTPS Digital) e na plataforma Emprega Brasil. A a\u00e7\u00e3o, coordenada pela Secretaria da Educa\u00e7\u00e3o do Paran\u00e1 (Seed-PR), segue at\u00e9 17 de abril e tem como objetivo facilitar a inser\u00e7\u00e3o dos jovens no mercado de trabalho formal, al\u00e9m de ampliar o acesso a vagas de emprego, programas de aprendizagem profissional e pol\u00edticas p\u00fablicas voltadas \u00e0 empregabilidade.&nbsp;<\/p>\n\n\n\n<p>A Conex\u00e3o Empregabilidade come\u00e7ou com evento no Centro Estadual de Educa\u00e7\u00e3o Profissional de Curitiba (CEEP). A a\u00e7\u00e3o \u00e9 voltada para estudantes a partir de 14 anos, regularmente matriculados e egressos aptos \u00e0 empregabilidade, especialmente aqueles vinculados aos cursos t\u00e9cnicos, itiner\u00e1rios formativos e forma\u00e7\u00f5es profissionalizantes.<\/p>\n\n\n\n<p>A iniciativa integra um termo de coopera\u00e7\u00e3o t\u00e9cnica entre a Seed-PR, a Secretaria do Trabalho, Qualifica\u00e7\u00e3o e Renda do Paran\u00e1 (SETR) e o Minist\u00e9rio do Trabalho e Emprego (MTE), fortalecendo a articula\u00e7\u00e3o entre educa\u00e7\u00e3o, qualifica\u00e7\u00e3o profissional e oportunidades de trabalho, al\u00e9m de contribuir para o monitoramento de indicadores de empregabilidade educacional no Estado.<\/p>\n\n\n\n<p>De acordo com o secret\u00e1rio estadual da Educa\u00e7\u00e3o, Roni Miranda, a iniciativa refor\u00e7a o compromisso do Estado com a prepara\u00e7\u00e3o dos jovens para o futuro profissional. \u201cEstamos aproximando o ambiente escolar das oportunidades reais de inser\u00e7\u00e3o no mercado de trabalho. Esse acesso \u00e0s plataformas oficiais amplia horizontes, fortalece a autonomia dos estudantes e contribui diretamente para a forma\u00e7\u00e3o de cidad\u00e3os mais preparados e conscientes\u201d, destacou.<\/p>\n\n\n\n<p>O programa atua tanto no engajamento dos empres\u00e1rios, mostrando como os alunos da rede estadual podem qualificar seus quadros de funcion\u00e1rios, quanto dentro das escolas, orientando e encaminhando os alunos para as oportunidades de est\u00e1gio e programas de aprendizagem.&nbsp;<\/p>\n\n\n\n<p>A diretora de Planejamento e Gest\u00e3o Escolar da Seed-PR, Graziele Andriola, destaca que a iniciativa fortalece a conex\u00e3o entre a forma\u00e7\u00e3o escolar e as oportunidades profissionais para os jovens. \u201cEstamos fortalecendo a articula\u00e7\u00e3o entre a educa\u00e7\u00e3o e o mercado de trabalho no Paran\u00e1 para ampliar o acesso dos estudantes da rede p\u00fablica a vagas de emprego e aprendizagem profissional\u201d, explica.<\/p>\n\n\n\n<p><strong>MAIS OPORTUNIDADES&nbsp;<\/strong>&#8211; Durante a abertura das atividades, a coordenadora&nbsp; do Centro Estadual de Educa\u00e7\u00e3o Profissional de Curitiba, Patricia Quadros Ferreira Netto, refor\u00e7ou a import\u00e2ncia do programa para ampliar as oportunidades dos alunos e fortalecer a forma\u00e7\u00e3o profissional dos jovens.&nbsp;\u201cJ\u00e1 desenvolvemos algumas a\u00e7\u00f5es na escola, mas uma semana de empregabilidade permite que todos participem ao mesmo tempo e tenham as mesmas oportunidades no futuro\u201d, analisa Patr\u00edcia. \u201cIsso \u00e9 especialmente importante para os alunos do terceiro ano, j\u00e1 que os aproxima do mercado de trabalho e fortalece suas perspectivas\u201d, conclui.&nbsp;&nbsp;<\/p>\n\n\n\n<p>Para a estudante Alice Romano da Silva, de 16 anos, do 3\u00b0ano do curso de biotecnologia, essa a\u00e7\u00e3o no Col\u00e9gio faz toda diferen\u00e7a. \u201cMuitos adolescentes, \u00e0s vezes, n\u00e3o d\u00e3o tanta import\u00e2ncia a isso e o incentivo da escola \u00e9 super importante para mostrar para os alunos o quanto esse cadastro pode ajudar no futuro\u201d, reflete ela.<\/p>\n\n\n\n<p>J\u00e1 o estudante Lucas Verdasca Carvalho, de 16 anos e tamb\u00e9m do 3\u00b0ano, v\u00ea essa a\u00e7\u00e3o de empregabilidade como uma oportunidade importante para o seu futuro profissional. \u201cEu penso que facilita muito ter acesso ao aplicativo literalmente na palma da m\u00e3o. Com isso a gente j\u00e1 pode ter amplas oportunidades no mercado de trabalho desde o in\u00edcio\u201d, diz.<\/p>\n\n\n\n<p>O cadastro da CTPS Digital \u00e9 documento \u00fanico, que substitui o modelo f\u00edsico da carteira de trabalho e \u00e9 essencial para a participa\u00e7\u00e3o em processos formais de contrata\u00e7\u00e3o, registro de v\u00ednculos trabalhistas e acesso a programas de aprendizagem profissional.&nbsp;O foco \u00e9 garantir que o aluno tenha o aplicativo instalado e a conta Gov.br validada, para que por meio da Plataforma Emprega Brasil, o estudante possa ser visualizado pelo Sistema Nacional de Empregos (SINE) e candidatar-se a vagas de emprego e cursos de qualifica\u00e7\u00e3o gratuitamente.<\/p>\n\n\n\n<p><strong>IMPORTANTE<\/strong>&nbsp;&#8211; Para efetivar o cadastro, os estudantes devem possuir CPF, e-mail ativo e conta no&nbsp;<a href=\"https:\/\/www.gov.br\/pt-br\" target=\"_blank\" rel=\"noreferrer noopener\">portal gov.br<\/a>. O aplicativo da Carteira de Trabalho Digital deve ser instalado no celular para o recebimento de notifica\u00e7\u00f5es sobre vagas e cursos, caso n\u00e3o possuam aparelho, o acompanhamento poder\u00e1 ser feito pelos sites oficiais da CTPS Digital e Emprega Brasil.<\/p>\n\n\n\n<p>As equipes gestoras organizar\u00e3o cronogramas, orientar\u00e3o alunos e respons\u00e1veis e garantir\u00e3o estrutura e apoio \u00e0 orienta\u00e7\u00e3o profissional. O cadastro n\u00e3o gera v\u00ednculo empregat\u00edcio nem preju\u00edzo acad\u00eamico, devendo ocorrer com acompanhamento pedag\u00f3gico e respeito \u00e0s normas legais, especialmente sobre prote\u00e7\u00e3o de dados e trabalho de adolescentes.<\/p>\n\n\n\n<p>A iniciativa integra as pol\u00edticas p\u00fablicas estaduais voltadas \u00e0 empregabilidade e n\u00e3o substitui as atividades pedag\u00f3gicas regulares.<\/p>\n\n\n\n<p>AEN\/PR<\/p>\n","protected":false},"excerpt":{"rendered":"<p>Come\u00e7ou nesta segunda-feira (30), nas escolas da rede estadual de ensino, o processo de cadastro de estudantes na Carteira de Trabalho Digital (CTPS Digital) e na plataforma Emprega Brasil. A a\u00e7\u00e3o, coordenada pela Secretaria da Educa\u00e7\u00e3o do Paran\u00e1 (Seed-PR), segue at\u00e9 17 de abril e tem como objetivo facilitar a inser\u00e7\u00e3o dos jovens no mercado [&hellip;]<\/p>\n","protected":false},"author":2,"featured_media":77687,"comment_status":"open","ping_status":"open","sticky":false,"template":"","format":"standard","meta":{"advanced_seo_description":"","jetpack_seo_html_title":"","jetpack_seo_noindex":false,"_jetpack_memberships_contains_paid_content":false,"footnotes":""},"categories":[40],"tags":[],"class_list":{"0":"post-77686","1":"post","2":"type-post","3":"status-publish","4":"format-standard","5":"has-post-thumbnail","7":"category-destaques"},"jetpack_featured_media_url":"https:\/\/www.paranapraia.com.br\/wp-content\/uploads\/2026\/03\/lucas_fermin_00861.jpg","jetpack_sharing_enabled":true,"_links":{"self":[{"href":"https:\/\/www.paranapraia.com.br\/index.php\/wp-json\/wp\/v2\/posts\/77686"}],"collection":[{"href":"https:\/\/www.paranapraia.com.br\/index.php\/wp-json\/wp\/v2\/posts"}],"about":[{"href":"https:\/\/www.paranapraia.com.br\/index.php\/wp-json\/wp\/v2\/types\/post"}],"author":[{"embeddable":true,"href":"https:\/\/www.paranapraia.com.br\/index.php\/wp-json\/wp\/v2\/users\/2"}],"replies":[{"embeddable":true,"href":"https:\/\/www.paranapraia.com.br\/index.php\/wp-json\/wp\/v2\/comments?post=77686"}],"version-history":[{"count":1,"href":"https:\/\/www.paranapraia.com.br\/index.php\/wp-json\/wp\/v2\/posts\/77686\/revisions"}],"predecessor-version":[{"id":77688,"href":"https:\/\/www.paranapraia.com.br\/index.php\/wp-json\/wp\/v2\/posts\/77686\/revisions\/77688"}],"wp:featuredmedia":[{"embeddable":true,"href":"https:\/\/www.paranapraia.com.br\/index.php\/wp-json\/wp\/v2\/media\/77687"}],"wp:attachment":[{"href":"https:\/\/www.paranapraia.com.br\/index.php\/wp-json\/wp\/v2\/media?parent=77686"}],"wp:term":[{"taxonomy":"category","embeddable":true,"href":"https:\/\/www.paranapraia.com.br\/index.php\/wp-json\/wp\/v2\/categories?post=77686"},{"taxonomy":"post_tag","embeddable":true,"href":"https:\/\/www.paranapraia.com.br\/index.php\/wp-json\/wp\/v2\/tags?post=77686"}],"curies":[{"name":"wp","href":"https:\/\/api.w.org\/{rel}","templated":true}]}}