{"id":77632,"date":"2026-03-27T13:56:23","date_gmt":"2026-03-27T16:56:23","guid":{"rendered":"https:\/\/www.paranapraia.com.br\/?p=77632"},"modified":"2026-03-27T13:56:28","modified_gmt":"2026-03-27T16:56:28","slug":"dia-d-campanha-de-vacinacao-contra-a-gripe-comeca-neste-sabado-no-parana","status":"publish","type":"post","link":"https:\/\/www.paranapraia.com.br\/index.php\/2026\/03\/27\/dia-d-campanha-de-vacinacao-contra-a-gripe-comeca-neste-sabado-no-parana\/","title":{"rendered":"Dia D: campanha de vacina\u00e7\u00e3o contra a gripe come\u00e7a neste s\u00e1bado no Paran\u00e1"},"content":{"rendered":"\n<p>O Governo do Estado, por meio da Secretaria da Sa\u00fade (Sesa), inicia neste s\u00e1bado (28) a 28\u00aa Campanha Nacional de Vacina\u00e7\u00e3o contra a Influenza no Paran\u00e1, com o Dia D de multivacina\u00e7\u00e3o. A a\u00e7\u00e3o marca o come\u00e7o da imuniza\u00e7\u00e3o contra a gripe e refor\u00e7a a estrat\u00e9gia de prote\u00e7\u00e3o da popula\u00e7\u00e3o antes do per\u00edodo de maior circula\u00e7\u00e3o do v\u00edrus, com a atualiza\u00e7\u00e3o do imunizante.<\/p>\n\n\n\n<p>A campanha \u00e9 voltada \u00e0 vacina\u00e7\u00e3o contra a influenza, considerada a principal medida para prevenir casos graves, interna\u00e7\u00f5es e \u00f3bitos decorrentes da doen\u00e7a. A partir deste s\u00e1bado, a dose estar\u00e1 dispon\u00edvel ao p\u00fablico-alvo, como idosos, crian\u00e7as, gestantes, al\u00e9m de outros grupos priorit\u00e1rios como trabalhadores da sa\u00fade e pessoas com comorbidades.<\/p>\n\n\n\n<p>Levantamento junto aos 256 munic\u00edpios que participam aponta que, neste s\u00e1bado, das 8h \u00e0s 17h, estar\u00e3o abertas 915 salas de vacina\u00e7\u00e3o, com a atua\u00e7\u00e3o de 7.387 trabalhadores da sa\u00fade em todo o Estado.<\/p>\n\n\n\n<p>Durante a mobiliza\u00e7\u00e3o, as Unidades B\u00e1sicas de Sa\u00fade (UBS) estar\u00e3o abertas para facilitar o acesso da popula\u00e7\u00e3o. Paralelamente \u00e0 campanha contra a influenza, os munic\u00edpios tamb\u00e9m poder\u00e3o ofertar outras vacinas do calend\u00e1rio nacional, permitindo a atualiza\u00e7\u00e3o da carteira vacinal.<\/p>\n\n\n\n<p>A campanha segue at\u00e9 o final de maio e tem como meta imunizar mais de 4,5 milh\u00f5es de pessoas no Paran\u00e1. A Sesa refor\u00e7a que a vacina \u00e9 segura, gratuita e essencial para reduzir o impacto das doen\u00e7as respirat\u00f3rias sazonais.<\/p>\n\n\n\n<p>\u201cA vacina\u00e7\u00e3o contra a gripe \u00e9 uma das principais estrat\u00e9gias de sa\u00fade p\u00fablica para proteger a popula\u00e7\u00e3o. Com a imuniza\u00e7\u00e3o, conseguimos reduzir interna\u00e7\u00f5es e salvar vidas, especialmente entre os grupos mais vulner\u00e1veis\u201d, destacou o secret\u00e1rio de Estado da Sa\u00fade, Beto Preto.<\/p>\n\n\n\n<p>A orienta\u00e7\u00e3o \u00e9 que a popula\u00e7\u00e3o procure a unidade de sa\u00fade mais pr\u00f3xima para receber a dose e garantir a prote\u00e7\u00e3o antecipada. Para se vacinar, \u00e9 necess\u00e1rio apresentar documento pessoal e, se poss\u00edvel, a carteira de vacina\u00e7\u00e3o.<\/p>\n\n\n\n<p>No \u00faltimo s\u00e1bado (21) o Paran\u00e1 recebeu 332 mil doses da vacina que j\u00e1 foram distribu\u00eddas aos munic\u00edpios.&nbsp;Recomenda-se adiar a aplica\u00e7\u00e3o caso a pessoa apresente quadro de doen\u00e7as febris agudas, moderadas ou graves, ou caso confirmado de Covid-19 (RT- PCR e TR Ag), devendo se vacinar ap\u00f3s a melhora dos sintomas.<\/p>\n\n\n\n<p>AEN\/PR<\/p>\n","protected":false},"excerpt":{"rendered":"<p>O Governo do Estado, por meio da Secretaria da Sa\u00fade (Sesa), inicia neste s\u00e1bado (28) a 28\u00aa Campanha Nacional de Vacina\u00e7\u00e3o contra a Influenza no Paran\u00e1, com o Dia D de multivacina\u00e7\u00e3o. A a\u00e7\u00e3o marca o come\u00e7o da imuniza\u00e7\u00e3o contra a gripe e refor\u00e7a a estrat\u00e9gia de prote\u00e7\u00e3o da popula\u00e7\u00e3o antes do per\u00edodo de maior [&hellip;]<\/p>\n","protected":false},"author":2,"featured_media":77633,"comment_status":"open","ping_status":"open","sticky":false,"template":"","format":"standard","meta":{"advanced_seo_description":"","jetpack_seo_html_title":"","jetpack_seo_noindex":false,"_jetpack_memberships_contains_paid_content":false,"footnotes":""},"categories":[40],"tags":[],"class_list":{"0":"post-77632","1":"post","2":"type-post","3":"status-publish","4":"format-standard","5":"has-post-thumbnail","7":"category-destaques"},"jetpack_featured_media_url":"https:\/\/www.paranapraia.com.br\/wp-content\/uploads\/2026\/03\/20210203_agb_vacinacao_pinhais-28-scaled.jpg","jetpack_sharing_enabled":true,"_links":{"self":[{"href":"https:\/\/www.paranapraia.com.br\/index.php\/wp-json\/wp\/v2\/posts\/77632"}],"collection":[{"href":"https:\/\/www.paranapraia.com.br\/index.php\/wp-json\/wp\/v2\/posts"}],"about":[{"href":"https:\/\/www.paranapraia.com.br\/index.php\/wp-json\/wp\/v2\/types\/post"}],"author":[{"embeddable":true,"href":"https:\/\/www.paranapraia.com.br\/index.php\/wp-json\/wp\/v2\/users\/2"}],"replies":[{"embeddable":true,"href":"https:\/\/www.paranapraia.com.br\/index.php\/wp-json\/wp\/v2\/comments?post=77632"}],"version-history":[{"count":1,"href":"https:\/\/www.paranapraia.com.br\/index.php\/wp-json\/wp\/v2\/posts\/77632\/revisions"}],"predecessor-version":[{"id":77634,"href":"https:\/\/www.paranapraia.com.br\/index.php\/wp-json\/wp\/v2\/posts\/77632\/revisions\/77634"}],"wp:featuredmedia":[{"embeddable":true,"href":"https:\/\/www.paranapraia.com.br\/index.php\/wp-json\/wp\/v2\/media\/77633"}],"wp:attachment":[{"href":"https:\/\/www.paranapraia.com.br\/index.php\/wp-json\/wp\/v2\/media?parent=77632"}],"wp:term":[{"taxonomy":"category","embeddable":true,"href":"https:\/\/www.paranapraia.com.br\/index.php\/wp-json\/wp\/v2\/categories?post=77632"},{"taxonomy":"post_tag","embeddable":true,"href":"https:\/\/www.paranapraia.com.br\/index.php\/wp-json\/wp\/v2\/tags?post=77632"}],"curies":[{"name":"wp","href":"https:\/\/api.w.org\/{rel}","templated":true}]}}