{"id":77629,"date":"2026-03-27T13:54:06","date_gmt":"2026-03-27T16:54:06","guid":{"rendered":"https:\/\/www.paranapraia.com.br\/?p=77629"},"modified":"2026-03-27T13:54:09","modified_gmt":"2026-03-27T16:54:09","slug":"pmpr-entrega-54-viaturas-e-capacita-152-policiais-no-combate-a-violencia-domestica","status":"publish","type":"post","link":"https:\/\/www.paranapraia.com.br\/index.php\/2026\/03\/27\/pmpr-entrega-54-viaturas-e-capacita-152-policiais-no-combate-a-violencia-domestica\/","title":{"rendered":"PMPR entrega 54 viaturas e capacita 152 policiais no combate \u00e0 viol\u00eancia dom\u00e9stica"},"content":{"rendered":"\n<p>A Pol\u00edcia Militar do Paran\u00e1 (PMPR) entregou nesta sexta-feira (27), em Curitiba, 54 viaturas destinadas \u00e0 Patrulha Maria da Penha e formou 152 policiais no Nivelamento de Instrutores de Preven\u00e7\u00e3o \u00e0 Viol\u00eancia Dom\u00e9stica. Os ve\u00edculos fazem parte de um investimento de R$ 9,2 milh\u00f5es do Governo do Estado e ser\u00e3o empregados no refor\u00e7o do atendimento \u00e0s mulheres em situa\u00e7\u00e3o de viol\u00eancia, ampliando a presen\u00e7a policial, a realiza\u00e7\u00e3o de visitas preventivas e o acompanhamento de medidas protetivas em todo o Estado. A iniciativa fortalece a atua\u00e7\u00e3o do programa Mulher Segura e amplia a capacidade de resposta das equipes especializadas.<\/p>\n\n\n\n<p>A solenidade contou com a presen\u00e7a do secret\u00e1rio da Seguran\u00e7a P\u00fablica, coronel Hudson Le\u00f4ncio Teixeira, e do comandante-geral da PMPR, coronel Jefferson Silva, al\u00e9m de outras autoridades.<\/p>\n\n\n\n<p>As viaturas foram distribu\u00eddas para todas as regi\u00f5es do Paran\u00e1, atendendo os munic\u00edpios de Almirante Tamandar\u00e9, Apucarana, Arauc\u00e1ria, Assis Chateaubriand, Camb\u00e9, Campo Largo, Campo Mour\u00e3o, Colombo, Corn\u00e9lio Proc\u00f3pio, Cruzeiro do Oeste, Curitiba, Fazenda Rio Grande, Foz do Igua\u00e7u, Gua\u00edra, Guarapuava, Ibaiti, Irati, Ivaipor\u00e3, Jacarezinho, Lapa, Laranjeiras do Sul, Loanda, Londrina, Maring\u00e1, Matinhos, Medianeira, Palmas, Paranagu\u00e1, Paranava\u00ed, Pato Branco, Pinhais, Piraquara, Ponta Grossa, Realeza, Rio Negro, Rol\u00e2ndia, Santa Terezinha de Itaipu, S\u00e3o Jos\u00e9 dos Pinhais, Sarandi, Tamarana, Tel\u00eamaco Borba, Umuarama e Uni\u00e3o da Vit\u00f3ria.<\/p>\n\n\n\n<p>\u201cEsse investimento em viaturas e capacita\u00e7\u00e3o refor\u00e7a o compromisso do Governo do Estado com a prote\u00e7\u00e3o das mulheres paranaenses&#8221;, destacou o secret\u00e1rio Hudson Teixeira. &#8220;Neste m\u00eas, a seguran\u00e7a p\u00fablica desenvolve uma campanha robusta para chamar a aten\u00e7\u00e3o da sociedade e enfrentar a viol\u00eancia dom\u00e9stica de forma direta. Sabemos que ainda h\u00e1 resist\u00eancia, mas \u00e9 fundamental ampliar o acesso \u00e0 informa\u00e7\u00e3o e \u00e0 rede de prote\u00e7\u00e3o. Muitas v\u00edtimas n\u00e3o conseguem buscar ajuda sozinhas, e cabe ao Estado garantir que esse suporte chegue at\u00e9 elas, com presen\u00e7a policial qualificada, acompanhamento das medidas protetivas e atua\u00e7\u00e3o integrada para romper o ciclo de viol\u00eancia\u201d, enfatizou.<\/p>\n\n\n\n<p>De acordo com o comandante-geral da PMPR, coronel Jefferson Silva, a entrega das viaturas aliada \u00e0 capacita\u00e7\u00e3o dos policiais representa um avan\u00e7o estrat\u00e9gico no enfrentamento \u00e0 viol\u00eancia dom\u00e9stica. \u201cEstamos ampliando a presen\u00e7a da Patrulha Maria da Penha em todo o Estado e, ao mesmo tempo, qualificando nosso efetivo para um atendimento cada vez mais t\u00e9cnico, sens\u00edvel e eficiente. Essa integra\u00e7\u00e3o entre estrutura e preparo operacional garante respostas mais r\u00e1pidas, acompanhamento efetivo das medidas protetivas e maior prote\u00e7\u00e3o \u00e0s v\u00edtimas\u201d, afirmou.<\/p>\n\n\n\n<figure class=\"wp-block-image\"><img decoding=\"async\" src=\"https:\/\/www.parana.pr.gov.br\/sites\/default\/arquivos_restritos\/files\/imagem\/2026-03\/img_1807.jpg.jpg\" alt=\"PMPR entrega 54 viaturas e capacita 152 policiais para refor\u00e7ar combate \u00e0 viol\u00eancia dom\u00e9stica no Estado\"\/><\/figure>\n\n\n\n<p><strong>CAPACITA\u00c7\u00c3O<\/strong>&nbsp;\u2014 A formatura marcou o encerramento da capacita\u00e7\u00e3o realizada entre os dias 25 e 27 de mar\u00e7o, no Batalh\u00e3o de Pol\u00edcia Escolar Comunit\u00e1ria (BPEC), em Curitiba. O curso teve como foco a padroniza\u00e7\u00e3o do atendimento e o fortalecimento das a\u00e7\u00f5es preventivas no enfrentamento \u00e0 viol\u00eancia dom\u00e9stica em todo o Paran\u00e1. Os policiais participaram de uma forma\u00e7\u00e3o multidisciplinar, com conte\u00fados voltados ao estudo de feminic\u00eddios, atua\u00e7\u00e3o da Defensoria P\u00fablica, estrat\u00e9gias de acolhimento \u00e0s v\u00edtimas e enfrentamento da viol\u00eancia contra crian\u00e7as, adolescentes e idosos. Tamb\u00e9m foram abordadas ferramentas operacionais, como o monitoramento de agressores, uso de tornozeleiras eletr\u00f4nicas e padroniza\u00e7\u00e3o de a\u00e7\u00f5es preventivas.<\/p>\n\n\n\n<p>A programa\u00e7\u00e3o tamb\u00e9m incluiu o compartilhamento de boas pr\u00e1ticas adotadas por unidades da PMPR em diferentes regi\u00f5es do Estado, al\u00e9m do alinhamento de protocolos institucionais e do planejamento operacional para os pr\u00f3ximos anos. A proposta foi garantir maior uniformidade na atua\u00e7\u00e3o policial e ampliar a efetividade das a\u00e7\u00f5es preventivas desenvolvidas pela Patrulha Maria da Penha.<\/p>\n\n\n\n<p>\u201cEsse nivelamento permite alinhar procedimentos e fortalecer a atua\u00e7\u00e3o da Patrulha Maria da Penha em todo o Estado, garantindo que cada v\u00edtima seja acolhida com respeito e que as medidas protetivas sejam acompanhadas com rigor\u201d, destacou a major Carolina Pauleto Ferraz Zancan, coordenadora da Patrulha Maria da Penha.<\/p>\n\n\n\n<p>Outro ponto de destaque da iniciativa \u00e9 a integra\u00e7\u00e3o entre for\u00e7as de seguran\u00e7a e institui\u00e7\u00f5es da rede de prote\u00e7\u00e3o, com a participa\u00e7\u00e3o de representantes do sistema de Justi\u00e7a e da assist\u00eancia social. A iniciativa refor\u00e7a a atua\u00e7\u00e3o conjunta no atendimento \u00e0s v\u00edtimas e contribui para um fluxo mais \u00e1gil e eficiente no acompanhamento dos casos de viol\u00eancia dom\u00e9stica.<\/p>\n\n\n\n<p><strong>PRESEN\u00c7AS<\/strong>&nbsp;\u2014 Tamb\u00e9m participaram o comandante-geral do Corpo de Bombeiros Militar do Paran\u00e1, coronel Antonio Geraldo Hiller Lino; o comandante do 5\u00ba CRPM, coronel Valmir de Souza; o comandante do 6\u00ba CRPM, coronel Alessandro Galaski; o comandante do 2\u00ba CRPM, coronel Juarez Saldanha Machado; a deputada estadual Cloara Pinheiro; a deputada estadual Marcia Hu\u00e7ulak; a diretora-geral da Pol\u00edcia Penal do Paran\u00e1 Ananda Challegre; o diretor-geral da Pol\u00edcia Cient\u00edfica do Paran\u00e1, Ciro Jos\u00e9 Pimenta; o gestor de Pol\u00edticas P\u00fablicas da Secretarta da Seguran\u00e7a P\u00fablica (Sesp), coronel Silvio Roberto Saulo de Tarso Sanson; o chefe de gabinete do secret\u00e1rio da SESP, coronel Fernando Klemps; o diretor de Log\u00edstica da PMPR, tenente-coronel Pedro Paulo Porto de Sampaio; o comandante do Policiamento Especializado, tenente-coronel Rog\u00e9rio Gomes Pitz; o comandante do Comando de Miss\u00f5es Especiais, tenente-coronel Alexandre Lopes Dias; o comandante do Comando de Avia\u00e7\u00e3o, tenente-coronel Andrey M\u00fcller Yark; a delegada-chefe da Divis\u00e3o de Pol\u00edcia Especializada da Pol\u00edcia Civil; Luciana de Novaes; a diretora da secretaria da Mulher de Curitiba, Aline Betenheuser; a presidente da Comiss\u00e3o das Mulheres Advogadas, Naila Franco; &nbsp;e o presidente do Grupo Raytec, Jonatas Matos.<\/p>\n\n\n\n<p>AEN\/PR<\/p>\n","protected":false},"excerpt":{"rendered":"<p>A Pol\u00edcia Militar do Paran\u00e1 (PMPR) entregou nesta sexta-feira (27), em Curitiba, 54 viaturas destinadas \u00e0 Patrulha Maria da Penha e formou 152 policiais no Nivelamento de Instrutores de Preven\u00e7\u00e3o \u00e0 Viol\u00eancia Dom\u00e9stica. Os ve\u00edculos fazem parte de um investimento de R$ 9,2 milh\u00f5es do Governo do Estado e ser\u00e3o empregados no refor\u00e7o do atendimento [&hellip;]<\/p>\n","protected":false},"author":2,"featured_media":77630,"comment_status":"open","ping_status":"open","sticky":false,"template":"","format":"standard","meta":{"advanced_seo_description":"","jetpack_seo_html_title":"","jetpack_seo_noindex":false,"_jetpack_memberships_contains_paid_content":false,"footnotes":""},"categories":[40],"tags":[],"class_list":{"0":"post-77629","1":"post","2":"type-post","3":"status-publish","4":"format-standard","5":"has-post-thumbnail","7":"category-destaques"},"jetpack_featured_media_url":"https:\/\/www.paranapraia.com.br\/wp-content\/uploads\/2026\/03\/img_1809.jpg-scaled.jpg","jetpack_sharing_enabled":true,"_links":{"self":[{"href":"https:\/\/www.paranapraia.com.br\/index.php\/wp-json\/wp\/v2\/posts\/77629"}],"collection":[{"href":"https:\/\/www.paranapraia.com.br\/index.php\/wp-json\/wp\/v2\/posts"}],"about":[{"href":"https:\/\/www.paranapraia.com.br\/index.php\/wp-json\/wp\/v2\/types\/post"}],"author":[{"embeddable":true,"href":"https:\/\/www.paranapraia.com.br\/index.php\/wp-json\/wp\/v2\/users\/2"}],"replies":[{"embeddable":true,"href":"https:\/\/www.paranapraia.com.br\/index.php\/wp-json\/wp\/v2\/comments?post=77629"}],"version-history":[{"count":1,"href":"https:\/\/www.paranapraia.com.br\/index.php\/wp-json\/wp\/v2\/posts\/77629\/revisions"}],"predecessor-version":[{"id":77631,"href":"https:\/\/www.paranapraia.com.br\/index.php\/wp-json\/wp\/v2\/posts\/77629\/revisions\/77631"}],"wp:featuredmedia":[{"embeddable":true,"href":"https:\/\/www.paranapraia.com.br\/index.php\/wp-json\/wp\/v2\/media\/77630"}],"wp:attachment":[{"href":"https:\/\/www.paranapraia.com.br\/index.php\/wp-json\/wp\/v2\/media?parent=77629"}],"wp:term":[{"taxonomy":"category","embeddable":true,"href":"https:\/\/www.paranapraia.com.br\/index.php\/wp-json\/wp\/v2\/categories?post=77629"},{"taxonomy":"post_tag","embeddable":true,"href":"https:\/\/www.paranapraia.com.br\/index.php\/wp-json\/wp\/v2\/tags?post=77629"}],"curies":[{"name":"wp","href":"https:\/\/api.w.org\/{rel}","templated":true}]}}