{"id":77605,"date":"2026-03-27T10:53:57","date_gmt":"2026-03-27T13:53:57","guid":{"rendered":"https:\/\/www.paranapraia.com.br\/?p=77605"},"modified":"2026-03-27T10:54:00","modified_gmt":"2026-03-27T13:54:00","slug":"1-o-museu-satelite-festival-de-curitiba-e-shows-na-ilha-do-mel-marcam-agenda-da-semana","status":"publish","type":"post","link":"https:\/\/www.paranapraia.com.br\/index.php\/2026\/03\/27\/1-o-museu-satelite-festival-de-curitiba-e-shows-na-ilha-do-mel-marcam-agenda-da-semana\/","title":{"rendered":"1.\u00ba museu-sat\u00e9lite, Festival de Curitiba e shows na Ilha do Mel marcam agenda da semana"},"content":{"rendered":"\n<p>Um dos principais cart\u00f5es-postais do Litoral ser\u00e1 o palco de uma despedida gratuita do Ver\u00e3o Maior Paran\u00e1. Nos dias 27 e 28, acontecer\u00e3o\u00a0quatro grandes shows nacionais na Ilha do Mel.\u00a0Na sexta-feira (27), na Praia de Encantadas, Vitor Kley sobe ao palco \u00e0s 18h30, seguido pela banda Maskavo, \u00e0s 20h30. No s\u00e1bado (28), a festa se desloca para a Praia de Bras\u00edlia, com apresenta\u00e7\u00f5es da banda Lagum (18h30) e do grupo Maneva (20h30).\u00a0<\/p>\n\n\n\n<p>Na pr\u00f3xima quarta-feira (1.\u00ba), acontece a abertura do Museu Paranaense Londrina, o primeiro de oito museus-sat\u00e9lites do Governo do Estado e da Secretaria da Cultura (SEEC). Pela primeira vez, os museus estaduais deixar\u00e3o de se concentrar apenas em Curitiba, permitindo que um acervo superior a 3 milh\u00f5es de pe\u00e7as circule pelo interior do Estado.<\/p>\n\n\n\n<p>Tem in\u00edcio no dia 30 de mar\u00e7o o 34.\u00ba Festival de Curitiba, um dos maiores eventos de artes c\u00eanicas do pa\u00eds, que re\u00fane grandes nomes do teatro paranaense e brasileiro em grandes espet\u00e1culos. Nesta semana, o Guair\u00e3o recebe o espet\u00e1culo \u201cTim Maia \u2013 Vale Tudo, o Musical\u201d, como parte da programa\u00e7\u00e3o da Mostra Lucia Camargo. J\u00e1 o Guairinha recebe a pe\u00e7a \u201c(Um) Ensaio Sobre a Cegueira\u201d, da companhia mineira Grupo Galp\u00e3o, que ter\u00e1 duas sess\u00f5es.<\/p>\n\n\n\n<p>No dia 27 (sexta-feira), chega ao fim a mostra Aly Muritiba e Mano Cappu no Museu da Imagem e do Som do Paran\u00e1 (MIS-PR). Com entrada gratuita, a mostra que leva o nome dos diretores dos filmes faz parte da programa\u00e7\u00e3o do Projeto C\u00e1rcere e leva diversos debates a partir do tema de encarceramento e o sistema prisional brasileiro. Ap\u00f3s a exibi\u00e7\u00e3o dos filmes haver\u00e1 uma roda de conversa com os diretores.&nbsp;<\/p>\n\n\n\n<p><strong>Confira a programa\u00e7\u00e3o cultural completa:<\/strong><\/p>\n\n\n\n<p><strong><a href=\"https:\/\/www.teatroguaira.pr.gov.br\/\" target=\"_blank\" rel=\"noreferrer noopener\">Centro Cultural Teatro Gua\u00edra<\/a><\/strong><\/p>\n\n\n\n<p><strong>Audit\u00f3rio Bento Munhoz da Rocha Neto (Guair\u00e3o)<\/strong><\/p>\n\n\n\n<p>Tempo de Movimento&nbsp;\u2013 A dan\u00e7a contempor\u00e2nea encontra a m\u00fasica cl\u00e1ssica em \u201cTempo de Movimento\u201d, novo espet\u00e1culo do Bal\u00e9 Teatro Gua\u00edra (BTG) com participa\u00e7\u00e3o da Orquestra Sinf\u00f4nica do Paran\u00e1. A montagem abre a temporada 2026 da companhia de dan\u00e7a e re\u00fane tr\u00eas cria\u00e7\u00f5es coreogr\u00e1ficas: \u201cUnwaltz \u2013 Isso n\u00e3o \u00e9 uma valsa\u201d, de Mathieu Guilhaumon; \u201cSospiri ou Sobre a Finitude\u201d, de Luiz Fernando Bongiovanni; e \u201cStol \u2013 Uma quest\u00e3o de confian\u00e7a\u201d, de Alessandro Sousa Pereira. As coreografias dialogam com ideias de ciclos, transforma\u00e7\u00f5es e perman\u00eancias. O repert\u00f3rio musical inclui valsas de Johann Strauss II, o Ad\u00e1gio \u201cSospiri\u201d de Edward Elgar, e o c\u00e9lebre Bolero de Ravel. As apresenta\u00e7\u00f5es acontecem de 27 a 29 de mar\u00e7o, no Teatro Gua\u00edra, no Audit\u00f3rio Bento Munhoz da Rocha Neto (Guair\u00e3o). As sess\u00f5es ser\u00e3o \u00e0s 20h30 na sexta-feira (27) e no s\u00e1bado (28), e \u00e0s 18h no domingo (29). Os ingressos custam entre R$ 20 (inteira) e R$ 10 (meia-entrada), \u00e0 venda pelo&nbsp;<strong><a href=\"https:\/\/www.diskingressos.com.br\/grupo\/3065\/2026-03-29\/pr\/curitiba\/tempo-de-movimento-com-o-bale-teatro-guaira-e-a-orquestra-sinfonica-do-parana\" target=\"_blank\" rel=\"noreferrer noopener\">DiskIngressos<\/a><\/strong>&nbsp;e na bilheteria do Teatro.<\/p>\n\n\n\n<p>Tim Maia \u2013 Vale Tudo, o Musical &#8211; Festival de Curitiba&nbsp;\u2013 Integrando a programa\u00e7\u00e3o da Mostra Lucia Camargo do 34.\u00ba Festival de Curitiba, o Guair\u00e3o recebe o espet\u00e1culo \u201cTim Maia \u2013 Vale Tudo, o Musical\u201d, com duas sess\u00f5es no grande audit\u00f3rio do Teatro Gua\u00edra, nos dias 31 de mar\u00e7o e 1.\u00ba de abril, \u00e0s 20h30. Baseada no livro hom\u00f4nimo de Nelson Motta, a montagem conta com curadoria de Carmelo Maia, filho de Tim, e chega a Curitiba em uma nova vers\u00e3o. Os ingressos para o espet\u00e1culo est\u00e3o esgotados.<br><strong>[Ingressos Esgotados]<\/strong><\/p>\n\n\n\n<p><strong>Audit\u00f3rio Salvador de Ferrante (Guairinha)<\/strong><\/p>\n\n\n\n<p>(Um) Ensaio Sobre a Cegueira &#8211; Festival de Curitiba&nbsp;\u2013 O Grupo Galp\u00e3o, companhia de Belo Horizonte (MG), traz ao Teatro Gua\u00edra uma releitura do texto do autor portugu\u00eas e vencedor do Pr\u00eamio Nobel de Literatura, Jos\u00e9 Saramago, em uma montagem que vem sendo considerada obra-prima pela cr\u00edtica e integra a programa\u00e7\u00e3o da Mostra Lucia Camargo da 34.\u00aa edi\u00e7\u00e3o do Festival de Curitiba. A pe\u00e7a \u201c(Um) Ensaio Sobre a Cegueira\u201d ter\u00e1 duas sess\u00f5es, nos dias 31 de mar\u00e7o e 1.\u00ba de abril, no Guairinha, \u00e0s 20h30. Os ingressos para o espet\u00e1culo est\u00e3o esgotados.<br><strong>[Ingressos Esgotados]<\/strong><\/p>\n\n\n\n<p><strong>Audit\u00f3rio Glauco Flores S\u00e1 de Brito (Miniaudit\u00f3rio)<\/strong><\/p>\n\n\n\n<p>Oriundinas &#8211; Festival de Curitiba&nbsp;\u2013 A Mostra Africanidades da 34.\u00aa edi\u00e7\u00e3o do Festival de Curitiba apresenta na quarta-feira (1.\u00ba) o espet\u00e1culo \u201cOriundinas\u201d, da Cia MoonLight. A apresenta\u00e7\u00e3o acontece \u00e0s 20h, no Miniaudit\u00f3rio do Teatro Gua\u00edra. \u201cOriundinas\u201d \u00e9 um espet\u00e1culo de dan\u00e7a que investiga o resgate da mem\u00f3ria e a jornada de retorno \u00e0s origens, sugerindo que, independentemente da dist\u00e2ncia, essa conex\u00e3o permanece viva. Os ingressos custam R$ 10 (inteira) e R$ 5 (meia-entrada) e podem ser adquiridos pelo site&nbsp;<strong><a href=\"https:\/\/festivaldecuritiba.com.br\/programacao\/oriundina\/\" target=\"_blank\" rel=\"noreferrer noopener\">www.festivaldecuritiba.com.br<\/a><\/strong>&nbsp;ou na bilheteria f\u00edsica localizada no Shopping Mueller (Av. C\u00e2ndido de Abreu, 127 \u2013 Piso L3, Centro C\u00edvico).<\/p>\n\n\n\n<p>\u00c1gua Fria &#8211; Festival de Curitiba&nbsp;\u2013 \u201c\u00c1gua Fria\u201d \u00e9 uma performance solo de Lu\u00eds Sandrim, um mergulho no autoconhecimento racial que aborda a sensa\u00e7\u00e3o de \u201cn\u00e3o lugar\u201d vivida por pessoas negras fruto da miscigena\u00e7\u00e3o. O espet\u00e1culo acontece na quinta-feira (2), \u00e0s 20h, no Audit\u00f3rio Glauco Flores de S\u00e1 Brito (Miniaudit\u00f3rio) do Teatro Gua\u00edra. A obra integra a Mostra Africanidades da 34.\u00aa edi\u00e7\u00e3o do Festival de Curitiba e tem entrada mediante contribui\u00e7\u00e3o espont\u00e2nea.<\/p>\n\n\n\n<p><strong>[Contribui\u00e7\u00e3o espont\u00e2nea]<\/strong><\/p>\n\n\n\n<p>Soul\/\/l| Festival de Curitiba&nbsp;\u2013 A Mostra Africanidades apresenta na quinta-feira (2), \u00e0s 20h, o espet\u00e1culo \u201cSoul\/l\u201d, da Cia MoonLight. A apresenta\u00e7\u00e3o acontece no Miniaudit\u00f3rio do Teatro Gua\u00edra.\u201cSoul\/l\u201d \u00e9 um espet\u00e1culo de dan\u00e7a que parte de uma investiga\u00e7\u00e3o sobre identidade. A entrada \u00e9 mediante contribui\u00e7\u00e3o espont\u00e2nea.<\/p>\n\n\n\n<p><strong>[Contribui\u00e7\u00e3o espont\u00e2nea]<\/strong><\/p>\n\n\n\n<p>Oficina de Escrita Po\u00e9tica &#8211; Festival de Curitiba&nbsp;\u2013 Realizada pela Cia MoonLight, a Mostra Africanidades apresenta uma programa\u00e7\u00e3o dedicada \u00e0 cria\u00e7\u00e3o art\u00edstica negra, reunindo dan\u00e7a, poesia falada e a\u00e7\u00f5es formativas no Fringe 2026. A atividade acontece no dia 2 de abril, quinta-feira, \u00e0s 14h, mediante inscri\u00e7\u00e3o pr\u00e9via no&nbsp;<a href=\"https:\/\/festivaldecuritiba.com.br\/programacao\/oficina-de-escrita-poetica-e-poesia-falada\/\" target=\"_blank\" rel=\"noreferrer noopener\"><strong>site do festival<\/strong><\/a>&nbsp;e por meio de contribui\u00e7\u00f5es espont\u00e2neas.<\/p>\n\n\n\n<p>Teatro Jos\u00e9 Maria Santos<\/p>\n\n\n\n<p>A Boca Que Tudo Come Tem Fome &#8211; Festival de Curitiba&nbsp;\u2013 A Companhia de Teatro Heli\u00f3polis apresenta no Teatro Jos\u00e9 Maria Santos o espet\u00e1culo \u201cA Boca Que Tudo Come Tem Fome (do C\u00e1rcere \u00e0s Ruas)\u201d, que aborda as dificuldades de readapta\u00e7\u00e3o \u00e0 vida em sociedade ap\u00f3s a sa\u00edda da pris\u00e3o, com narrativa estruturada a partir de seis solos. A montagem integra a programa\u00e7\u00e3o da Mostra Lucia Camargo da 34.\u00aa edi\u00e7\u00e3o do Festival de Curitiba, com sess\u00f5es nos dias 2 e 3 de abril, \u00e0s 18h30. Os ingressos para o espet\u00e1culo est\u00e3o esgotados.<br><strong>[Ingressos Esgotados].<\/strong><\/p>\n\n\n\n<p><strong><a href=\"https:\/\/www.museuoscarniemeyer.org.br\/\" target=\"_blank\" rel=\"noreferrer noopener\">Museu Oscar Niemeyer (MON)<\/a><\/strong><\/p>\n\n\n\n<p>Visita guiada mar\u00e7o &#8211; Sess\u00e3o 4&nbsp;\u2013 Na sexta-feira (27), tem in\u00edcio \u00e0s 15h a visita guiada promovida pelo Setor Educativo do MON para conhecer em detalhes a arquitetura, o acervo e as exposi\u00e7\u00f5es do Museu Oscar Niemeyer. Para participar, \u00e9 preciso comprar o ingresso comum (inteira, meia-entrada ou isento), juntamente com o ingresso da visita guiada,&nbsp;<strong><a href=\"https:\/\/museuoscarniemeyer.comprenozet.com.br\/\" target=\"_blank\" rel=\"noreferrer noopener\">neste site<\/a><\/strong>. O ponto de encontro \u00e9 em frente \u00e0 bilheteria.<\/p>\n\n\n\n<p>Em cartaz&nbsp;\u2013 Diversas exposi\u00e7\u00f5es est\u00e3o em cartaz: \u201cTeia \u00e0 Toa\u201d; \u201cSonhos de Cinema\u201d; \u201cO mundo l\u00fadico dos Mang\u00e1s e Animes\u201d; \u201c\u00c1sia: a Terra, os Homens, os Deuses\u201d; \u201cMON sem Paredes\u201d; \u201c\u00c1frica, Express\u00f5es Art\u00edsticas de um Continente\u201d; \u201cTrilhos e Tra\u00e7os \u2013 Poty 100 anos\u201d; \u201cAfeganist\u00e3o \u2013 Tapetes de Paz e Guerra\u201d; \u201cP\u00e1tio das Esculturas\u201d; \u201cEspa\u00e7o Niemeyer\u201d e \u201cA Cor e o lirismo de Alberto Massuda\u201d.<\/p>\n\n\n\n<p><strong><a href=\"https:\/\/www.mac.pr.gov.br\/\" target=\"_blank\" rel=\"noreferrer noopener\">Museu de Arte Contempor\u00e2nea do Paran\u00e1<\/a><\/strong><\/p>\n\n\n\n<p>Abertura &#8211; Bordaleiros&nbsp;\u2013 O MAC Paran\u00e1 abre no dia 31 (ter\u00e7a-feira), \u00e0s 15h, na Sede Adalice Ara\u00fajo, a exposi\u00e7\u00e3o \u201cBordaleiros\u201d, com curadoria de Glauco Menta. A mostra re\u00fane obras de Andr\u00e9ia L\u00e1s, D\u00e9bora Santiago, Glaucia Flugel, Glauco Menta, Regina Costacurta, Silvio Rodolfo e Toni Graton, que dialogam com o imagin\u00e1rio do artista portugu\u00eas Rafael Bordalo Pinheiro.<\/p>\n\n\n\n<p>Em cartaz&nbsp;\u2013 \u201cEntreLinhas, Cores e Linguagens \u2013 55 Anos de MAC-PR\u201d nas salas 08 e 09 do MAC no MON.&nbsp;<\/p>\n\n\n\n<p><strong><a href=\"https:\/\/www.bpp.pr.gov.br\/\" target=\"_blank\" rel=\"noreferrer noopener\">Biblioteca P\u00fablica do Paran\u00e1 (BPP)<\/a><\/strong><\/p>\n\n\n\n<p>C\u00e2ndido n.\u00ba 168 \u2013 VIVALICE&nbsp;\u2013 A edi\u00e7\u00e3o de mar\u00e7o traz em destaque uma entrevista exclusiva com a escritora paranaense Alice Ruiz, que completou 80 anos em janeiro. Como complemento do conte\u00fado especial, a retranca traz uma sele\u00e7\u00e3o de livros e discos de Alice.<\/p>\n\n\n\n<p>A reportagem de Nayara Almeida mostra o papel de sebos e livrarias para circula\u00e7\u00e3o de livros em Curitiba. O \u201cC\u00e2ndido\u201d tamb\u00e9m publica o \u00faltimo texto de Wilson Bueno, que faria 77 anos este m\u00eas, \u201cPara sempre\u201d.&nbsp;<\/p>\n\n\n\n<p>Na se\u00e7\u00e3o literatura, Paula Nishizima traz a tradu\u00e7\u00e3o do poema &#8220;Sea Song&#8221;, de Katherine Mansfield. Tha\u00eds Campolina assina uma sele\u00e7\u00e3o de poemas in\u00e9ditos. A coluna \u201cOrelhas marcadas\u201d, de Carlitos Marinho, apresenta os grifos favoritos dos leitores. O ensaio fotogr\u00e1fico \u201cNenhuma vida a menos\u201d, de Luiza Yasumoto, fecha a edi\u00e7\u00e3o.<\/p>\n\n\n\n<p>A arte da capa \u00e9 inspirada na capa de \u201cNavalhanaliga\u201d, primeiro livro de Alice Ruiz, lan\u00e7ado em 1984, com foto de Kraw Penas e interven\u00e7\u00e3o gr\u00e1fica de Iuri de S\u00e1.&nbsp;<\/p>\n\n\n\n<p>Acesse a edi\u00e7\u00e3o completa&nbsp;<strong><a href=\"https:\/\/www.bpp.pr.gov.br\/Candido\" target=\"_blank\" rel=\"noreferrer noopener\">AQUI<\/a><\/strong>.<\/p>\n\n\n\n<p><strong>EVENTOS<\/strong><\/p>\n\n\n\n<p>Palestra &#8211; Dia do Bibliotec\u00e1rio<\/p>\n\n\n\n<p>Apresentada pelo Conselho Regional de Biblioteconomia 9\u00aa Regi\u00e3o<\/p>\n\n\n\n<p>Dia: 27 de mar\u00e7o (sexta-feira)<\/p>\n\n\n\n<p>Hor\u00e1rio: 17h \u00e0s 19h30<\/p>\n\n\n\n<p>Local: Audit\u00f3rio&nbsp;<\/p>\n\n\n\n<p><strong>PROJETOS FIXOS<\/strong><\/p>\n\n\n\n<p><strong>SE\u00c7\u00c3O INFANTIL&nbsp;<\/strong><\/p>\n\n\n\n<p>Leitura Amiga<\/p>\n\n\n\n<p>As crian\u00e7as escolhem seus livros preferidos e leem com os animais adestrados do Instituto C\u00e3o Amigo &amp; Cia.<\/p>\n\n\n\n<p>Dia: 28 de mar\u00e7o (s\u00e1bado)<\/p>\n\n\n\n<p>Hor\u00e1rio: 10h \u00e0s 11h<\/p>\n\n\n\n<p>Local: Se\u00e7\u00e3o Infantil<\/p>\n\n\n\n<p>Hora do conto&nbsp;<\/p>\n\n\n\n<p>Conta\u00e7\u00e3o da hist\u00f3ria \u201cAs tr\u00eas tias de Matias\u201d, de Anderson Novello, encenada para crian\u00e7as.<\/p>\n\n\n\n<p>Dias: 30 de mar\u00e7o e 1.\u00ba de abril (segunda e quarta-feira)<\/p>\n\n\n\n<p>Hor\u00e1rios: 10h30 e 14h30<\/p>\n\n\n\n<p>Dura\u00e7\u00e3o de cerca de 30 minutos cada sess\u00e3o<\/p>\n\n\n\n<p>Local: Se\u00e7\u00e3o Infantil<\/p>\n\n\n\n<p>Cine Pipoca<\/p>\n\n\n\n<p>Exibi\u00e7\u00e3o do filme \u201cUrsinho Pooh: A P\u00e1scoa de Guru\u201d com distribui\u00e7\u00e3o de pipoca<\/p>\n\n\n\n<p>Dia: 1.\u00ba de abril (quarta-feira)<\/p>\n\n\n\n<p>Hor\u00e1rio: 15h<\/p>\n\n\n\n<p>Dura\u00e7\u00e3o: 1h05<\/p>\n\n\n\n<p>Local: Audit\u00f3rio<\/p>\n\n\n\n<p>Sess\u00e3o apenas para crian\u00e7as acompanhadas pelos pais ou respons\u00e1veis.<\/p>\n\n\n\n<p><strong>SE\u00c7\u00c3O BRAILLE&nbsp;<\/strong><\/p>\n\n\n\n<p>Encontro de eficientes<\/p>\n\n\n\n<p>Encontro e debates de interesse para pessoas com defici\u00eancia visual, amigos e familiares presentes no dia.<\/p>\n\n\n\n<p>Dia: 27 de mar\u00e7o (sexta-feira)<\/p>\n\n\n\n<p>Hor\u00e1rio: 14h \u00e0s 17h<\/p>\n\n\n\n<p>Local: Sala de reuni\u00f5es, no 2.\u00ba andar<\/p>\n\n\n\n<p>Capacidade m\u00e1xima: 25 pessoas<\/p>\n\n\n\n<p>Cine Inclusivo<\/p>\n\n\n\n<p>Sess\u00f5es de filmes com audiodescri\u00e7\u00e3o e janela de libras para pessoas com defici\u00eancia visual e auditiva.<\/p>\n\n\n\n<p>T\u00edtulos dispon\u00edveis:<\/p>\n\n\n\n<p>\u201cO encantador de cavalos\u201d &#8211; Classifica\u00e7\u00e3o: 18 anos &#8211; Dura\u00e7\u00e3o: 170 minutos<\/p>\n\n\n\n<p>\u201cQuerido John\u201d &#8211; Classifica\u00e7\u00e3o: 12 anos &#8211; Dura\u00e7\u00e3o: 108 minutos&nbsp;<\/p>\n\n\n\n<p>\u201cO tempo e o vento\u201d &#8211; Classifica\u00e7\u00e3o: 14 anos &#8211; Dura\u00e7\u00e3o: 127 minutos<\/p>\n\n\n\n<p>Dias: at\u00e9 31 de mar\u00e7o<\/p>\n\n\n\n<p>Hor\u00e1rio: 8h30 \u00e0s 18h \u2013 segunda a sexta-feira<\/p>\n\n\n\n<p>Local: Se\u00e7\u00e3o Braille<\/p>\n\n\n\n<p>Agendamento pelo telefone: (41) 3221-4985<\/p>\n\n\n\n<p><strong><a href=\"https:\/\/www.museuparanaense.pr.gov.br\/\" target=\"_blank\" rel=\"noreferrer noopener\">Museu Paranaense (MUPA)<\/a><\/strong><\/p>\n\n\n\n<p>Um Tempo Todo para ser Nosso&nbsp;\u2013 Na pr\u00f3xima quarta-feira (1.\u00ba), a partir das 17h, o Museu Paranaense apresenta o lan\u00e7amento do livro \u201cUm tempo todo para ser nosso: 10 mulheres artistas em seus espa\u00e7os de trabalho\u201d. O evento ser\u00e1 aberto ao p\u00fablico e contar\u00e1 com a distribui\u00e7\u00e3o gratuita do livro e uma roda de conversa com as artistas Ligia Borba e Vilma Slomp, acompanhadas da curadora Galciani Neves. Na ocasi\u00e3o, ser\u00e1 apresentada uma pequena mostra de fotografias que integra a publica\u00e7\u00e3o, concebida especialmente para o lan\u00e7amento no MUPA. Todas as artistas reunidas na obra t\u00eam em comum sua atua\u00e7\u00e3o no campo das artes visuais no Paran\u00e1. A entrada \u00e9 gratuita.<\/p>\n\n\n\n<p>MUPA Londrina&nbsp;\u2013 Acontece nesta quarta-feira (1.\u00ba) o lan\u00e7amento do primeiro museu-sat\u00e9lite Paran\u00e1: o MUPA Londrina. O Museu Paranaense (MUPA), que \u00e9 o terceiro museu p\u00fablico mais antigo do Brasil e o mais antigo do Paran\u00e1, estar\u00e1 presente na Capital do Caf\u00e9. O MUPA Londrina faz parte da pol\u00edtica p\u00fablica de museus-sat\u00e9lites do Governo do Estado e da SEEC. A partir de 2026, ser\u00e3o implantados oito sat\u00e9lites de museus em diferentes regi\u00f5es do Paran\u00e1. Com a implanta\u00e7\u00e3o desses novos espa\u00e7os, mais de 3 milh\u00f5es de itens dos acervos dos museus estaduais estar\u00e3o em circula\u00e7\u00e3o.<\/p>\n\n\n\n<p>Em cartaz&nbsp;\u2013 Diversas exposi\u00e7\u00f5es est\u00e3o em cartaz: \u201cVitrine Panflet\u00e1ria\u201d, \u201cC\u00e9u-Eclipse\u201d; \u201cObjeto Sujeito\u201d; \u201cNosso estado: vento e\/em movimento\u201d; \u201cMejtere: hist\u00f3rias recontadas\u201d; \u201cEphemera\/Perp\u00e9tua\u201d; \u201cLange de Morretes: entre-paisagens\u201d; \u201cNumism\u00e1tica e cultura material\u201d.<\/p>\n\n\n\n<p><strong><a href=\"https:\/\/www.mcaa.pr.gov.br\/\" target=\"_blank\" rel=\"noreferrer noopener\">Museu Casa Alfredo Andersen (MCAA)<\/a><\/strong><\/p>\n\n\n\n<p>Bate-papo com artista Hugo Mendes&nbsp;&#8211; No dia 30 de mar\u00e7o (segunda-feira), \u00e0s 10h, o MCAA recebe o artista Hugo Mendes para um bate-papo aberto ao p\u00fablico. Escultura, pintura e desenho s\u00e3o os principais instrumentos que ele utiliza para abordar quest\u00f5es diversificadas no campo po\u00e9tico. N\u00e3o \u00e9 necess\u00e1rio fazer inscri\u00e7\u00e3o para participar.<\/p>\n\n\n\n<p>Nova residente art\u00edstica&nbsp;\u2013 O ateli\u00ea recebe uma nova residente art\u00edstica: Luiza Nascimento. Com o t\u00edtulo \u201cTravessia\u201d, a ceramista ir\u00e1 produzir obras inspiradas na trajet\u00f3ria de Alfredo Andersen, e mais especificamente, na rela\u00e7\u00e3o do pintor com sua esposa Ana de Oliveira. A artista receber\u00e1 visitantes \u00e0s ter\u00e7as, quartas e sextas, das 9h45 \u00e0s 12h<\/p>\n\n\n\n<p>Em cartaz&nbsp;\u2013 \u201cAlfredo Andersen\u201d, \u201cCalderari: amar, al\u00e9m do mar\u201d e \u201cEntre a Forma e o Tempo\u201d.<\/p>\n\n\n\n<p><strong><a href=\"https:\/\/www.mis.pr.gov.br\/\" target=\"_blank\" rel=\"noreferrer noopener\">Museu da Imagem e do Som (MIS-PR)<\/a><\/strong><\/p>\n\n\n\n<p>Mostra de Cinema&nbsp;\u2013 No dia 27 (sexta-feira), conclui-se a mostra Aly Muritiba e Mano Cappu. Com entrada gratuita, a mostra que leva o nome dos diretores dos filmes faz parte da programa\u00e7\u00e3o do Projeto C\u00e1rcere e leva diversos debates a partir do tema de encarceramento e o sistema prisional brasileiro. A mostra exibir\u00e1 cinco filmes gratuitos dos diretores Aly Muritiba e Mano Cappu, feitos a partir de pesquisas e viv\u00eancias com o sistema carcer\u00e1rio no Brasil. Ap\u00f3s a exibi\u00e7\u00e3o dos filmes haver\u00e1 uma roda de conversa com os diretores. Com classifica\u00e7\u00e3o acima de 18 anos, a entrada ser\u00e1 por ordem de chegada, com vagas limitadas.<\/p>\n\n\n\n<p>Confira a programa\u00e7\u00e3o&nbsp;<\/p>\n\n\n\n<p>Dia 27 de mar\u00e7o &#8211; 18h30<\/p>\n\n\n\n<p>\u2666 A Gente (2013) &#8211; 89 minutos<\/p>\n\n\n\n<p>Document\u00e1rio&nbsp;<\/p>\n\n\n\n<p>Sinopse: Por sete anos, Aly Muritiba trabalhou em uma pris\u00e3o. L\u00e1 ele fez parte da Equipe Alfa. Ap\u00f3s estudar cinema e dirigir alguns curtas-metragens, Muritiba volta ao seu antigo trabalho para reencontrar seus colegas e fazer um filme. A Equipe Alfa \u00e9 formada por 28 pessoas, homens e mulheres de origens e forma\u00e7\u00f5es distintas que fazem a guarda e cust\u00f3dia de cerca de mil criminosos numa penit\u00eancia brasileira. Walkiu torna-se o chefe da equipe e espera fazer um bom trabalho. Mas percebe que suas m\u00e3os est\u00e3o algemadas.<\/p>\n\n\n\n<p>Dire\u00e7\u00e3o: Aly Muritiba&nbsp;<\/p>\n\n\n\n<p>Em cartaz&nbsp;\u2013 \u201cDesse Lado do Muro\u201d, \u201cSinestesia dos Objetos\u201d e \u201cFoto Brasil\u201d.<\/p>\n\n\n\n<p><strong>ENDERE\u00c7OS:<\/strong><\/p>\n\n\n\n<p><strong>Museu do Expedicion\u00e1rio<\/strong><\/p>\n\n\n\n<p>R. Comendador Macedo, 655 \u2013 Alto da XV, Curitiba<\/p>\n\n\n\n<p><strong>Museu Oscar Niemeyer (MON)<\/strong><\/p>\n\n\n\n<p>Rua Mal. Hermes, 999 \u2013 Centro C\u00edvico, Curitiba<\/p>\n\n\n\n<p>(41) 3350-4468 \/ 3350-4448<\/p>\n\n\n\n<p><strong>Museu Paranaense (MUPA)<\/strong><\/p>\n\n\n\n<p>Rua Kellers, 289 \u2013 S\u00e3o Francisco, Curitiba<\/p>\n\n\n\n<p>(41) 3304-3300<\/p>\n\n\n\n<p><strong>Museu da Imagem e do Som (MIS-PR)<\/strong><\/p>\n\n\n\n<p>Rua Bar\u00e3o do Rio Branco, 395 \u2013 Centro, Curitiba<\/p>\n\n\n\n<p>(41) 3232-9113<\/p>\n\n\n\n<p><strong>Biblioteca P\u00fablica do Paran\u00e1 (BPP)<\/strong><\/p>\n\n\n\n<p>Rua C\u00e2ndido Lopes, 133 \u2013 Centro, Curitiba<\/p>\n\n\n\n<p>(41) 3221-4951<\/p>\n\n\n\n<p><strong>Museu Casa Alfredo Andersen (MCAA)<\/strong><\/p>\n\n\n\n<p>Rua Mateus Leme, 336 \u2013 S\u00e3o Francisco, Curitiba<\/p>\n\n\n\n<p>(41) 3222-8262<\/p>\n\n\n\n<p><strong>Museu de Arte Contempor\u00e2nea do Paran\u00e1 (MAC-PR)<\/strong><\/p>\n\n\n\n<p>Funcionando temporariamente no Museu Oscar Niemeyer, salas 8 e 9<\/p>\n\n\n\n<p>Rua Mal. Hermes, 999 \u2013 Centro C\u00edvico, Curitiba<\/p>\n\n\n\n<p>(41) 3323-5328 \/ 3222-5172<\/p>\n\n\n\n<p><strong>Sede Adalice Ara\u00fajo<\/strong><\/p>\n\n\n\n<p>Rua \u00c9bano Pereira, 240 \u2013 Centro, Curitiba<\/p>\n\n\n\n<p><strong>Canal da M\u00fasica \u2013 Grande Audit\u00f3rio<\/strong><\/p>\n\n\n\n<p>Rua Julio Perneta, 695 \u2013 Merc\u00eas, Curitiba<\/p>\n\n\n\n<p>(41) 3331-7579<\/p>\n\n\n\n<p><strong>Casa Gomm<\/strong><\/p>\n\n\n\n<p>Rua Bruno Filgueira, 850 \u2013 Batel, Curitiba<\/p>\n\n\n\n<p><strong>Centro Cultural Teatro Gua\u00edra<\/strong><\/p>\n\n\n\n<p>Audit\u00f3rio Bento Munhoz da Rocha Neto (Guair\u00e3o) \u2013 Rua Conselheiro Laurindo, 175 \u2013 Centro, Curitiba<\/p>\n\n\n\n<p>Audit\u00f3rio Salvador de Ferrante (Guairinha) \u2013 Rua XV de Novembro, 971 \u2013 Centro, Curitiba<\/p>\n\n\n\n<p>Audit\u00f3rio Glauco Flores de S\u00e1 Brito (Miniaudit\u00f3rio) \u2013 Rua Amintas de Barros, 70 \u2013 Centro, Curitiba<\/p>\n\n\n\n<p>Teatro Z\u00e9 Maria \u2013 Rua Treze de Maio, 655 \u2013 S\u00e3o Francisco, Curitiba<\/p>\n\n\n\n<p>AEN\/PR<\/p>\n","protected":false},"excerpt":{"rendered":"<p>Um dos principais cart\u00f5es-postais do Litoral ser\u00e1 o palco de uma despedida gratuita do Ver\u00e3o Maior Paran\u00e1. Nos dias 27 e 28, acontecer\u00e3o\u00a0quatro grandes shows nacionais na Ilha do Mel.\u00a0Na sexta-feira (27), na Praia de Encantadas, Vitor Kley sobe ao palco \u00e0s 18h30, seguido pela banda Maskavo, \u00e0s 20h30. No s\u00e1bado (28), a festa se [&hellip;]<\/p>\n","protected":false},"author":2,"featured_media":77606,"comment_status":"open","ping_status":"open","sticky":false,"template":"","format":"standard","meta":{"advanced_seo_description":"","jetpack_seo_html_title":"","jetpack_seo_noindex":false,"_jetpack_memberships_contains_paid_content":false,"footnotes":""},"categories":[40],"tags":[],"class_list":{"0":"post-77605","1":"post","2":"type-post","3":"status-publish","4":"format-standard","5":"has-post-thumbnail","7":"category-destaques"},"jetpack_featured_media_url":"https:\/\/www.paranapraia.com.br\/wp-content\/uploads\/2026\/03\/ilha_do_mel_jonathan_campos_aen.jpg","jetpack_sharing_enabled":true,"_links":{"self":[{"href":"https:\/\/www.paranapraia.com.br\/index.php\/wp-json\/wp\/v2\/posts\/77605"}],"collection":[{"href":"https:\/\/www.paranapraia.com.br\/index.php\/wp-json\/wp\/v2\/posts"}],"about":[{"href":"https:\/\/www.paranapraia.com.br\/index.php\/wp-json\/wp\/v2\/types\/post"}],"author":[{"embeddable":true,"href":"https:\/\/www.paranapraia.com.br\/index.php\/wp-json\/wp\/v2\/users\/2"}],"replies":[{"embeddable":true,"href":"https:\/\/www.paranapraia.com.br\/index.php\/wp-json\/wp\/v2\/comments?post=77605"}],"version-history":[{"count":1,"href":"https:\/\/www.paranapraia.com.br\/index.php\/wp-json\/wp\/v2\/posts\/77605\/revisions"}],"predecessor-version":[{"id":77607,"href":"https:\/\/www.paranapraia.com.br\/index.php\/wp-json\/wp\/v2\/posts\/77605\/revisions\/77607"}],"wp:featuredmedia":[{"embeddable":true,"href":"https:\/\/www.paranapraia.com.br\/index.php\/wp-json\/wp\/v2\/media\/77606"}],"wp:attachment":[{"href":"https:\/\/www.paranapraia.com.br\/index.php\/wp-json\/wp\/v2\/media?parent=77605"}],"wp:term":[{"taxonomy":"category","embeddable":true,"href":"https:\/\/www.paranapraia.com.br\/index.php\/wp-json\/wp\/v2\/categories?post=77605"},{"taxonomy":"post_tag","embeddable":true,"href":"https:\/\/www.paranapraia.com.br\/index.php\/wp-json\/wp\/v2\/tags?post=77605"}],"curies":[{"name":"wp","href":"https:\/\/api.w.org\/{rel}","templated":true}]}}