{"id":77548,"date":"2026-03-25T13:51:56","date_gmt":"2026-03-25T16:51:56","guid":{"rendered":"https:\/\/www.paranapraia.com.br\/?p=77548"},"modified":"2026-03-25T13:51:58","modified_gmt":"2026-03-25T16:51:58","slug":"saude-ocular-estado-inicia-triagens-da-segunda-fase-do-programa-bons-olhos-parana","status":"publish","type":"post","link":"https:\/\/www.paranapraia.com.br\/index.php\/2026\/03\/25\/saude-ocular-estado-inicia-triagens-da-segunda-fase-do-programa-bons-olhos-parana\/","title":{"rendered":"Sa\u00fade ocular: Estado inicia triagens da segunda fase do programa Bons Olhos Paran\u00e1"},"content":{"rendered":"\n<p>As triagens da segunda fase do programa Bons Olhos Paran\u00e1, iniciativa do Governo do Estado voltada \u00e0 promo\u00e7\u00e3o da sa\u00fade ocular de crian\u00e7as e adolescentes da rede p\u00fablica de ensino, j\u00e1 come\u00e7aram. Os&nbsp;primeiros&nbsp;munic\u00edpios&nbsp;a receberem&nbsp;as equipes t\u00e9cnicas foram&nbsp;Loanda,&nbsp;Mandaguari e Terra Rica,&nbsp;na regi\u00e3o Noroeste,&nbsp;e Foz do Jord\u00e3o e Reserva do Igua\u00e7u, no Centro-Sul.<\/p>\n\n\n\n<p>Nesta etapa, ser\u00e3o selecionadas as crian\u00e7as e adolescentes que passar\u00e3o por&nbsp;consultas oftalmol\u00f3gicas e&nbsp;os&nbsp;exames especializados, que est\u00e3o&nbsp;previstos para come\u00e7arem em abril. Os atendimentos acontecem de forma itinerante, por meio de consult\u00f3rios instalados em carretas e \u00f4nibus adaptados que percorrem o Estado.<\/p>\n\n\n\n<p>A partir da pr\u00f3xima semana, as triagens ser\u00e3o realizadas em Engenheiro Beltr\u00e3o, Alto Paran\u00e1, Planalto, Marquinho, Virmond e Mallet. Na segunda semana de abril, ser\u00e1 a vez de Turvo, Ivaipor\u00e3, Manoel Ribas, Pitanga, Capanema, Pi\u00ean e Rio Negro.&nbsp;Na sequ\u00eancia, munic\u00edpios&nbsp;de outras regi\u00f5es do Estado&nbsp;tamb\u00e9m&nbsp;receber\u00e3o o programa. Ap\u00f3s a realiza\u00e7\u00e3o todos os exames, iniciar\u00e1 a entrega gratuita de \u00f3culos com lentes antirreflexo e arma\u00e7\u00f5es de qualidade.<\/p>\n\n\n\n<p>Coordenado pela Secretaria de Estado do Desenvolvimento Social e Fam\u00edlia (Sedef), o programa&nbsp;Bons Olhos Paran\u00e1&nbsp;prev\u00ea nesta fase investimento de R$ 64 milh\u00f5es para atender cerca de 540 mil estudantes em 275 munic\u00edpios paranaenses. A iniciativa contempla alunos do Ensino Fundamental e M\u00e9dio, al\u00e9m de estudantes das Apaes e institui\u00e7\u00f5es coirm\u00e3s, com idades entre 6 e 17 anos. Somadas as etapas um e dois, dos 399 munic\u00edpios paranaenses, apenas 31 ficaram de fora da cobertura do programa at\u00e9 o momento.<\/p>\n\n\n\n<p>O objetivo \u00e9 ampliar o acesso ao diagn\u00f3stico precoce de problemas de vis\u00e3o, contribuindo diretamente para o aprendizado dos alunos e a redu\u00e7\u00e3o das desigualdades educacionais. Para os casos em que forem constatadas patologias espec\u00edficas, como estrabismo, doen\u00e7as na c\u00f3rnea, altera\u00e7\u00f5es de retina, entre outras, o estudante \u00e9 encaminhado para tratamento na rede p\u00fablica de sa\u00fade.<\/p>\n\n\n\n<p>A estrat\u00e9gia de expans\u00e3o prioriza cidades de pequeno e m\u00e9dio porte que ainda n\u00e3o haviam sido contemplados na primeira etapa, garantindo maior equidade no atendimento. Em seguida, foram inclu\u00eddos os munic\u00edpios de m\u00e9dio porte com at\u00e9 55 mil habitantes, uma vez que apresentam caracter\u00edsticas semelhantes aos de Pequeno Porte II. A estrat\u00e9gia permite que os esfor\u00e7os sejam concentrados nas regi\u00f5es com maior vulnerabilidade e menor acesso a servi\u00e7os oftalmol\u00f3gicos especializados.<\/p>\n\n\n\n<p>Destacando a import\u00e2ncia da detec\u00e7\u00e3o precoce e do encaminhamento adequado, o secret\u00e1rio do Desenvolvimento Social e Fam\u00edlia, Rog\u00e9rio Carboni, afirmou que a iniciativa se consolida como uma a\u00e7\u00e3o permanente de pol\u00edtica p\u00fablica. Ele ressaltou que, na primeira fase do programa, foi identificado que muitas crian\u00e7as nem sabiam que tinham problemas de vis\u00e3o e outras at\u00e9 sabiam, mas n\u00e3o tinham condi\u00e7\u00f5es de adquirir \u00f3culos.<\/p>\n\n\n\n<p>\u201cInfelizmente, muitos estudantes s\u00f3 percebem que t\u00eam defici\u00eancia visual ap\u00f3s os 10,&nbsp;11&nbsp;anos de idade, sendo que em 90% dos casos de cegueira, com exame precoce, \u00e9 poss\u00edvel evitar.&nbsp;Por isso a import\u00e2ncia do programa ser ampliado para outros munic\u00edpios do Paran\u00e1\u201d, destaca.<\/p>\n\n\n\n<p>O Bons Olhos&nbsp;foi transformado&nbsp;em pol\u00edtica p\u00fablica permanente por meio de legisla\u00e7\u00e3o estadual, garantindo a continuidade das a\u00e7\u00f5es voltadas \u00e0 sa\u00fade ocular de crian\u00e7as e adolescentes. Os recursos s\u00e3o provenientes do Fundo para a Inf\u00e2ncia e Adolesc\u00eancia (FIA), com delibera\u00e7\u00e3o do Conselho Estadual dos Direitos da Crian\u00e7a e do Adolescente&nbsp;(CEDCA\/PR).<\/p>\n\n\n\n<p>Na primeira fase, lan\u00e7ada em 2025, o programa superou metas e alcan\u00e7ou resultados expressivos, com mais de 84 mil atendimentos oftalmol\u00f3gicos, 55 mil testes ort\u00f3pticos e a entrega de mais de 8 mil \u00f3culos a estudantes de 93 munic\u00edpios.<\/p>\n\n\n\n<p>AEN\/PR<\/p>\n","protected":false},"excerpt":{"rendered":"<p>As triagens da segunda fase do programa Bons Olhos Paran\u00e1, iniciativa do Governo do Estado voltada \u00e0 promo\u00e7\u00e3o da sa\u00fade ocular de crian\u00e7as e adolescentes da rede p\u00fablica de ensino, j\u00e1 come\u00e7aram. Os&nbsp;primeiros&nbsp;munic\u00edpios&nbsp;a receberem&nbsp;as equipes t\u00e9cnicas foram&nbsp;Loanda,&nbsp;Mandaguari e Terra Rica,&nbsp;na regi\u00e3o Noroeste,&nbsp;e Foz do Jord\u00e3o e Reserva do Igua\u00e7u, no Centro-Sul. Nesta etapa, ser\u00e3o selecionadas [&hellip;]<\/p>\n","protected":false},"author":2,"featured_media":77549,"comment_status":"open","ping_status":"open","sticky":false,"template":"","format":"standard","meta":{"advanced_seo_description":"","jetpack_seo_html_title":"","jetpack_seo_noindex":false,"_jetpack_memberships_contains_paid_content":false,"footnotes":""},"categories":[40],"tags":[],"class_list":{"0":"post-77548","1":"post","2":"type-post","3":"status-publish","4":"format-standard","5":"has-post-thumbnail","7":"category-destaques"},"jetpack_featured_media_url":"https:\/\/www.paranapraia.com.br\/wp-content\/uploads\/2026\/03\/bons_olhos_japira1-scaled.jpg","jetpack_sharing_enabled":true,"_links":{"self":[{"href":"https:\/\/www.paranapraia.com.br\/index.php\/wp-json\/wp\/v2\/posts\/77548"}],"collection":[{"href":"https:\/\/www.paranapraia.com.br\/index.php\/wp-json\/wp\/v2\/posts"}],"about":[{"href":"https:\/\/www.paranapraia.com.br\/index.php\/wp-json\/wp\/v2\/types\/post"}],"author":[{"embeddable":true,"href":"https:\/\/www.paranapraia.com.br\/index.php\/wp-json\/wp\/v2\/users\/2"}],"replies":[{"embeddable":true,"href":"https:\/\/www.paranapraia.com.br\/index.php\/wp-json\/wp\/v2\/comments?post=77548"}],"version-history":[{"count":1,"href":"https:\/\/www.paranapraia.com.br\/index.php\/wp-json\/wp\/v2\/posts\/77548\/revisions"}],"predecessor-version":[{"id":77550,"href":"https:\/\/www.paranapraia.com.br\/index.php\/wp-json\/wp\/v2\/posts\/77548\/revisions\/77550"}],"wp:featuredmedia":[{"embeddable":true,"href":"https:\/\/www.paranapraia.com.br\/index.php\/wp-json\/wp\/v2\/media\/77549"}],"wp:attachment":[{"href":"https:\/\/www.paranapraia.com.br\/index.php\/wp-json\/wp\/v2\/media?parent=77548"}],"wp:term":[{"taxonomy":"category","embeddable":true,"href":"https:\/\/www.paranapraia.com.br\/index.php\/wp-json\/wp\/v2\/categories?post=77548"},{"taxonomy":"post_tag","embeddable":true,"href":"https:\/\/www.paranapraia.com.br\/index.php\/wp-json\/wp\/v2\/tags?post=77548"}],"curies":[{"name":"wp","href":"https:\/\/api.w.org\/{rel}","templated":true}]}}