{"id":77138,"date":"2026-03-12T14:41:59","date_gmt":"2026-03-12T17:41:59","guid":{"rendered":"https:\/\/www.paranapraia.com.br\/?p=77138"},"modified":"2026-03-12T14:42:02","modified_gmt":"2026-03-12T17:42:02","slug":"pontal-do-parana-registra-97-milimetros-de-chuva-nesta-quinta-feira","status":"publish","type":"post","link":"https:\/\/www.paranapraia.com.br\/index.php\/2026\/03\/12\/pontal-do-parana-registra-97-milimetros-de-chuva-nesta-quinta-feira\/","title":{"rendered":"Pontal do Paran\u00e1 registra 97 mil\u00edmetros de chuva nesta quinta-feira"},"content":{"rendered":"\n<p>O munic\u00edpio de Pontal do Paran\u00e1 registrou alto volume de chuva nas \u00faltimas horas desta quinta-feira (12), o que exige aten\u00e7\u00e3o da popula\u00e7\u00e3o, especialmente em regi\u00f5es mais suscet\u00edveis a alagamentos.<\/p>\n\n\n\n<p>De acordo com dados atualizados at\u00e9 o meio-dia pelo Sistema de Tecnologia e Monitoramento Ambiental do Paran\u00e1 (SIMEPAR), o acumulado de precipita\u00e7\u00e3o chegou a 97 mil\u00edmetros em Pontal do Sul e 75,8 mil\u00edmetros em Praia de Leste.<\/p>\n\n\n\n<p>Diante do volume registrado, equipes da Defesa Civil do munic\u00edpio seguem acompanhando as condi\u00e7\u00f5es clim\u00e1ticas e monitorando poss\u00edveis ocorr\u00eancias.<\/p>\n\n\n\n<p>A orienta\u00e7\u00e3o \u00e9 para que moradores mantenham aten\u00e7\u00e3o redobrada, principalmente em \u00e1reas onde h\u00e1 hist\u00f3rico de alagamentos, evitando circular por locais com ac\u00famulo de \u00e1gua.<\/p>\n\n\n\n<p>Em caso de necessidade, a popula\u00e7\u00e3o pode acionar os canais de emerg\u00eancia dispon\u00edveis no munic\u00edpio.<\/p>\n\n\n\n<p>Canais de emerg\u00eancia<br>Defesa Civil: 193<br>Guarda Municipal: (41) 3455-9630 | (41) 93500-8110<\/p>\n\n\n\n<p>A Defesa Civil tamb\u00e9m presta apoio \u00e0s fam\u00edlias atingidas, com a disponibiliza\u00e7\u00e3o de mantas, colch\u00f5es, itens de limpeza e alimentos.<\/p>\n\n\n\n<p>Atendimento para desabrigados<br>\ud83d\udcde (41) 93500-8111<\/p>\n\n\n\n<p>A recomenda\u00e7\u00e3o \u00e9 que a popula\u00e7\u00e3o evite \u00e1reas alagadas, acompanhe as informa\u00e7\u00f5es divulgadas pelos canais oficiais e acione os servi\u00e7os de emerg\u00eancia sempre que necess\u00e1rio.<\/p>\n\n\n\n<p>Fotos: Prefeitura de Pontal do Paran\u00e1<\/p>\n","protected":false},"excerpt":{"rendered":"<p>O munic\u00edpio de Pontal do Paran\u00e1 registrou alto volume de chuva nas \u00faltimas horas desta quinta-feira (12), o que exige aten\u00e7\u00e3o da popula\u00e7\u00e3o, especialmente em regi\u00f5es mais suscet\u00edveis a alagamentos. De acordo com dados atualizados at\u00e9 o meio-dia pelo Sistema de Tecnologia e Monitoramento Ambiental do Paran\u00e1 (SIMEPAR), o acumulado de precipita\u00e7\u00e3o chegou a 97 [&hellip;]<\/p>\n","protected":false},"author":2,"featured_media":77139,"comment_status":"open","ping_status":"open","sticky":false,"template":"","format":"standard","meta":{"advanced_seo_description":"","jetpack_seo_html_title":"","jetpack_seo_noindex":false,"_jetpack_memberships_contains_paid_content":false,"footnotes":""},"categories":[65],"tags":[],"class_list":{"0":"post-77138","1":"post","2":"type-post","3":"status-publish","4":"format-standard","5":"has-post-thumbnail","7":"category-pontal-do-parana"},"jetpack_featured_media_url":"https:\/\/www.paranapraia.com.br\/wp-content\/uploads\/2026\/03\/FB_IMG_1773337167491.jpg","jetpack_sharing_enabled":true,"_links":{"self":[{"href":"https:\/\/www.paranapraia.com.br\/index.php\/wp-json\/wp\/v2\/posts\/77138"}],"collection":[{"href":"https:\/\/www.paranapraia.com.br\/index.php\/wp-json\/wp\/v2\/posts"}],"about":[{"href":"https:\/\/www.paranapraia.com.br\/index.php\/wp-json\/wp\/v2\/types\/post"}],"author":[{"embeddable":true,"href":"https:\/\/www.paranapraia.com.br\/index.php\/wp-json\/wp\/v2\/users\/2"}],"replies":[{"embeddable":true,"href":"https:\/\/www.paranapraia.com.br\/index.php\/wp-json\/wp\/v2\/comments?post=77138"}],"version-history":[{"count":1,"href":"https:\/\/www.paranapraia.com.br\/index.php\/wp-json\/wp\/v2\/posts\/77138\/revisions"}],"predecessor-version":[{"id":77140,"href":"https:\/\/www.paranapraia.com.br\/index.php\/wp-json\/wp\/v2\/posts\/77138\/revisions\/77140"}],"wp:featuredmedia":[{"embeddable":true,"href":"https:\/\/www.paranapraia.com.br\/index.php\/wp-json\/wp\/v2\/media\/77139"}],"wp:attachment":[{"href":"https:\/\/www.paranapraia.com.br\/index.php\/wp-json\/wp\/v2\/media?parent=77138"}],"wp:term":[{"taxonomy":"category","embeddable":true,"href":"https:\/\/www.paranapraia.com.br\/index.php\/wp-json\/wp\/v2\/categories?post=77138"},{"taxonomy":"post_tag","embeddable":true,"href":"https:\/\/www.paranapraia.com.br\/index.php\/wp-json\/wp\/v2\/tags?post=77138"}],"curies":[{"name":"wp","href":"https:\/\/api.w.org\/{rel}","templated":true}]}}