{"id":77126,"date":"2026-03-12T11:13:22","date_gmt":"2026-03-12T14:13:22","guid":{"rendered":"https:\/\/www.paranapraia.com.br\/?p=77126"},"modified":"2026-03-12T11:13:25","modified_gmt":"2026-03-12T14:13:25","slug":"iluminacao-acessos-e-guarda-corpos-ponte-de-guaratuba-entra-na-reta-final-de-obras","status":"publish","type":"post","link":"https:\/\/www.paranapraia.com.br\/index.php\/2026\/03\/12\/iluminacao-acessos-e-guarda-corpos-ponte-de-guaratuba-entra-na-reta-final-de-obras\/","title":{"rendered":"Ilumina\u00e7\u00e3o, acessos e guarda-corpos: Ponte de Guaratuba entra na reta final de obras"},"content":{"rendered":"\n<p>A constru\u00e7\u00e3o da Ponte de Guaratuba alcan\u00e7ou um dos marcos mais importantes desde o in\u00edcio das obras: o trecho estaiado chegou aos 320 metros totais executados com o\u00a0fechamento do v\u00e3o central tendo sido realizado na semana passada. O avan\u00e7o coloca a obra na reta final de uma das etapas mais complexas da engenharia sobre a Ba\u00eda de Guaratuba.<\/p>\n\n\n\n<p>Conforme o boletim mensal de fevereiro\/mar\u00e7o, tanto o apoio 04 quanto o apoio 05 j\u00e1 contam com 13 pares de aduelas executadas, totalizando 160 metros de cada lado. As estruturas foram concretadas in loco pelo m\u00e9todo dos balan\u00e7os sucessivos, t\u00e9cnica que permite que a ponte avance simultaneamente a partir dos mastros centrais, mantendo equil\u00edbrio estrutural a cada etapa.<\/p>\n\n\n\n<p>Al\u00e9m da evolu\u00e7\u00e3o das aduelas, fevereiro tamb\u00e9m marcou a conclus\u00e3o da instala\u00e7\u00e3o dos 12 pares de estais em cada um dos mastros dos apoios 04 e 05. Os estais, cabos de a\u00e7o de alta resist\u00eancia, s\u00e3o respons\u00e1veis por sustentar o tabuleiro no trecho central e garantem a estabilidade da estrutura. A finaliza\u00e7\u00e3o dessa etapa representa um avan\u00e7o simb\u00f3lico e t\u00e9cnico, consolidando a configura\u00e7\u00e3o definitiva da ponte sobre a ba\u00eda.<\/p>\n\n\n\n<p>Al\u00e9m de conclu\u00eddo o trecho estaiado, com a concretagem da aduela de fechamento, o segmento pr\u00e9-moldado da ponte j\u00e1 est\u00e1 completamente finalizado. Em fevereiro, foi alcan\u00e7ado o total de 20 lajes concretadas nos 20 v\u00e3os previstos nesse trecho, somando 1.148 metros conclu\u00eddos. Ao todo, a ponte ter\u00e1 23 v\u00e3os ao longo de sua extens\u00e3o principal, integrando o trecho pr\u00e9-moldado aos tr\u00eas v\u00e3os do segmento estaiado.<\/p>\n\n\n\n<p>Paralelamente \u00e0 evolu\u00e7\u00e3o estrutural, seguem os servi\u00e7os complementares que j\u00e1 d\u00e3o forma ao aspecto final da obra. Est\u00e3o em andamento a execu\u00e7\u00e3o das barreiras r\u00edgidas centrais e laterais, a instala\u00e7\u00e3o de eletrodutos no passeio, a implanta\u00e7\u00e3o dos guarda-corpos e a concretagem das \u00e1reas destinadas a pedestres e ciclistas. Tamb\u00e9m teve in\u00edcio a instala\u00e7\u00e3o da ilumina\u00e7\u00e3o p\u00fablica, com remanejamento e implanta\u00e7\u00e3o de postes.<\/p>\n\n\n\n<p><strong>ACESSOS&nbsp;<\/strong>\u2013 Nos acessos, as frentes de trabalho tamb\u00e9m avan\u00e7am. No lado Guaratuba, as conten\u00e7\u00f5es foram finalizadas e as equipes seguem com terraplenagem, drenagem e in\u00edcio das camadas de pavimenta\u00e7\u00e3o. No lado Matinhos, al\u00e9m dos servi\u00e7os de drenagem e pavimenta\u00e7\u00e3o, o muro de solo refor\u00e7ado, solu\u00e7\u00e3o que permite vencer grandes desn\u00edveis em espa\u00e7o reduzido, j\u00e1 alcan\u00e7a 80% de execu\u00e7\u00e3o.<\/p>\n\n\n\n<p>A previs\u00e3o de executar 50 mil metros quadrados de camadas estruturais de pavimento e 70 mil metros quadrados de revestimento asf\u00e1ltico, considerando inclusive o tabuleiro da ponte. Com 1.240 metros de obra de arte especial inseridos em um complexo vi\u00e1rio de 3,07 quil\u00f4metros de extens\u00e3o, a Ponte de Guaratuba avan\u00e7a para transformar a mobilidade no Litoral do Paran\u00e1.<\/p>\n\n\n\n<p><strong>MARATONA<\/strong>&nbsp;\u2013&nbsp;Na tarde desta quarta-feira (11), o governador Ratinho Junior recebeu no Pal\u00e1cio Igua\u00e7u a inscri\u00e7\u00e3o n\u00famero 1 para a Maratona Internacional do Paran\u00e1 (MIP). A entrega foi realizada pelos empres\u00e1rios Jo\u00e3o Guilherme Leprevost e Alexandre Leprevost, organizadores da prova. O secret\u00e1rio estadual de Infraestrutura e Log\u00edstica, Sandro Alex, recebeu a inscri\u00e7\u00e3o n\u00famero 2.&nbsp;<\/p>\n\n\n\n<p>A corrida vai reunir atletas profissionais e amadores de diversas regi\u00f5es do Brasil e tamb\u00e9m do Exterior, com cerca de 20 mil participantes. As dist\u00e2ncias da Maratona Internacional do Paran\u00e1 incluem 5 km, 10 km, 21 km e 42 km, contemplando desde corredores iniciantes at\u00e9 atletas de alto rendimento.<\/p>\n\n\n\n<p><strong>ACOMPANHE&nbsp;<\/strong>\u2013 Para quem deseja acompanhar de perto, a obra da Ponte de Guaratuba disponibiliza atualiza\u00e7\u00f5es constantes no site&nbsp;<a href=\"https:\/\/www.pontedeguaratuba.pr.gov.br\/\" target=\"_blank\" rel=\"noreferrer noopener\">www.pontedeguaratuba.pr.gov.br<\/a>, com c\u00e2meras ao vivo, e no Instagram @pontedeguaratuba.oficial, onde s\u00e3o publicadas fotos, v\u00eddeos e informa\u00e7\u00f5es t\u00e9cnicas sobre o avan\u00e7o dos trabalhos.<\/p>\n\n\n\n<p>AEN\/PR<\/p>\n","protected":false},"excerpt":{"rendered":"<p>A constru\u00e7\u00e3o da Ponte de Guaratuba alcan\u00e7ou um dos marcos mais importantes desde o in\u00edcio das obras: o trecho estaiado chegou aos 320 metros totais executados com o\u00a0fechamento do v\u00e3o central tendo sido realizado na semana passada. O avan\u00e7o coloca a obra na reta final de uma das etapas mais complexas da engenharia sobre a [&hellip;]<\/p>\n","protected":false},"author":2,"featured_media":77127,"comment_status":"open","ping_status":"open","sticky":false,"template":"","format":"standard","meta":{"advanced_seo_description":"","jetpack_seo_html_title":"","jetpack_seo_noindex":false,"_jetpack_memberships_contains_paid_content":false,"footnotes":""},"categories":[99],"tags":[],"class_list":{"0":"post-77126","1":"post","2":"type-post","3":"status-publish","4":"format-standard","5":"has-post-thumbnail","7":"category-guaratuba"},"jetpack_featured_media_url":"https:\/\/www.paranapraia.com.br\/wp-content\/uploads\/2026\/03\/image00009_0-scaled.jpg","jetpack_sharing_enabled":true,"_links":{"self":[{"href":"https:\/\/www.paranapraia.com.br\/index.php\/wp-json\/wp\/v2\/posts\/77126"}],"collection":[{"href":"https:\/\/www.paranapraia.com.br\/index.php\/wp-json\/wp\/v2\/posts"}],"about":[{"href":"https:\/\/www.paranapraia.com.br\/index.php\/wp-json\/wp\/v2\/types\/post"}],"author":[{"embeddable":true,"href":"https:\/\/www.paranapraia.com.br\/index.php\/wp-json\/wp\/v2\/users\/2"}],"replies":[{"embeddable":true,"href":"https:\/\/www.paranapraia.com.br\/index.php\/wp-json\/wp\/v2\/comments?post=77126"}],"version-history":[{"count":1,"href":"https:\/\/www.paranapraia.com.br\/index.php\/wp-json\/wp\/v2\/posts\/77126\/revisions"}],"predecessor-version":[{"id":77128,"href":"https:\/\/www.paranapraia.com.br\/index.php\/wp-json\/wp\/v2\/posts\/77126\/revisions\/77128"}],"wp:featuredmedia":[{"embeddable":true,"href":"https:\/\/www.paranapraia.com.br\/index.php\/wp-json\/wp\/v2\/media\/77127"}],"wp:attachment":[{"href":"https:\/\/www.paranapraia.com.br\/index.php\/wp-json\/wp\/v2\/media?parent=77126"}],"wp:term":[{"taxonomy":"category","embeddable":true,"href":"https:\/\/www.paranapraia.com.br\/index.php\/wp-json\/wp\/v2\/categories?post=77126"},{"taxonomy":"post_tag","embeddable":true,"href":"https:\/\/www.paranapraia.com.br\/index.php\/wp-json\/wp\/v2\/tags?post=77126"}],"curies":[{"name":"wp","href":"https:\/\/api.w.org\/{rel}","templated":true}]}}