{"id":76996,"date":"2026-03-06T17:04:08","date_gmt":"2026-03-06T20:04:08","guid":{"rendered":"https:\/\/www.paranapraia.com.br\/?p=76996"},"modified":"2026-03-06T17:04:11","modified_gmt":"2026-03-06T20:04:11","slug":"formatura-do-curso-de-cuidadores-de-idosos-e-realizada-em-antonina","status":"publish","type":"post","link":"https:\/\/www.paranapraia.com.br\/index.php\/2026\/03\/06\/formatura-do-curso-de-cuidadores-de-idosos-e-realizada-em-antonina\/","title":{"rendered":"Formatura do Curso de Cuidadores de Idosos \u00e9 realizada em Antonina"},"content":{"rendered":"\n<p>Na \u00faltima quinta-feira, dia 5, foi realizada a formatura da turma do curso de Cuidadores de Idosos, em um momento especial de celebra\u00e7\u00e3o e reconhecimento no Armaz\u00e9m Macedo. A cerim\u00f4nia marcou o encerramento de seis meses de forma\u00e7\u00e3o, dedicados \u00e0 capacita\u00e7\u00e3o e ao aprendizado dos participantes.<\/p>\n\n\n\n<p>O evento contou com a presen\u00e7a da prefeita Rozane Osaki, que parabenizou os formandos pela dedica\u00e7\u00e3o ao longo do curso e destacou a import\u00e2ncia da qualifica\u00e7\u00e3o profissional para fortalecer o cuidado e a aten\u00e7\u00e3o com a popula\u00e7\u00e3o idosa do munic\u00edpio.<\/p>\n\n\n\n<p>A forma\u00e7\u00e3o foi realizada por meio de uma parceria entre o Conselho Municipal de Sa\u00fade, a Prefeitura de Antonina , Secretaria Estadual de Sa\u00fade, por meio da Escola de Sa\u00fade P\u00fablica do Paran\u00e1 e da FUNEAS (Funda\u00e7\u00e3o Estatal de Aten\u00e7\u00e3o em Sa\u00fade do Paran\u00e1).<\/p>\n\n\n\n<p>Durante os seis meses de curso, os participantes tiveram acesso a conte\u00fados te\u00f3ricos e pr\u00e1ticos voltados ao cuidado humanizado com a pessoa idosa, adquirindo conhecimentos e habilidades para atuar com responsabilidade, respeito e carinho.<\/p>\n\n\n\n<p>A Prefeitura de Antonina segue investindo em capacita\u00e7\u00e3o e oportunidades, contribuindo para a gera\u00e7\u00e3o de renda e para a melhoria da qualidade de vida da popula\u00e7\u00e3o.<\/p>\n\n\n\n<p>Prefeitura de Antonina<\/p>\n","protected":false},"excerpt":{"rendered":"<p>Na \u00faltima quinta-feira, dia 5, foi realizada a formatura da turma do curso de Cuidadores de Idosos, em um momento especial de celebra\u00e7\u00e3o e reconhecimento no Armaz\u00e9m Macedo. A cerim\u00f4nia marcou o encerramento de seis meses de forma\u00e7\u00e3o, dedicados \u00e0 capacita\u00e7\u00e3o e ao aprendizado dos participantes. O evento contou com a presen\u00e7a da prefeita Rozane [&hellip;]<\/p>\n","protected":false},"author":2,"featured_media":76997,"comment_status":"open","ping_status":"open","sticky":false,"template":"","format":"standard","meta":{"advanced_seo_description":"","jetpack_seo_html_title":"","jetpack_seo_noindex":false,"_jetpack_memberships_contains_paid_content":false,"footnotes":""},"categories":[132],"tags":[],"class_list":{"0":"post-76996","1":"post","2":"type-post","3":"status-publish","4":"format-standard","5":"has-post-thumbnail","7":"category-antonina"},"jetpack_featured_media_url":"https:\/\/www.paranapraia.com.br\/wp-content\/uploads\/2026\/03\/648580637_1376511671174566_2835262012441485308_n.jpg","jetpack_sharing_enabled":true,"_links":{"self":[{"href":"https:\/\/www.paranapraia.com.br\/index.php\/wp-json\/wp\/v2\/posts\/76996"}],"collection":[{"href":"https:\/\/www.paranapraia.com.br\/index.php\/wp-json\/wp\/v2\/posts"}],"about":[{"href":"https:\/\/www.paranapraia.com.br\/index.php\/wp-json\/wp\/v2\/types\/post"}],"author":[{"embeddable":true,"href":"https:\/\/www.paranapraia.com.br\/index.php\/wp-json\/wp\/v2\/users\/2"}],"replies":[{"embeddable":true,"href":"https:\/\/www.paranapraia.com.br\/index.php\/wp-json\/wp\/v2\/comments?post=76996"}],"version-history":[{"count":1,"href":"https:\/\/www.paranapraia.com.br\/index.php\/wp-json\/wp\/v2\/posts\/76996\/revisions"}],"predecessor-version":[{"id":76998,"href":"https:\/\/www.paranapraia.com.br\/index.php\/wp-json\/wp\/v2\/posts\/76996\/revisions\/76998"}],"wp:featuredmedia":[{"embeddable":true,"href":"https:\/\/www.paranapraia.com.br\/index.php\/wp-json\/wp\/v2\/media\/76997"}],"wp:attachment":[{"href":"https:\/\/www.paranapraia.com.br\/index.php\/wp-json\/wp\/v2\/media?parent=76996"}],"wp:term":[{"taxonomy":"category","embeddable":true,"href":"https:\/\/www.paranapraia.com.br\/index.php\/wp-json\/wp\/v2\/categories?post=76996"},{"taxonomy":"post_tag","embeddable":true,"href":"https:\/\/www.paranapraia.com.br\/index.php\/wp-json\/wp\/v2\/tags?post=76996"}],"curies":[{"name":"wp","href":"https:\/\/api.w.org\/{rel}","templated":true}]}}