{"id":76914,"date":"2026-03-05T15:02:50","date_gmt":"2026-03-05T18:02:50","guid":{"rendered":"https:\/\/www.paranapraia.com.br\/?p=76914"},"modified":"2026-03-05T15:02:54","modified_gmt":"2026-03-05T18:02:54","slug":"grupo-mimo-retoma-atividades-nesta-sexta-feira-06-e-abre-vagas-para-novos-participantes-em-morretes","status":"publish","type":"post","link":"https:\/\/www.paranapraia.com.br\/index.php\/2026\/03\/05\/grupo-mimo-retoma-atividades-nesta-sexta-feira-06-e-abre-vagas-para-novos-participantes-em-morretes\/","title":{"rendered":"Grupo MIMO retoma atividades nesta sexta-feira (06) e abre vagas para novos participantes em Morretes"},"content":{"rendered":"\n<p>A Prefeitura de Morretes, por meio da Secretaria Municipal de Assist\u00eancia Social, retoma nesta sexta-feira (06) as atividades do\u00a0Grupo MIMO \u2013 Melhor Idade de Morretes, iniciativa voltada ao fortalecimento de v\u00ednculos, conviv\u00eancia social e promo\u00e7\u00e3o do envelhecimento ativo entre os idosos do munic\u00edpio.<\/p>\n\n\n\n<p>O grupo integra as a\u00e7\u00f5es do\u00a0Servi\u00e7o de Conviv\u00eancia e Fortalecimento de V\u00ednculos (SCFV)\u00a0e oferece um espa\u00e7o de acolhimento, intera\u00e7\u00e3o e bem-estar para pessoas com\u00a060 anos ou mais. Durante os encontros, s\u00e3o realizadas din\u00e2micas em grupo, oficinas, atividades recreativas e momentos de integra\u00e7\u00e3o que estimulam a socializa\u00e7\u00e3o, o cuidado com a sa\u00fade f\u00edsica e emocional e o fortalecimento das rela\u00e7\u00f5es comunit\u00e1rias.<\/p>\n\n\n\n<p>Os encontros acontecem\u00a0duas vezes por semana, \u00e0s segundas e sextas-feiras, no per\u00edodo da tarde, das\u00a013h30 \u00e0s 16h30, nas depend\u00eancias da\u00a0Secretaria Municipal de Assist\u00eancia Social.<\/p>\n\n\n\n<p>Al\u00e9m do retorno das atividades, o grupo tamb\u00e9m est\u00e1\u00a0com vagas abertas para novos participantes. Os idosos interessados podem realizar a inscri\u00e7\u00e3o presencialmente na Secretaria, apresentando\u00a0RG, CPF e comprovante de resid\u00eancia.<\/p>\n\n\n\n<p><strong>Local das inscri\u00e7\u00f5es e atividades:<\/strong><br><br>Secretaria Municipal de Assist\u00eancia Social<br>Rua Santos Dumont, 108 \u2013 Centro<br>(em frente ao Hospital de Morretes)<\/p>\n\n\n\n<p><strong>Mais informa\u00e7\u00f5es:<\/strong>&nbsp;(41) 92001-7360<\/p>\n\n\n\n<p>A iniciativa tem como objetivo incentivar o conv\u00edvio social e proporcionar qualidade de vida aos idosos do munic\u00edpio, contribuindo para o combate ao isolamento e promovendo momentos de troca, aprendizado e alegria.<\/p>\n\n\n\n<p>Segundo a Secretaria de Assist\u00eancia Social, o retorno do grupo refor\u00e7a o compromisso da administra\u00e7\u00e3o municipal com o cuidado e a valoriza\u00e7\u00e3o da popula\u00e7\u00e3o idosa, oferecendo atividades que estimulam a participa\u00e7\u00e3o ativa na comunidade e fortalecem os la\u00e7os sociais.<\/p>\n\n\n\n<p>Prefeitura de Morretes<\/p>\n","protected":false},"excerpt":{"rendered":"<p>A Prefeitura de Morretes, por meio da Secretaria Municipal de Assist\u00eancia Social, retoma nesta sexta-feira (06) as atividades do\u00a0Grupo MIMO \u2013 Melhor Idade de Morretes, iniciativa voltada ao fortalecimento de v\u00ednculos, conviv\u00eancia social e promo\u00e7\u00e3o do envelhecimento ativo entre os idosos do munic\u00edpio. O grupo integra as a\u00e7\u00f5es do\u00a0Servi\u00e7o de Conviv\u00eancia e Fortalecimento de V\u00ednculos [&hellip;]<\/p>\n","protected":false},"author":2,"featured_media":76915,"comment_status":"open","ping_status":"open","sticky":false,"template":"","format":"standard","meta":{"advanced_seo_description":"","jetpack_seo_html_title":"","jetpack_seo_noindex":false,"_jetpack_memberships_contains_paid_content":false,"footnotes":""},"categories":[125],"tags":[],"class_list":{"0":"post-76914","1":"post","2":"type-post","3":"status-publish","4":"format-standard","5":"has-post-thumbnail","7":"category-morretes"},"jetpack_featured_media_url":"https:\/\/www.paranapraia.com.br\/wp-content\/uploads\/2026\/03\/grupo-mimo.jpg","jetpack_sharing_enabled":true,"_links":{"self":[{"href":"https:\/\/www.paranapraia.com.br\/index.php\/wp-json\/wp\/v2\/posts\/76914"}],"collection":[{"href":"https:\/\/www.paranapraia.com.br\/index.php\/wp-json\/wp\/v2\/posts"}],"about":[{"href":"https:\/\/www.paranapraia.com.br\/index.php\/wp-json\/wp\/v2\/types\/post"}],"author":[{"embeddable":true,"href":"https:\/\/www.paranapraia.com.br\/index.php\/wp-json\/wp\/v2\/users\/2"}],"replies":[{"embeddable":true,"href":"https:\/\/www.paranapraia.com.br\/index.php\/wp-json\/wp\/v2\/comments?post=76914"}],"version-history":[{"count":1,"href":"https:\/\/www.paranapraia.com.br\/index.php\/wp-json\/wp\/v2\/posts\/76914\/revisions"}],"predecessor-version":[{"id":76916,"href":"https:\/\/www.paranapraia.com.br\/index.php\/wp-json\/wp\/v2\/posts\/76914\/revisions\/76916"}],"wp:featuredmedia":[{"embeddable":true,"href":"https:\/\/www.paranapraia.com.br\/index.php\/wp-json\/wp\/v2\/media\/76915"}],"wp:attachment":[{"href":"https:\/\/www.paranapraia.com.br\/index.php\/wp-json\/wp\/v2\/media?parent=76914"}],"wp:term":[{"taxonomy":"category","embeddable":true,"href":"https:\/\/www.paranapraia.com.br\/index.php\/wp-json\/wp\/v2\/categories?post=76914"},{"taxonomy":"post_tag","embeddable":true,"href":"https:\/\/www.paranapraia.com.br\/index.php\/wp-json\/wp\/v2\/tags?post=76914"}],"curies":[{"name":"wp","href":"https:\/\/api.w.org\/{rel}","templated":true}]}}