{"id":76909,"date":"2026-03-05T14:47:02","date_gmt":"2026-03-05T17:47:02","guid":{"rendered":"https:\/\/www.paranapraia.com.br\/?p=76909"},"modified":"2026-03-05T14:47:02","modified_gmt":"2026-03-05T17:47:02","slug":"inscricoes-para-suplencia-do-conselho-tutelar-em-matinhos-sao-prorrogadas","status":"publish","type":"post","link":"https:\/\/www.paranapraia.com.br\/index.php\/2026\/03\/05\/inscricoes-para-suplencia-do-conselho-tutelar-em-matinhos-sao-prorrogadas\/","title":{"rendered":"Inscri\u00e7\u00f5es para supl\u00eancia do Conselho Tutelar em Matinhos s\u00e3o prorrogadas"},"content":{"rendered":"\n<p>O Conselho Municipal dos Direitos da Crian\u00e7a e do Adolescente (CMDCA) de Matinhos anunciou a amplia\u00e7\u00e3o do prazo para o Processo de Escolha Suplementar de membros do Conselho Tutelar para o mandato 2026\/2028. A decis\u00e3o, oficializada pela Resolu\u00e7\u00e3o n\u00ba 001\/2026-CMDCA, visa garantir a ampla participa\u00e7\u00e3o no processo e respeitar os princ\u00edpios de publicidade e transpar\u00eancia.<\/p>\n\n\n\n<h3 class=\"wp-block-heading\">Novo Cronograma e Local de Inscri\u00e7\u00e3o<\/h3>\n\n\n\n<p>Com a altera\u00e7\u00e3o do item 6.1 do Edital n\u00ba 007\/2026, os interessados em participar da supl\u00eancia do conselho ganharam um novo prazo para formalizar a candidatura:<\/p>\n\n\n\n<ul class=\"wp-block-list\">\n<li>Prazo de inscri\u00e7\u00f5es: As inscri\u00e7\u00f5es ficam abertas do dia 06 de fevereiro de 2026 at\u00e9 o dia 20 de mar\u00e7o de 2026.<\/li>\n\n\n\n<li>Hor\u00e1rio de atendimento: Das 08h30 \u00e0s 11h00 e das 13h00 \u00e0s 16h30.<\/li>\n\n\n\n<li>Local: Sede do Conselho Municipal dos Direitos da Crian\u00e7a e do Adolescente, anexo \u00e0 Secretaria Municipal de Assist\u00eancia Social.<\/li>\n\n\n\n<li>Endere\u00e7o: Rua Benvenuto Gussi, n\u00ba 232, Centro, Matinhos\/PR.<\/li>\n<\/ul>\n\n\n\n<h3 class=\"wp-block-heading\">Regras para Candidatura<\/h3>\n\n\n\n<p>De acordo com o documento assinado pelo presidente do Conselho Municipal dos Direitos da Crian\u00e7a e do Adolescente, Marcos da Silva Lotoski, o procedimento deve seguir normas r\u00edgidas:<\/p>\n\n\n\n<ul class=\"wp-block-list\">\n<li><strong>Forma de inscri\u00e7\u00e3o:<\/strong> Deve ser realizada pessoalmente pelo candidato ou por procurador com poderes espec\u00edficos.<\/li>\n\n\n\n<li><strong>Restri\u00e7\u00f5es:<\/strong> N\u00e3o s\u00e3o admitidas inscri\u00e7\u00f5es por e-mail ou qualquer outra forma digital.<\/li>\n\n\n\n<li><strong>Validade:<\/strong> Permanecem inalteradas as demais disposi\u00e7\u00f5es constantes no Edital n\u00ba 007\/2026.<\/li>\n<\/ul>\n\n\n\n<p>A resolu\u00e7\u00e3o entrou em vigor na data de sua publica\u00e7\u00e3o, ocorrida no Di\u00e1rio Oficial dos Munic\u00edpios do Paran\u00e1 no dia 05 de mar\u00e7o de 2026.<\/p>\n\n\n\n<p>Prefeitura de Matinhos<\/p>\n","protected":false},"excerpt":{"rendered":"<p>O Conselho Municipal dos Direitos da Crian\u00e7a e do Adolescente (CMDCA) de Matinhos anunciou a amplia\u00e7\u00e3o do prazo para o Processo de Escolha Suplementar de membros do Conselho Tutelar para o mandato 2026\/2028. A decis\u00e3o, oficializada pela Resolu\u00e7\u00e3o n\u00ba 001\/2026-CMDCA, visa garantir a ampla participa\u00e7\u00e3o no processo e respeitar os princ\u00edpios de publicidade e transpar\u00eancia. [&hellip;]<\/p>\n","protected":false},"author":2,"featured_media":76843,"comment_status":"open","ping_status":"open","sticky":false,"template":"","format":"standard","meta":{"advanced_seo_description":"","jetpack_seo_html_title":"","jetpack_seo_noindex":false,"_jetpack_memberships_contains_paid_content":false,"footnotes":""},"categories":[88],"tags":[],"class_list":{"0":"post-76909","1":"post","2":"type-post","3":"status-publish","4":"format-standard","5":"has-post-thumbnail","7":"category-matinhos"},"jetpack_featured_media_url":"https:\/\/www.paranapraia.com.br\/wp-content\/uploads\/2026\/03\/51a0e3_c79e563d2fee407aa37978b7a0ac87bcmv2.jpg","jetpack_sharing_enabled":true,"_links":{"self":[{"href":"https:\/\/www.paranapraia.com.br\/index.php\/wp-json\/wp\/v2\/posts\/76909"}],"collection":[{"href":"https:\/\/www.paranapraia.com.br\/index.php\/wp-json\/wp\/v2\/posts"}],"about":[{"href":"https:\/\/www.paranapraia.com.br\/index.php\/wp-json\/wp\/v2\/types\/post"}],"author":[{"embeddable":true,"href":"https:\/\/www.paranapraia.com.br\/index.php\/wp-json\/wp\/v2\/users\/2"}],"replies":[{"embeddable":true,"href":"https:\/\/www.paranapraia.com.br\/index.php\/wp-json\/wp\/v2\/comments?post=76909"}],"version-history":[{"count":1,"href":"https:\/\/www.paranapraia.com.br\/index.php\/wp-json\/wp\/v2\/posts\/76909\/revisions"}],"predecessor-version":[{"id":76910,"href":"https:\/\/www.paranapraia.com.br\/index.php\/wp-json\/wp\/v2\/posts\/76909\/revisions\/76910"}],"wp:featuredmedia":[{"embeddable":true,"href":"https:\/\/www.paranapraia.com.br\/index.php\/wp-json\/wp\/v2\/media\/76843"}],"wp:attachment":[{"href":"https:\/\/www.paranapraia.com.br\/index.php\/wp-json\/wp\/v2\/media?parent=76909"}],"wp:term":[{"taxonomy":"category","embeddable":true,"href":"https:\/\/www.paranapraia.com.br\/index.php\/wp-json\/wp\/v2\/categories?post=76909"},{"taxonomy":"post_tag","embeddable":true,"href":"https:\/\/www.paranapraia.com.br\/index.php\/wp-json\/wp\/v2\/tags?post=76909"}],"curies":[{"name":"wp","href":"https:\/\/api.w.org\/{rel}","templated":true}]}}