{"id":76894,"date":"2026-03-05T11:32:40","date_gmt":"2026-03-05T14:32:40","guid":{"rendered":"https:\/\/www.paranapraia.com.br\/?p=76894"},"modified":"2026-03-05T11:32:43","modified_gmt":"2026-03-05T14:32:43","slug":"numero-de-emplacamentos-cresce-247-no-primeiro-bimestre-de-2026-no-parana","status":"publish","type":"post","link":"https:\/\/www.paranapraia.com.br\/index.php\/2026\/03\/05\/numero-de-emplacamentos-cresce-247-no-primeiro-bimestre-de-2026-no-parana\/","title":{"rendered":"N\u00famero de emplacamentos cresce 24,7% no primeiro bimestre de 2026 no Paran\u00e1"},"content":{"rendered":"\n<p>A nova al\u00edquota do IPVA em vigor no Paran\u00e1 causou um efeito positivo sobre os emplacamentos. O Paran\u00e1 registrou um crescimento de 24,7% no n\u00famero de primeiros emplacamentos de ve\u00edculos e registros de outros estados entre janeiro e fevereiro deste ano e o mesmo comparativo do ano passado. O volume passou de 43,3 mil para 54 mil novos registros. As informa\u00e7\u00f5es s\u00e3o do Detran-PR.<\/p>\n\n\n\n<p>O aumento de primeiros emplacamentos foi de 22,1% (diferen\u00e7a de&nbsp;28.377 no primeiro bimestre de 2025 para&nbsp;34.653 no primeiro bimestre de 2026). J\u00e1 os emplacamentos de outros estados saltaram de&nbsp;14.959 para&nbsp;19.418, diferen\u00e7a de 29%.<\/p>\n\n\n\n<p>Em 2025, o volume anual de novos registros j\u00e1 havia dado um salto absoluto de 120 mil ve\u00edculos ou 42% em rela\u00e7\u00e3o a 2024.&nbsp;<\/p>\n\n\n\n<p>O avan\u00e7o coincide com a aplica\u00e7\u00e3o de al\u00edquota de 1,9% do valor venal de autom\u00f3veis, motocicletas e caminhonetes. A mudan\u00e7a foi anunciada em agosto e come\u00e7ou a influenciar, ainda naquele m\u00eas, o comportamento de propriet\u00e1rios de ve\u00edculos e empresas do ramo, como locadoras, com reflexos mais evidentes a partir de setembro.<\/p>\n\n\n\n<p>Os pagamentos do tributo tamb\u00e9m aceleraram.\u00a0O Paran\u00e1 fechou bimestre de janeiro e fevereiro com um\u00a0aumento de 35% no total de ve\u00edculos com o IPVA quitado\u00a0em rela\u00e7\u00e3o ao mesmo per\u00edodo de 2025. Foram 1,67 milh\u00e3o de carros, motos, \u00f4nibus e caminh\u00f5es que j\u00e1 acertaram as contas com o fisco. Nos dois primeiros meses do ano passado, esse n\u00famero era de 1,23 milh\u00e3o.<\/p>\n\n\n\n<p>\u201cA redu\u00e7\u00e3o do IPVA contribuiu para esse movimento ao aliviar o custo de manuten\u00e7\u00e3o do ve\u00edculo no or\u00e7amento das fam\u00edlias. Com um imposto menor, muitos contribuintes conseguiram antecipar a troca do carro ou comprar modelos mais novos e mais eficientes\u201d, destaca Norberto Ortigara, secret\u00e1rio da Fazenda.&nbsp;\u201cAl\u00e9m de beneficiar diretamente os propriet\u00e1rios, a renova\u00e7\u00e3o da frota traz impactos positivos mais amplos, como maior seguran\u00e7a no tr\u00e2nsito, redu\u00e7\u00e3o de emiss\u00f5es e est\u00edmulo \u00e0 atividade econ\u00f4mica ligada ao setor automotivo\u201d.<\/p>\n\n\n\n<p>\u201cEssa \u00e9 uma grande vit\u00f3ria para o Paran\u00e1, que mostra que \u00e9 poss\u00edvel cortar mordomias para tributar menos, mantendo um n\u00edvel alto de arrecada\u00e7\u00e3o, beneficiando os servi\u00e7os p\u00fablicos estaduais e tamb\u00e9m as prefeituras\u201d, comentou o presidente do Detran-PR, Santin Roveda.&nbsp;<\/p>\n\n\n\n<p>AEN\/PR<\/p>\n","protected":false},"excerpt":{"rendered":"<p>A nova al\u00edquota do IPVA em vigor no Paran\u00e1 causou um efeito positivo sobre os emplacamentos. O Paran\u00e1 registrou um crescimento de 24,7% no n\u00famero de primeiros emplacamentos de ve\u00edculos e registros de outros estados entre janeiro e fevereiro deste ano e o mesmo comparativo do ano passado. O volume passou de 43,3 mil para [&hellip;]<\/p>\n","protected":false},"author":2,"featured_media":76895,"comment_status":"open","ping_status":"open","sticky":false,"template":"","format":"standard","meta":{"advanced_seo_description":"","jetpack_seo_html_title":"","jetpack_seo_noindex":false,"_jetpack_memberships_contains_paid_content":false,"footnotes":""},"categories":[40],"tags":[],"class_list":{"0":"post-76894","1":"post","2":"type-post","3":"status-publish","4":"format-standard","5":"has-post-thumbnail","7":"category-destaques"},"jetpack_featured_media_url":"https:\/\/www.paranapraia.com.br\/wp-content\/uploads\/2026\/03\/transito_08-scaled.jpg","jetpack_sharing_enabled":true,"_links":{"self":[{"href":"https:\/\/www.paranapraia.com.br\/index.php\/wp-json\/wp\/v2\/posts\/76894"}],"collection":[{"href":"https:\/\/www.paranapraia.com.br\/index.php\/wp-json\/wp\/v2\/posts"}],"about":[{"href":"https:\/\/www.paranapraia.com.br\/index.php\/wp-json\/wp\/v2\/types\/post"}],"author":[{"embeddable":true,"href":"https:\/\/www.paranapraia.com.br\/index.php\/wp-json\/wp\/v2\/users\/2"}],"replies":[{"embeddable":true,"href":"https:\/\/www.paranapraia.com.br\/index.php\/wp-json\/wp\/v2\/comments?post=76894"}],"version-history":[{"count":1,"href":"https:\/\/www.paranapraia.com.br\/index.php\/wp-json\/wp\/v2\/posts\/76894\/revisions"}],"predecessor-version":[{"id":76896,"href":"https:\/\/www.paranapraia.com.br\/index.php\/wp-json\/wp\/v2\/posts\/76894\/revisions\/76896"}],"wp:featuredmedia":[{"embeddable":true,"href":"https:\/\/www.paranapraia.com.br\/index.php\/wp-json\/wp\/v2\/media\/76895"}],"wp:attachment":[{"href":"https:\/\/www.paranapraia.com.br\/index.php\/wp-json\/wp\/v2\/media?parent=76894"}],"wp:term":[{"taxonomy":"category","embeddable":true,"href":"https:\/\/www.paranapraia.com.br\/index.php\/wp-json\/wp\/v2\/categories?post=76894"},{"taxonomy":"post_tag","embeddable":true,"href":"https:\/\/www.paranapraia.com.br\/index.php\/wp-json\/wp\/v2\/tags?post=76894"}],"curies":[{"name":"wp","href":"https:\/\/api.w.org\/{rel}","templated":true}]}}