{"id":76875,"date":"2026-03-04T17:39:40","date_gmt":"2026-03-04T20:39:40","guid":{"rendered":"https:\/\/www.paranapraia.com.br\/?p=76875"},"modified":"2026-03-04T17:39:43","modified_gmt":"2026-03-04T20:39:43","slug":"matinhense-anuar-chiah-e-vice-campeao-do-senoritas-open-pro-no-peru-e-consolida-ascensao-no-surfe-mundial","status":"publish","type":"post","link":"https:\/\/www.paranapraia.com.br\/index.php\/2026\/03\/04\/matinhense-anuar-chiah-e-vice-campeao-do-senoritas-open-pro-no-peru-e-consolida-ascensao-no-surfe-mundial\/","title":{"rendered":"Matinhense Anuar Chiah \u00e9 Vice-Campe\u00e3o do Se\u00f1oritas Open Pro no Peru e consolida ascens\u00e3o no surfe mundial"},"content":{"rendered":"\n<p><em>&#8220;Anuar Chiah n\u00e3o apenas subiu ao p\u00f3dio no Peru; ele confirmou que o surfe de Matinhos hoje \u00e9 uma pot\u00eancia respeitada em toda a Am\u00e9rica do Sul.&#8221;<\/em><\/p>\n\n\n\n<p>O surfe de Matinhos voltou a brilhar em \u00e1guas internacionais. O atleta Anuar Chiah, uma das maiores promessas do surfe brasileiro, conquistou o vice-campeonato do Se\u00f1oritas Open Pro 2026, etapa do Qualifying Series (QS) 2000 da World Surf League (WSL), realizada em Punta Hermosa, no Peru.<\/p>\n\n\n\n<p>A competi\u00e7\u00e3o, encerrada no \u00faltimo fim de semana, reuniu a elite do surfe sul-americano. Anuar demonstrou um desempenho s\u00f3lido desde as fases iniciais, superando advers\u00e1rios experientes em ondas que exigem t\u00e9cnica apurada e preparo f\u00edsico. Na grande final, o matinhense travou uma disputa acirrada, garantindo o segundo lugar no p\u00f3dio e somando pontos cruciais para o ranking regional da WSL.<\/p>\n\n\n\n<h3 class=\"wp-block-heading\">Destaque Internacional e DNA de Campe\u00e3o<\/h3>\n\n\n\n<p>A conquista no Peru n\u00e3o \u00e9 um fato isolado. Recentemente, a Prefeitura de Matinhos j\u00e1 havia destacado a trajet\u00f3ria mete\u00f3rica do atleta. Com apenas 16 anos, Anuar j\u00e1 carrega o t\u00edtulo de Campe\u00e3o Brasileiro Sub-18 (2024) e tem se tornado figura constante nos p\u00f3dios das categorias de base mais importantes do mundo.<\/p>\n\n\n\n<p>Sua base de treino, o ic\u00f4nico \u201cPico\u201d de Matinhos, \u00e9 apontada pelo pr\u00f3prio atleta como o diferencial para o seu sucesso.<br>\u201cTreinar em casa, com ondas longas e t\u00e9cnicas, me preparou para enfrentar qualquer mar no mundo\u201d, afirmou Anuar em entrevista anterior \u00e0 assessoria municipal.<\/p>\n\n\n\n<figure class=\"wp-block-image size-large is-resized\"><img loading=\"lazy\" decoding=\"async\" width=\"576\" height=\"1024\" src=\"https:\/\/www.paranapraia.com.br\/wp-content\/uploads\/2026\/03\/WhatsApp-Image-2026-03-04-at-16.45.39-576x1024.jpeg\" alt=\"\" class=\"wp-image-76877\" style=\"width:268px;height:auto\" srcset=\"https:\/\/www.paranapraia.com.br\/wp-content\/uploads\/2026\/03\/WhatsApp-Image-2026-03-04-at-16.45.39-576x1024.jpeg 576w, https:\/\/www.paranapraia.com.br\/wp-content\/uploads\/2026\/03\/WhatsApp-Image-2026-03-04-at-16.45.39-169x300.jpeg 169w, https:\/\/www.paranapraia.com.br\/wp-content\/uploads\/2026\/03\/WhatsApp-Image-2026-03-04-at-16.45.39-768x1365.jpeg 768w, https:\/\/www.paranapraia.com.br\/wp-content\/uploads\/2026\/03\/WhatsApp-Image-2026-03-04-at-16.45.39-864x1536.jpeg 864w, https:\/\/www.paranapraia.com.br\/wp-content\/uploads\/2026\/03\/WhatsApp-Image-2026-03-04-at-16.45.39-696x1237.jpeg 696w, https:\/\/www.paranapraia.com.br\/wp-content\/uploads\/2026\/03\/WhatsApp-Image-2026-03-04-at-16.45.39.jpeg 900w\" sizes=\"(max-width: 576px) 100vw, 576px\" \/><\/figure>\n\n\n\n<h3 class=\"wp-block-heading\">Perfil T\u00e9cnico e Futuro Promissor<\/h3>\n\n\n\n<p>Filho de uma fam\u00edlia tradicional no surfe paranaense, Anuar une o talento heredit\u00e1rio a uma disciplina rigorosa de treinos. Seu estilo \u00e9 marcado por manobras progressivas e um backhand (surfe de costas para a onda) extremamente forte, o que foi decisivo para suas notas altas nas esquerdas peruanas de Se\u00f1oritas.<\/p>\n\n\n\n<p>Atualmente, o surfista conta com o apoio de patrocinadores de peso e o suporte t\u00e9cnico de grandes nomes do esporte, posicionando Matinhos como um verdadeiro celeiro de talentos para o Circuito Mundial (WCT).<\/p>\n\n\n\n<h3 class=\"wp-block-heading\">Impacto para o Esporte Local<\/h3>\n\n\n\n<p>Para a Secretaria de Esportes de Matinhos, o resultado de Anuar \u00e9 motivo de celebra\u00e7\u00e3o e serve de inspira\u00e7\u00e3o para novos projetos sociais voltados ao surfe na cidade. O vice-campeonato no Peru reafirma a voca\u00e7\u00e3o tur\u00edstica e esportiva do munic\u00edpio, que segue revelando nomes para o topo do ranking global.<\/p>\n\n\n\n<p>O atleta \u00e9 apoiado com o aux\u00edlio atleta da Prefeitura de Matinhos.<\/p>\n\n\n\n<p>Comunica\u00e7\u00e3o \/ Prefeitura de Matinhos<\/p>\n","protected":false},"excerpt":{"rendered":"<p>&#8220;Anuar Chiah n\u00e3o apenas subiu ao p\u00f3dio no Peru; ele confirmou que o surfe de Matinhos hoje \u00e9 uma pot\u00eancia respeitada em toda a Am\u00e9rica do Sul.&#8221; O surfe de Matinhos voltou a brilhar em \u00e1guas internacionais. O atleta Anuar Chiah, uma das maiores promessas do surfe brasileiro, conquistou o vice-campeonato do Se\u00f1oritas Open Pro [&hellip;]<\/p>\n","protected":false},"author":2,"featured_media":76876,"comment_status":"open","ping_status":"open","sticky":false,"template":"","format":"standard","meta":{"advanced_seo_description":"","jetpack_seo_html_title":"","jetpack_seo_noindex":false,"_jetpack_memberships_contains_paid_content":false,"footnotes":""},"categories":[88],"tags":[],"class_list":{"0":"post-76875","1":"post","2":"type-post","3":"status-publish","4":"format-standard","5":"has-post-thumbnail","7":"category-matinhos"},"jetpack_featured_media_url":"https:\/\/www.paranapraia.com.br\/wp-content\/uploads\/2026\/03\/WhatsApp-Image-2026-03-04-at-16.45.40.jpeg","jetpack_sharing_enabled":true,"_links":{"self":[{"href":"https:\/\/www.paranapraia.com.br\/index.php\/wp-json\/wp\/v2\/posts\/76875"}],"collection":[{"href":"https:\/\/www.paranapraia.com.br\/index.php\/wp-json\/wp\/v2\/posts"}],"about":[{"href":"https:\/\/www.paranapraia.com.br\/index.php\/wp-json\/wp\/v2\/types\/post"}],"author":[{"embeddable":true,"href":"https:\/\/www.paranapraia.com.br\/index.php\/wp-json\/wp\/v2\/users\/2"}],"replies":[{"embeddable":true,"href":"https:\/\/www.paranapraia.com.br\/index.php\/wp-json\/wp\/v2\/comments?post=76875"}],"version-history":[{"count":1,"href":"https:\/\/www.paranapraia.com.br\/index.php\/wp-json\/wp\/v2\/posts\/76875\/revisions"}],"predecessor-version":[{"id":76878,"href":"https:\/\/www.paranapraia.com.br\/index.php\/wp-json\/wp\/v2\/posts\/76875\/revisions\/76878"}],"wp:featuredmedia":[{"embeddable":true,"href":"https:\/\/www.paranapraia.com.br\/index.php\/wp-json\/wp\/v2\/media\/76876"}],"wp:attachment":[{"href":"https:\/\/www.paranapraia.com.br\/index.php\/wp-json\/wp\/v2\/media?parent=76875"}],"wp:term":[{"taxonomy":"category","embeddable":true,"href":"https:\/\/www.paranapraia.com.br\/index.php\/wp-json\/wp\/v2\/categories?post=76875"},{"taxonomy":"post_tag","embeddable":true,"href":"https:\/\/www.paranapraia.com.br\/index.php\/wp-json\/wp\/v2\/tags?post=76875"}],"curies":[{"name":"wp","href":"https:\/\/api.w.org\/{rel}","templated":true}]}}