{"id":76506,"date":"2026-02-13T16:15:53","date_gmt":"2026-02-13T19:15:53","guid":{"rendered":"https:\/\/www.paranapraia.com.br\/?p=76506"},"modified":"2026-02-13T16:15:56","modified_gmt":"2026-02-13T19:15:56","slug":"bailinho-infantil-batucadinha-e-folia-de-boi-de-mamao-acontecem-neste-fim-de-semana-no-carnaval-de-paranagua","status":"publish","type":"post","link":"https:\/\/www.paranapraia.com.br\/index.php\/2026\/02\/13\/bailinho-infantil-batucadinha-e-folia-de-boi-de-mamao-acontecem-neste-fim-de-semana-no-carnaval-de-paranagua\/","title":{"rendered":"Bailinho Infantil Batucadinha e Folia de Boi de Mam\u00e3o acontecem neste fim de semana no Carnaval de Paranagu\u00e1"},"content":{"rendered":"\n<p>A Prefeitura de Paranagu\u00e1 preparou uma programa\u00e7\u00e3o diversificada e cheia de alegria para crian\u00e7as e fam\u00edlias neste s\u00e1bado, dia 14 e domingo, 15.<\/p>\n\n\n\n<p>A folia come\u00e7a na Pra\u00e7a do Guincho com a Folia do Boi de Mam\u00e3o, valorizando o folclore e as tradi\u00e7\u00f5es cai\u00e7aras no Centro Hist\u00f3rico. Em seguida, haver\u00e1 um cortejo at\u00e9 a Pra\u00e7a de Eventos, onde a crian\u00e7ada ser\u00e1 recebida com muita anima\u00e7\u00e3o.<\/p>\n\n\n\n<p>A apresenta\u00e7\u00e3o do Boi de Mam\u00e3o conta com a participa\u00e7\u00e3o do Mandicuera Ponto da Cultura Cai\u00e7ara, al\u00e9m dos grupos Flor de Macambira e Grupo de Dan\u00e7a da UNATI.<\/p>\n\n\n\n<p>O Projeto da Folia do Boi de Mam\u00e3o \u00e9 realizado por meio do programa Cultura Viva \u2013 Edital Pontos de Cultura, da Secultur, Prefeitura Municipal de Paranagu\u00e1, Minist\u00e9rio da Cultura e Governo Federal.<\/p>\n\n\n\n<p><strong>Bailinho Infantil<\/strong><\/p>\n\n\n\n<p>Na Pra\u00e7a de Eventos, a divers\u00e3o continua com o Bailinho Infantil Batucadinha: marchinhas, personagens carnavalescos, tambores, som mec\u00e2nico e muitas brincadeiras para fazer a alegria dos pequenos. Traga as crian\u00e7as e venha se divertir! &nbsp;Bailinho infantil, dias 14 e 15 de fevereiro das 16h \u00e0s 18h na Pra\u00e7a de Eventos.<\/p>\n\n\n\n<p>Prefeitura de Paranagu\u00e1 <\/p>\n","protected":false},"excerpt":{"rendered":"<p>A Prefeitura de Paranagu\u00e1 preparou uma programa\u00e7\u00e3o diversificada e cheia de alegria para crian\u00e7as e fam\u00edlias neste s\u00e1bado, dia 14 e domingo, 15. A folia come\u00e7a na Pra\u00e7a do Guincho com a Folia do Boi de Mam\u00e3o, valorizando o folclore e as tradi\u00e7\u00f5es cai\u00e7aras no Centro Hist\u00f3rico. Em seguida, haver\u00e1 um cortejo at\u00e9 a Pra\u00e7a [&hellip;]<\/p>\n","protected":false},"author":2,"featured_media":76507,"comment_status":"open","ping_status":"open","sticky":false,"template":"","format":"standard","meta":{"advanced_seo_description":"","jetpack_seo_html_title":"","jetpack_seo_noindex":false,"_jetpack_memberships_contains_paid_content":false,"footnotes":""},"categories":[77],"tags":[],"class_list":{"0":"post-76506","1":"post","2":"type-post","3":"status-publish","4":"format-standard","5":"has-post-thumbnail","7":"category-paranagua"},"jetpack_featured_media_url":"https:\/\/www.paranapraia.com.br\/wp-content\/uploads\/2026\/02\/23015.jpg","jetpack_sharing_enabled":true,"_links":{"self":[{"href":"https:\/\/www.paranapraia.com.br\/index.php\/wp-json\/wp\/v2\/posts\/76506"}],"collection":[{"href":"https:\/\/www.paranapraia.com.br\/index.php\/wp-json\/wp\/v2\/posts"}],"about":[{"href":"https:\/\/www.paranapraia.com.br\/index.php\/wp-json\/wp\/v2\/types\/post"}],"author":[{"embeddable":true,"href":"https:\/\/www.paranapraia.com.br\/index.php\/wp-json\/wp\/v2\/users\/2"}],"replies":[{"embeddable":true,"href":"https:\/\/www.paranapraia.com.br\/index.php\/wp-json\/wp\/v2\/comments?post=76506"}],"version-history":[{"count":1,"href":"https:\/\/www.paranapraia.com.br\/index.php\/wp-json\/wp\/v2\/posts\/76506\/revisions"}],"predecessor-version":[{"id":76508,"href":"https:\/\/www.paranapraia.com.br\/index.php\/wp-json\/wp\/v2\/posts\/76506\/revisions\/76508"}],"wp:featuredmedia":[{"embeddable":true,"href":"https:\/\/www.paranapraia.com.br\/index.php\/wp-json\/wp\/v2\/media\/76507"}],"wp:attachment":[{"href":"https:\/\/www.paranapraia.com.br\/index.php\/wp-json\/wp\/v2\/media?parent=76506"}],"wp:term":[{"taxonomy":"category","embeddable":true,"href":"https:\/\/www.paranapraia.com.br\/index.php\/wp-json\/wp\/v2\/categories?post=76506"},{"taxonomy":"post_tag","embeddable":true,"href":"https:\/\/www.paranapraia.com.br\/index.php\/wp-json\/wp\/v2\/tags?post=76506"}],"curies":[{"name":"wp","href":"https:\/\/api.w.org\/{rel}","templated":true}]}}