{"id":76503,"date":"2026-02-13T16:12:08","date_gmt":"2026-02-13T19:12:08","guid":{"rendered":"https:\/\/www.paranapraia.com.br\/?p=76503"},"modified":"2026-02-13T16:12:10","modified_gmt":"2026-02-13T19:12:10","slug":"prefeitura-de-paranagua-organiza-transito-para-os-desfiles-de-carnaval-na-praca-de-eventos","status":"publish","type":"post","link":"https:\/\/www.paranapraia.com.br\/index.php\/2026\/02\/13\/prefeitura-de-paranagua-organiza-transito-para-os-desfiles-de-carnaval-na-praca-de-eventos\/","title":{"rendered":"Prefeitura de Paranagu\u00e1 organiza tr\u00e2nsito para os desfiles de Carnaval na Pra\u00e7a de Eventos"},"content":{"rendered":"\n<p>A Prefeitura de Paranagu\u00e1 informa que haver\u00e1 altera\u00e7\u00f5es no tr\u00e2nsito no entorno da Pra\u00e7a de Eventos, no Centro Hist\u00f3rico, durante o desfile de Carnaval, que acontece neste domingo, dia 15. As mudan\u00e7as come\u00e7am antes da folia para permitir a montagem completa da estrutura e assegurar a seguran\u00e7a do p\u00fablico. O planejamento foi definido com anteced\u00eancia e envolve bloqueios pontuais, controle de fluxo e rotas alternativas, com atua\u00e7\u00e3o das equipes municipais de tr\u00e2nsito e seguran\u00e7a.<\/p>\n\n\n\n<p>A Rua da Praia permanecer\u00e1 bloqueada at\u00e9 o dia 18 (quarta-feira), quando ser\u00e1 totalmente liberada. No dia 14 (s\u00e1bado), a partir das 16 horas, haver\u00e1 bloqueio tempor\u00e1rio na Rua 29 de Julho com a XV de Novembro e na Rua General Carneiro com a Rua Sete de Setembro, devido \u00e0 programa\u00e7\u00e3o da Folia do Boi Mam\u00e3o. Ap\u00f3s o encerramento da atividade, as vias ser\u00e3o liberadas.<\/p>\n\n\n\n<p>Nos dias 15 e 17, tamb\u00e9m a partir das 16 horas, os bloqueios ocorrer\u00e3o nos seguintes pontos: Rua Jo\u00e3o Estev\u00e3o com Ant\u00f4nio Bittencourt; Rua Jo\u00e3o R\u00e9gis com P\u00eassego J\u00fanior; Rua Professor Cleto com XV de Novembro; Rua Mohamed Mansur com XV de Novembro; Rua Fernando Simas com XV de Novembro; e Rua 29 de Julho com XV de Novembro. A organiza\u00e7\u00e3o prev\u00ea controle e orienta\u00e7\u00e3o para reduzir impactos no fluxo urbano.<\/p>\n\n\n\n<p>\u00d4nibus<\/p>\n\n\n\n<p>Durante esses dias, o acesso de \u00f4nibus da Via\u00e7\u00e3o Graciosa e da Via\u00e7\u00e3o Rocio ser\u00e1 mantido pela Rua Segismundo Gon\u00e7alves, via localizada atr\u00e1s da Rodovi\u00e1ria, tanto para entrada quanto para sa\u00edda. O servi\u00e7o de t\u00e1xi ter\u00e1 acesso \u00e0 Rodovi\u00e1ria pela Rua Jo\u00e3o Estev\u00e3o. J\u00e1 os moradores da Ilha dos Valadares poder\u00e3o utilizar as vias Gerson Constantino, Jos\u00e9 Louren\u00e7o Pinto e Professor Oziel Prado Tavares como rota de acesso \u00e0 Ponte dos Valadares.<\/p>\n\n\n\n<p>No dia 16, a interdi\u00e7\u00e3o ser\u00e1 restrita \u00e0 Rua da Praia, com controle de fluxo nas vias adjacentes. A Prefeitura refor\u00e7a que todas as medidas foram planejadas para garantir a realiza\u00e7\u00e3o dos desfiles com organiza\u00e7\u00e3o e seguran\u00e7a, preservando a mobilidade da cidade e assegurando o acesso a servi\u00e7os essenciais.<\/p>\n\n\n\n<p>Prefeitura de Paranagu\u00e1 <\/p>\n","protected":false},"excerpt":{"rendered":"<p>A Prefeitura de Paranagu\u00e1 informa que haver\u00e1 altera\u00e7\u00f5es no tr\u00e2nsito no entorno da Pra\u00e7a de Eventos, no Centro Hist\u00f3rico, durante o desfile de Carnaval, que acontece neste domingo, dia 15. As mudan\u00e7as come\u00e7am antes da folia para permitir a montagem completa da estrutura e assegurar a seguran\u00e7a do p\u00fablico. O planejamento foi definido com anteced\u00eancia [&hellip;]<\/p>\n","protected":false},"author":2,"featured_media":76504,"comment_status":"open","ping_status":"open","sticky":false,"template":"","format":"standard","meta":{"advanced_seo_description":"","jetpack_seo_html_title":"","jetpack_seo_noindex":false,"_jetpack_memberships_contains_paid_content":false,"footnotes":""},"categories":[77],"tags":[],"class_list":{"0":"post-76503","1":"post","2":"type-post","3":"status-publish","4":"format-standard","5":"has-post-thumbnail","7":"category-paranagua"},"jetpack_featured_media_url":"https:\/\/www.paranapraia.com.br\/wp-content\/uploads\/2026\/02\/23009.jpg","jetpack_sharing_enabled":true,"_links":{"self":[{"href":"https:\/\/www.paranapraia.com.br\/index.php\/wp-json\/wp\/v2\/posts\/76503"}],"collection":[{"href":"https:\/\/www.paranapraia.com.br\/index.php\/wp-json\/wp\/v2\/posts"}],"about":[{"href":"https:\/\/www.paranapraia.com.br\/index.php\/wp-json\/wp\/v2\/types\/post"}],"author":[{"embeddable":true,"href":"https:\/\/www.paranapraia.com.br\/index.php\/wp-json\/wp\/v2\/users\/2"}],"replies":[{"embeddable":true,"href":"https:\/\/www.paranapraia.com.br\/index.php\/wp-json\/wp\/v2\/comments?post=76503"}],"version-history":[{"count":1,"href":"https:\/\/www.paranapraia.com.br\/index.php\/wp-json\/wp\/v2\/posts\/76503\/revisions"}],"predecessor-version":[{"id":76505,"href":"https:\/\/www.paranapraia.com.br\/index.php\/wp-json\/wp\/v2\/posts\/76503\/revisions\/76505"}],"wp:featuredmedia":[{"embeddable":true,"href":"https:\/\/www.paranapraia.com.br\/index.php\/wp-json\/wp\/v2\/media\/76504"}],"wp:attachment":[{"href":"https:\/\/www.paranapraia.com.br\/index.php\/wp-json\/wp\/v2\/media?parent=76503"}],"wp:term":[{"taxonomy":"category","embeddable":true,"href":"https:\/\/www.paranapraia.com.br\/index.php\/wp-json\/wp\/v2\/categories?post=76503"},{"taxonomy":"post_tag","embeddable":true,"href":"https:\/\/www.paranapraia.com.br\/index.php\/wp-json\/wp\/v2\/tags?post=76503"}],"curies":[{"name":"wp","href":"https:\/\/api.w.org\/{rel}","templated":true}]}}