{"id":76500,"date":"2026-02-13T16:09:18","date_gmt":"2026-02-13T19:09:18","guid":{"rendered":"https:\/\/www.paranapraia.com.br\/?p=76500"},"modified":"2026-02-13T16:09:21","modified_gmt":"2026-02-13T19:09:21","slug":"eja-de-paranagua-recebe-material-didatico-pela-primeira-vez-e-fortalece-ensino-para-jovens-e-adultos","status":"publish","type":"post","link":"https:\/\/www.paranapraia.com.br\/index.php\/2026\/02\/13\/eja-de-paranagua-recebe-material-didatico-pela-primeira-vez-e-fortalece-ensino-para-jovens-e-adultos\/","title":{"rendered":"EJA de Paranagu\u00e1 recebe material did\u00e1tico pela primeira vez e fortalece ensino para jovens e adultos"},"content":{"rendered":"\n<p>Na manh\u00e3 desta sexta-feira, dia 13, a vice-prefeita Fabiana Parro visitou a Escola Municipal Edite Lobo, polo da Educa\u00e7\u00e3o de Jovens e Adultos (EJA) em Paranagu\u00e1. Durante a agenda, al\u00e9m de conhecer as instala\u00e7\u00f5es e ouvir a equipe pedag\u00f3gica, foi destacada uma mudan\u00e7a importante para a modalidade: a chegada, pela primeira vez, de material estruturado voltado especificamente para a EJA.<\/p>\n\n\n\n<p>Segundo a vice-prefeita, a medida representa mais organiza\u00e7\u00e3o e suporte ao trabalho desenvolvido em sala de aula. \u201cAt\u00e9 ent\u00e3o, os professores precisavam produzir todo o conte\u00fado, adaptando e construindo as atividades conforme a realidade dos alunos. Agora h\u00e1 uma base estruturada, que d\u00e1 mais seguran\u00e7a pedag\u00f3gica e qualifica o processo de ensino. \u00c9 um avan\u00e7o importante para quem ensina e para quem aprende\u201d, afirmou.<\/p>\n\n\n\n<p>Fabiana tamb\u00e9m ressaltou o impacto simb\u00f3lico da iniciativa para os estudantes. \u201cPara muitos, ter um livro em m\u00e3os \u00e9 algo que carrega significado. Estamos falando de adultos que retomam os estudos e que passam a ter mais autonomia para ler, escrever e compreender documentos do dia a dia. Isso tem um peso muito grande na vida dessas pessoas\u201d, disse.<\/p>\n\n\n\n<p>O secret\u00e1rio municipal de Educa\u00e7\u00e3o e Ensino Integral, Thiago do Nascimento, destacou que a iniciativa consolida a EJA como parte integrante da pol\u00edtica educacional do Munic\u00edpio. \u201cA EJA atende um p\u00fablico com trajet\u00f3rias diversas e precisa de estrat\u00e9gias pr\u00f3prias. Garantir material adequado \u00e9 assegurar melhores condi\u00e7\u00f5es de planejamento, alinhamento curricular e acompanhamento da aprendizagem. \u00c9 uma medida que fortalece a rede como um todo e promove mais equidade entre as modalidades\u201d, destacou.<\/p>\n\n\n\n<p>A pedagoga e coordenadora da EJA no polo Edite Lobo, Ana Maria da Silva Gabriel, explicou que a modalidade nunca havia recebido material espec\u00edfico, o que exigia adapta\u00e7\u00f5es constantes por parte da equipe pedag\u00f3gica. \u201cIsso foi uma conquista muito grande para n\u00f3s, porque a EJA nunca teve material did\u00e1tico. Vinha material para a rede, mas a EJA parecia que n\u00e3o fazia parte da rede, porque n\u00e3o vinha esse material. N\u00f3s trabalh\u00e1vamos a partir da avalia\u00e7\u00e3o diagn\u00f3stica, identificando as dificuldades dos alunos e criando o conte\u00fado para eles\u201d, relatou.<\/p>\n\n\n\n<p>Segundo ela, os professores precisavam adaptar conte\u00fados pensados para o ensino regular do 1\u00ba ao 5\u00ba ano, considerando que o p\u00fablico da EJA \u00e9 formado por estudantes de 15 a 80 anos. \u201cTemos hoje alunos com 80 ou 81 anos em sala de aula. Nem tudo podia ser aplicado. Agora, tendo material did\u00e1tico, \u00e9 a prova de que a EJA est\u00e1 tendo mais visibilidade nessa gest\u00e3o. Foi um olhar diferenciado, que vai enriquecer muito o trabalho dos professores\u201d, celebrou.<\/p>\n\n\n\n<p><strong>Atendimento em 16 unidades e crescimento nas matr\u00edculas<\/strong><\/p>\n\n\n\n<p>A EJA em Paranagu\u00e1 atende atualmente cerca de 300 alunos, com matr\u00edculas abertas ao longo do ano. O munic\u00edpio conta com 16 unidades descentralizadas, al\u00e9m do polo na Escola Edite Lobo, que oferece turmas nos per\u00edodos da manh\u00e3, tarde e noite.<\/p>\n\n\n\n<p>Na unidade polo, aproximadamente 60 alunos est\u00e3o distribu\u00eddos entre os turnos. O espa\u00e7o atende estudantes da Educa\u00e7\u00e3o Especial, com turmas espec\u00edficas nos tr\u00eas per\u00edodos, compostas por alunos laudados que recebem acompanhamento adequado \u00e0s suas necessidades.<\/p>\n\n\n\n<p><strong>Prepara\u00e7\u00e3o para o mercado de trabalho<\/strong><\/p>\n\n\n\n<p>Al\u00e9m da forma\u00e7\u00e3o b\u00e1sica, a modalidade desenvolve a\u00e7\u00f5es voltadas \u00e0 inser\u00e7\u00e3o profissional. Os alunos participam de oficinas e recebem orienta\u00e7\u00f5es para entrevistas de emprego. J\u00e1 houve estudantes encaminhados para est\u00e1gio na Prefeitura e em empresas como Pernambucanas, Havan e Bavaresco.<\/p>\n\n\n\n<p>\u201cTrabalhamos a forma\u00e7\u00e3o para al\u00e9m da alfabetiza\u00e7\u00e3o. Nosso objetivo \u00e9 ampliar oportunidades e fortalecer a autonomia desses alunos\u201d, concluiu a coordenadora.<\/p>\n\n\n\n<p>Prefeitura de Paranagu\u00e1 <\/p>\n","protected":false},"excerpt":{"rendered":"<p>Na manh\u00e3 desta sexta-feira, dia 13, a vice-prefeita Fabiana Parro visitou a Escola Municipal Edite Lobo, polo da Educa\u00e7\u00e3o de Jovens e Adultos (EJA) em Paranagu\u00e1. Durante a agenda, al\u00e9m de conhecer as instala\u00e7\u00f5es e ouvir a equipe pedag\u00f3gica, foi destacada uma mudan\u00e7a importante para a modalidade: a chegada, pela primeira vez, de material estruturado [&hellip;]<\/p>\n","protected":false},"author":2,"featured_media":76501,"comment_status":"open","ping_status":"open","sticky":false,"template":"","format":"standard","meta":{"advanced_seo_description":"","jetpack_seo_html_title":"","jetpack_seo_noindex":false,"_jetpack_memberships_contains_paid_content":false,"footnotes":""},"categories":[77],"tags":[],"class_list":{"0":"post-76500","1":"post","2":"type-post","3":"status-publish","4":"format-standard","5":"has-post-thumbnail","7":"category-paranagua"},"jetpack_featured_media_url":"https:\/\/www.paranapraia.com.br\/wp-content\/uploads\/2026\/02\/22991.jpg","jetpack_sharing_enabled":true,"_links":{"self":[{"href":"https:\/\/www.paranapraia.com.br\/index.php\/wp-json\/wp\/v2\/posts\/76500"}],"collection":[{"href":"https:\/\/www.paranapraia.com.br\/index.php\/wp-json\/wp\/v2\/posts"}],"about":[{"href":"https:\/\/www.paranapraia.com.br\/index.php\/wp-json\/wp\/v2\/types\/post"}],"author":[{"embeddable":true,"href":"https:\/\/www.paranapraia.com.br\/index.php\/wp-json\/wp\/v2\/users\/2"}],"replies":[{"embeddable":true,"href":"https:\/\/www.paranapraia.com.br\/index.php\/wp-json\/wp\/v2\/comments?post=76500"}],"version-history":[{"count":1,"href":"https:\/\/www.paranapraia.com.br\/index.php\/wp-json\/wp\/v2\/posts\/76500\/revisions"}],"predecessor-version":[{"id":76502,"href":"https:\/\/www.paranapraia.com.br\/index.php\/wp-json\/wp\/v2\/posts\/76500\/revisions\/76502"}],"wp:featuredmedia":[{"embeddable":true,"href":"https:\/\/www.paranapraia.com.br\/index.php\/wp-json\/wp\/v2\/media\/76501"}],"wp:attachment":[{"href":"https:\/\/www.paranapraia.com.br\/index.php\/wp-json\/wp\/v2\/media?parent=76500"}],"wp:term":[{"taxonomy":"category","embeddable":true,"href":"https:\/\/www.paranapraia.com.br\/index.php\/wp-json\/wp\/v2\/categories?post=76500"},{"taxonomy":"post_tag","embeddable":true,"href":"https:\/\/www.paranapraia.com.br\/index.php\/wp-json\/wp\/v2\/tags?post=76500"}],"curies":[{"name":"wp","href":"https:\/\/api.w.org\/{rel}","templated":true}]}}