{"id":76497,"date":"2026-02-13T16:02:44","date_gmt":"2026-02-13T19:02:44","guid":{"rendered":"https:\/\/www.paranapraia.com.br\/?p=76497"},"modified":"2026-02-13T16:02:46","modified_gmt":"2026-02-13T19:02:46","slug":"prefeitura-de-paranagua-celebra-carnaval-com-alunos-da-escola-municipal-eva-cavani","status":"publish","type":"post","link":"https:\/\/www.paranapraia.com.br\/index.php\/2026\/02\/13\/prefeitura-de-paranagua-celebra-carnaval-com-alunos-da-escola-municipal-eva-cavani\/","title":{"rendered":"Prefeitura de Paranagu\u00e1 celebra Carnaval com alunos da Escola Municipal Eva Cavani"},"content":{"rendered":"\n<p>Esta sexta-feira, dia 13, foi marcada por m\u00fasica, cores e muita alegria na Escola Municipal de Educa\u00e7\u00e3o Especial Professora Eva Tereza Amarante Cavani. O tradicional Baile de Carnaval reuniu cerca de 300 alunos da institui\u00e7\u00e3o, com idades entre 7 e 80 anos, em um momento de celebra\u00e7\u00e3o, inclus\u00e3o e valoriza\u00e7\u00e3o cultural. A festividade contou com a parceria da Escola de Samba Uni\u00e3o da Ilha, da Ilha dos Valadares, que levou a folia para dentro da escola.<\/p>\n\n\n\n<p>Durante o evento, a vice-prefeita Fabiana Parro destacou a import\u00e2ncia de promover momentos de conviv\u00eancia e pertencimento para os estudantes. \u201cEu fico muito feliz de poder estar hoje aqui. Muitas das professoras eu tive o prazer de trabalhar na APAE h\u00e1 anos, e alguns dos alunos que est\u00e3o aqui foram meus pacientes quando pequenos. Proporcionar essa alegria, essa energia do Carnaval para essas crian\u00e7as, adolescentes, jovens e senhores \u00e9 muito importante. \u00c9 gratificante ver a felicidade deles e a inclus\u00e3o acontecendo na pr\u00e1tica\u201d, afirmou.<\/p>\n\n\n\n<p>A vice-prefeita tamb\u00e9m aproveitou a visita para realizar uma vistoria na unidade, com o objetivo de identificar demandas estruturais e fortalecer as condi\u00e7\u00f5es de trabalho dos profissionais e de atendimento aos alunos.<\/p>\n\n\n\n<p><strong>Gest\u00e3o e compromisso com a Educa\u00e7\u00e3o Especial<\/strong><\/p>\n\n\n\n<p>O secret\u00e1rio municipal de Educa\u00e7\u00e3o e Ensino Integral, Thiago do Nascimento, que j\u00e1 atuou na escola, ressaltou o impacto das atividades extracurriculares no desenvolvimento dos estudantes. \u201c\u00c9 uma maravilha rever meus alunos. Trabalhei aqui durante um ano e tenho certeza de que s\u00e3o essas atividades que motivam as crian\u00e7as. A Eva Cavani \u00e9 uma escola muito especial, mora no meu cora\u00e7\u00e3o. Ver essa integra\u00e7\u00e3o e a alegria deles \u00e9 emocionante. Eles gostam desse movimento, gostam do Carnaval, e isso faz toda a diferen\u00e7a no processo educativo\u201d, destacou.<\/p>\n\n\n\n<p>A diretora da unidade, Solange Regina Martins Melchior da Silva, explicou que o baile \u00e9 resultado de uma parceria com a Uni\u00e3o da Ilha, que j\u00e1 participa da celebra\u00e7\u00e3o pelo segundo ano consecutivo. \u201cA Uni\u00e3o da Ilha \u00e9 nossa grande parceira e sabe da necessidade que nossas crian\u00e7as t\u00eam de vivenciar o Carnaval, que \u00e9 uma data culturalmente difundida na nossa sociedade. N\u00e3o temos palavras para agradecer. \u00c0 tarde ainda teremos a participa\u00e7\u00e3o especial da bateria, e nossos alunos est\u00e3o ansiosos para esse momento\u201d, afirmou.<\/p>\n\n\n\n<p>Ela tamb\u00e9m detalhou o funcionamento pedag\u00f3gico da escola, que possui curr\u00edculo pr\u00f3prio estruturado por ciclos, voltado \u00e0 modalidade de Educa\u00e7\u00e3o Especial. \u201cO Eva Cavani n\u00e3o tem terminalidade. O aluno permanece conosco enquanto fizer sentido para ele. Temos um curr\u00edculo organizado por ciclos, constru\u00eddo por professores, pedagogos e dire\u00e7\u00e3o, justamente para atender \u00e0 demanda da educa\u00e7\u00e3o especial. Ap\u00f3s os ciclos, o estudante segue na Educa\u00e7\u00e3o de Jovens e Adultos (EJA) cont\u00ednua\u201d, explicou.<\/p>\n\n\n\n<p>A escola tamb\u00e9m oferece atendimento multiprofissional, com neurologista, psiquiatra, enfermeira e assistente social, al\u00e9m de estar em processo de contrata\u00e7\u00e3o de psic\u00f3logos, fisioterapeutas, terapeutas ocupacionais e fonoaudi\u00f3logos.<\/p>\n\n\n\n<p><strong>Parceria que fortalece a inclus\u00e3o<\/strong><\/p>\n\n\n\n<p>Representando a Escola de Samba Uni\u00e3o da Ilha, o int\u00e9rprete F\u00e1bio Santos ressaltou o significado da participa\u00e7\u00e3o da agremia\u00e7\u00e3o no evento. \u201cA gente faz Carnaval para todo o povo, n\u00e3o tem distin\u00e7\u00e3o. Estar aqui \u00e9 um orgulho. \u00c0s vezes a alegria \u00e9 at\u00e9 maior para n\u00f3s do que para eles. Fazer parte dessa festa \u00e9 maravilhoso\u201d, afirmou.<\/p>\n\n\n\n<p><strong>Educa\u00e7\u00e3o que transforma<\/strong><\/p>\n\n\n\n<p>Para a professora Edilene Andrea Rosa, que leciona h\u00e1 34 anos e est\u00e1 na escola h\u00e1 cinco, o Carnaval \u00e9 mais uma ferramenta de est\u00edmulo e integra\u00e7\u00e3o. \u201cQuando eu vim para c\u00e1, h\u00e1 cinco anos, minha vida mudou. Eu me encontrei aqui. As crian\u00e7as nos d\u00e3o um carinho verdadeiro. \u00c9 muito gratificante. Promover o baile e outros eventos traz essa alegria para eles. Voc\u00ea v\u00ea ao vivo a felicidade deles, e isso nos motiva cada vez mais\u201d, disse.<\/p>\n\n\n\n<p>Entre os estudantes, o entusiasmo era evidente. Os\u00e9ias dos Santos Morais, de 25 anos, que est\u00e1 h\u00e1 quatro anos na escola, resumiu o sentimento: \u201c\u00c9 legal. Eu dan\u00e7o, eu me divirto. Gosto de estudar aqui. Aprendo alfabeto, tabuada, tudo\u201d, disse.<\/p>\n\n\n\n<p>Felipe On\u00f3rio Padilha dos Santos, de 27 anos, tamb\u00e9m destacou o carinho pela escola. \u201c\u00c9 muito bom. Eu gosto das festas, gosto de estudar. Aprendo alfabeto, fa\u00e7o atividade, artesanato, aprendo a andar de \u00f4nibus\u201d, contou.<\/p>\n\n\n\n<p>O baile refor\u00e7ou o compromisso da gest\u00e3o municipal com uma Educa\u00e7\u00e3o Especial inclusiva, que valoriza a conviv\u00eancia, a cultura e o desenvolvimento integral dos estudantes. As aulas retornam normalmente no pr\u00f3ximo dia 19, ap\u00f3s o feriado de Carnaval.<\/p>\n\n\n\n<p>Prefeitura de Paranagu\u00e1 <\/p>\n","protected":false},"excerpt":{"rendered":"<p>Esta sexta-feira, dia 13, foi marcada por m\u00fasica, cores e muita alegria na Escola Municipal de Educa\u00e7\u00e3o Especial Professora Eva Tereza Amarante Cavani. O tradicional Baile de Carnaval reuniu cerca de 300 alunos da institui\u00e7\u00e3o, com idades entre 7 e 80 anos, em um momento de celebra\u00e7\u00e3o, inclus\u00e3o e valoriza\u00e7\u00e3o cultural. A festividade contou com [&hellip;]<\/p>\n","protected":false},"author":2,"featured_media":76498,"comment_status":"open","ping_status":"open","sticky":false,"template":"","format":"standard","meta":{"advanced_seo_description":"","jetpack_seo_html_title":"","jetpack_seo_noindex":false,"_jetpack_memberships_contains_paid_content":false,"footnotes":""},"categories":[77],"tags":[],"class_list":{"0":"post-76497","1":"post","2":"type-post","3":"status-publish","4":"format-standard","5":"has-post-thumbnail","7":"category-paranagua"},"jetpack_featured_media_url":"https:\/\/www.paranapraia.com.br\/wp-content\/uploads\/2026\/02\/22964.jpg","jetpack_sharing_enabled":true,"_links":{"self":[{"href":"https:\/\/www.paranapraia.com.br\/index.php\/wp-json\/wp\/v2\/posts\/76497"}],"collection":[{"href":"https:\/\/www.paranapraia.com.br\/index.php\/wp-json\/wp\/v2\/posts"}],"about":[{"href":"https:\/\/www.paranapraia.com.br\/index.php\/wp-json\/wp\/v2\/types\/post"}],"author":[{"embeddable":true,"href":"https:\/\/www.paranapraia.com.br\/index.php\/wp-json\/wp\/v2\/users\/2"}],"replies":[{"embeddable":true,"href":"https:\/\/www.paranapraia.com.br\/index.php\/wp-json\/wp\/v2\/comments?post=76497"}],"version-history":[{"count":1,"href":"https:\/\/www.paranapraia.com.br\/index.php\/wp-json\/wp\/v2\/posts\/76497\/revisions"}],"predecessor-version":[{"id":76499,"href":"https:\/\/www.paranapraia.com.br\/index.php\/wp-json\/wp\/v2\/posts\/76497\/revisions\/76499"}],"wp:featuredmedia":[{"embeddable":true,"href":"https:\/\/www.paranapraia.com.br\/index.php\/wp-json\/wp\/v2\/media\/76498"}],"wp:attachment":[{"href":"https:\/\/www.paranapraia.com.br\/index.php\/wp-json\/wp\/v2\/media?parent=76497"}],"wp:term":[{"taxonomy":"category","embeddable":true,"href":"https:\/\/www.paranapraia.com.br\/index.php\/wp-json\/wp\/v2\/categories?post=76497"},{"taxonomy":"post_tag","embeddable":true,"href":"https:\/\/www.paranapraia.com.br\/index.php\/wp-json\/wp\/v2\/tags?post=76497"}],"curies":[{"name":"wp","href":"https:\/\/api.w.org\/{rel}","templated":true}]}}