{"id":76494,"date":"2026-02-13T15:59:23","date_gmt":"2026-02-13T18:59:23","guid":{"rendered":"https:\/\/www.paranapraia.com.br\/?p=76494"},"modified":"2026-02-13T15:59:26","modified_gmt":"2026-02-13T18:59:26","slug":"rede-municipal-de-ensino-de-paranagua-tera-recesso-escolar-no-carnaval-e-aulas-retornam-no-dia-19","status":"publish","type":"post","link":"https:\/\/www.paranapraia.com.br\/index.php\/2026\/02\/13\/rede-municipal-de-ensino-de-paranagua-tera-recesso-escolar-no-carnaval-e-aulas-retornam-no-dia-19\/","title":{"rendered":"Rede Municipal de Ensino de Paranagu\u00e1 ter\u00e1 recesso escolar no Carnaval e aulas retornam no dia 19"},"content":{"rendered":"\n<p>A Prefeitura de Paranagu\u00e1 informa que as unidades de Ensino da Rede Municipal estar\u00e3o em recesso escolar nos dias 16 e 18 de fevereiro, e sem atendimento no dia 17 de fevereiro, em raz\u00e3o do Carnaval, conforme o Calend\u00e1rio Escolar 2026, homologado pelo Conselho Municipal de Educa\u00e7\u00e3o de Paranagu\u00e1 (COMED).<\/p>\n\n\n\n<p>As aulas ser\u00e3o retomadas normalmente na quinta-feira, dia 19 de fevereiro, em todas as unidades da rede municipal de ensino.<\/p>\n\n\n\n<p>A Secretaria de Educa\u00e7\u00e3o e Ensino Integral (Semedi) refor\u00e7a que o planejamento segue o Calend\u00e1rio Escolar 2026, elaborado no ano anterior, garantindo a organiza\u00e7\u00e3o das atividades pedag\u00f3gicas.<\/p>\n\n\n\n<p>O secret\u00e1rio municipal de Educa\u00e7\u00e3o de Paranagu\u00e1, Thiago Nascimento, destaca que o recesso escolar segue o planejamento pedag\u00f3gico. \u201cEsse per\u00edodo \u00e9 importante para que alunos e profissionais da educa\u00e7\u00e3o tenham um momento de pausa. E ap\u00f3s o recesso, o nosso compromisso \u00e9 sempre garantir um retorno \u00e0s aulas estruturado, com qualidade e acolhimento para toda a comunidade escolar de Paranagu\u00e1\u201d, afirmou.<\/p>\n\n\n\n<p>O recesso de Carnaval est\u00e1 entre os poucos per\u00edodos de pausa coletiva no primeiro semestre letivo de 2026. Neste ano, a folia de momo acontece mais cedo.<\/p>\n\n\n\n<p><strong>Servi\u00e7os<\/strong><\/p>\n\n\n\n<p>A Prefeitura de Paranagu\u00e1 publicou o Decreto n\u00ba 1.497, que estabelece o cronograma de funcionamento das reparti\u00e7\u00f5es p\u00fablicas municipais durante o per\u00edodo de Carnaval em 2026.<\/p>\n\n\n\n<p>De acordo com o documento, ser\u00e1 considerado ponto facultativo nos dias 16 e 17 de fevereiro (segunda e ter\u00e7a-feira) e no per\u00edodo da manh\u00e3 do dia 18 (Quarta-feira de Cinzas).<\/p>\n\n\n\n<p>O expediente administrativo em todas as secretarias retornar\u00e1 \u00e0 normalidade na quarta-feira, dia 18, a partir das 13h. Servi\u00e7os essenciais n\u00e3o ser\u00e3o paralisados.<\/p>\n\n\n\n<p>Permanecem ativos os atendimentos de Seguran\u00e7a P\u00fablica Municipal, coleta de res\u00edduos e limpeza urbana, servi\u00e7os funer\u00e1rios, assist\u00eancia social, servi\u00e7os urbanos essenciais, Postos de Informa\u00e7\u00f5es Tur\u00edsticas e as equipes da Secretaria de Cultura e Turismo envolvidas nos eventos de Carnaval.<\/p>\n\n\n\n<p>Na \u00e1rea da sa\u00fade, a Secretaria Municipal de Sa\u00fade de Paranagu\u00e1 e a Funda\u00e7\u00e3o de Assist\u00eancia \u00e0 Sa\u00fade de Paranagu\u00e1 (FASP) manter\u00e3o os atendimentos de urg\u00eancia e emerg\u00eancia, com funcionamento da UPA, Ponto de Atendimento Rodrigo Gomes, na Ilha dos Valadares, unidades da Ilha do Mel e da Farm\u00e1cia Municipal 24 horas Dr. Ivo Petry Maciel.<\/p>\n\n\n\n<p>Prefeitura de Paranagu\u00e1 <\/p>\n","protected":false},"excerpt":{"rendered":"<p>A Prefeitura de Paranagu\u00e1 informa que as unidades de Ensino da Rede Municipal estar\u00e3o em recesso escolar nos dias 16 e 18 de fevereiro, e sem atendimento no dia 17 de fevereiro, em raz\u00e3o do Carnaval, conforme o Calend\u00e1rio Escolar 2026, homologado pelo Conselho Municipal de Educa\u00e7\u00e3o de Paranagu\u00e1 (COMED). As aulas ser\u00e3o retomadas normalmente [&hellip;]<\/p>\n","protected":false},"author":2,"featured_media":76495,"comment_status":"open","ping_status":"open","sticky":false,"template":"","format":"standard","meta":{"advanced_seo_description":"","jetpack_seo_html_title":"","jetpack_seo_noindex":false,"_jetpack_memberships_contains_paid_content":false,"footnotes":""},"categories":[77],"tags":[],"class_list":{"0":"post-76494","1":"post","2":"type-post","3":"status-publish","4":"format-standard","5":"has-post-thumbnail","7":"category-paranagua"},"jetpack_featured_media_url":"https:\/\/www.paranapraia.com.br\/wp-content\/uploads\/2026\/02\/22962.jpg","jetpack_sharing_enabled":true,"_links":{"self":[{"href":"https:\/\/www.paranapraia.com.br\/index.php\/wp-json\/wp\/v2\/posts\/76494"}],"collection":[{"href":"https:\/\/www.paranapraia.com.br\/index.php\/wp-json\/wp\/v2\/posts"}],"about":[{"href":"https:\/\/www.paranapraia.com.br\/index.php\/wp-json\/wp\/v2\/types\/post"}],"author":[{"embeddable":true,"href":"https:\/\/www.paranapraia.com.br\/index.php\/wp-json\/wp\/v2\/users\/2"}],"replies":[{"embeddable":true,"href":"https:\/\/www.paranapraia.com.br\/index.php\/wp-json\/wp\/v2\/comments?post=76494"}],"version-history":[{"count":1,"href":"https:\/\/www.paranapraia.com.br\/index.php\/wp-json\/wp\/v2\/posts\/76494\/revisions"}],"predecessor-version":[{"id":76496,"href":"https:\/\/www.paranapraia.com.br\/index.php\/wp-json\/wp\/v2\/posts\/76494\/revisions\/76496"}],"wp:featuredmedia":[{"embeddable":true,"href":"https:\/\/www.paranapraia.com.br\/index.php\/wp-json\/wp\/v2\/media\/76495"}],"wp:attachment":[{"href":"https:\/\/www.paranapraia.com.br\/index.php\/wp-json\/wp\/v2\/media?parent=76494"}],"wp:term":[{"taxonomy":"category","embeddable":true,"href":"https:\/\/www.paranapraia.com.br\/index.php\/wp-json\/wp\/v2\/categories?post=76494"},{"taxonomy":"post_tag","embeddable":true,"href":"https:\/\/www.paranapraia.com.br\/index.php\/wp-json\/wp\/v2\/tags?post=76494"}],"curies":[{"name":"wp","href":"https:\/\/api.w.org\/{rel}","templated":true}]}}