{"id":7641,"date":"2019-04-22T08:45:56","date_gmt":"2019-04-22T11:45:56","guid":{"rendered":"https:\/\/www.paranapraia.com.br\/?p=7641"},"modified":"2019-04-22T08:45:57","modified_gmt":"2019-04-22T11:45:57","slug":"passageira-e-ejetada-em-acidente-condutora-foi-fechada-por-motociclista-que-nao-parou","status":"publish","type":"post","link":"https:\/\/www.paranapraia.com.br\/index.php\/2019\/04\/22\/passageira-e-ejetada-em-acidente-condutora-foi-fechada-por-motociclista-que-nao-parou\/","title":{"rendered":"Passageira \u00e9 \u2018ejetada\u2019 em acidente; condutora foi fechada por motociclista, que n\u00e3o parou"},"content":{"rendered":"\n<p>Uma mulher ficou ferida em um acidente de tr\u00e2nsito registrado no in\u00edcio da manh\u00e3 desta segunda-feira (22), na BR-376, o Contorno Sul. A v\u00edtima era passageira de um ve\u00edculo que de acordo com o relato da condutora e de testemunhas, foi fechado por um motociclista. \u201cO motociclista entrou na minha frente e parou e eu para n\u00e3o passar por cima dele desviei e cai nessa valeta\u201d, relatou a condutora.<\/p>\n\n\n\n<p>O carro seguia pela rodovia e a condutora reduziu a velocidade para acessar um retorno. Segundo ela, o motociclista tamb\u00e9m reduziu para acessar o retorno, mas ele teria praticamente parado em frente ao carro. Ela ent\u00e3o desviou, o carro rodou na pista e caiu na valeta as margens da estrada.&nbsp;<\/p>\n\n\n\n<p>A passageira foi \u2018ejetada\u2019. \u201cSaia muita fuma\u00e7a do carro e ela foi ejetada, foi um susto grande, mas gra\u00e7as a Deus, ela j\u00e1 foi socorrida\u201d, afirmou a condutora.<\/p>\n\n\n\n<p>Um socorrista que passava pelo local e presenciou o acidente prestou os primeiros atendimentos. Ele imobilizou a v\u00edtima. Um caminh\u00e3o da Defesa Civil de Almirante Tamandar\u00e9, que tamb\u00e9m passava pelo local prestou apoio at\u00e9 a chegada do Siate. A v\u00edtima foi socorrida com ferimentos moderados e foi encaminhada ao Hospital Evang\u00e9lico.<\/p>\n\n\n\n<p>A pista estava molhada no momento do acidente, o que pode ter colaborado. O motociclista n\u00e3o permaneceu no local.<\/p>\n\n\n\n<p>A condutora e a passageira do carro seguiam para o trabalho. O acidente foi registrado poucos metros antes de elas chegarem ao destino.<\/p>\n\n\n\n<p>Colabora\u00e7\u00e3o M\u00e1rcio Barros\/Rede Massa<a href=\"https:\/\/api.whatsapp.com\/send?text=Passageira%20%C3%A9%20%E2%80%98ejetada%E2%80%99%20em%20acidente;%20condutora%20foi%20fechada%20por%20moto%20https%3a%2f%2fmassanews.com%2fnoticias%2fplantao%2fpassageira-e-ejetada-em-acidente-condutora-foi-fechada-por-motociclista-que-nao-parou-jPyle.html%3futm_source%3dwhatsapp%26utm_medium%3dshare%26utm_content%3dnoticias__plantao%26utm_campaign%3dpassageira-e-ejetada-em-acidente-condutora-foi-fechada-por-motociclista-que-nao-parou-jPyle\" target=\"_blank\" rel=\"noreferrer noopener\"><br>\n\n<\/a><\/p>\n","protected":false},"excerpt":{"rendered":"<p>Uma mulher ficou ferida em um acidente de tr\u00e2nsito registrado no in\u00edcio da manh\u00e3 desta segunda-feira (22), na BR-376, o Contorno Sul. A v\u00edtima era passageira de um ve\u00edculo que de acordo com o relato da condutora e de testemunhas, foi fechado por um motociclista. \u201cO motociclista entrou na minha frente e parou e eu [&hellip;]<\/p>\n","protected":false},"author":2,"featured_media":7642,"comment_status":"open","ping_status":"open","sticky":false,"template":"","format":"standard","meta":{"advanced_seo_description":"","jetpack_seo_html_title":"","jetpack_seo_noindex":false,"_jetpack_memberships_contains_paid_content":false,"footnotes":""},"categories":[40],"tags":[],"class_list":{"0":"post-7641","1":"post","2":"type-post","3":"status-publish","4":"format-standard","5":"has-post-thumbnail","7":"category-destaques"},"jetpack_featured_media_url":"https:\/\/www.paranapraia.com.br\/wp-content\/uploads\/2019\/04\/ejeta.jpg","jetpack_sharing_enabled":true,"_links":{"self":[{"href":"https:\/\/www.paranapraia.com.br\/index.php\/wp-json\/wp\/v2\/posts\/7641"}],"collection":[{"href":"https:\/\/www.paranapraia.com.br\/index.php\/wp-json\/wp\/v2\/posts"}],"about":[{"href":"https:\/\/www.paranapraia.com.br\/index.php\/wp-json\/wp\/v2\/types\/post"}],"author":[{"embeddable":true,"href":"https:\/\/www.paranapraia.com.br\/index.php\/wp-json\/wp\/v2\/users\/2"}],"replies":[{"embeddable":true,"href":"https:\/\/www.paranapraia.com.br\/index.php\/wp-json\/wp\/v2\/comments?post=7641"}],"version-history":[{"count":1,"href":"https:\/\/www.paranapraia.com.br\/index.php\/wp-json\/wp\/v2\/posts\/7641\/revisions"}],"predecessor-version":[{"id":7643,"href":"https:\/\/www.paranapraia.com.br\/index.php\/wp-json\/wp\/v2\/posts\/7641\/revisions\/7643"}],"wp:featuredmedia":[{"embeddable":true,"href":"https:\/\/www.paranapraia.com.br\/index.php\/wp-json\/wp\/v2\/media\/7642"}],"wp:attachment":[{"href":"https:\/\/www.paranapraia.com.br\/index.php\/wp-json\/wp\/v2\/media?parent=7641"}],"wp:term":[{"taxonomy":"category","embeddable":true,"href":"https:\/\/www.paranapraia.com.br\/index.php\/wp-json\/wp\/v2\/categories?post=7641"},{"taxonomy":"post_tag","embeddable":true,"href":"https:\/\/www.paranapraia.com.br\/index.php\/wp-json\/wp\/v2\/tags?post=7641"}],"curies":[{"name":"wp","href":"https:\/\/api.w.org\/{rel}","templated":true}]}}