{"id":76202,"date":"2026-02-03T09:15:54","date_gmt":"2026-02-03T12:15:54","guid":{"rendered":"https:\/\/www.paranapraia.com.br\/?p=76202"},"modified":"2026-02-03T09:15:57","modified_gmt":"2026-02-03T12:15:57","slug":"ama-um-maloqueiro-fenomenos-do-sertanejo-hugo-guilherme-fecham-o-verao-maior","status":"publish","type":"post","link":"https:\/\/www.paranapraia.com.br\/index.php\/2026\/02\/03\/ama-um-maloqueiro-fenomenos-do-sertanejo-hugo-guilherme-fecham-o-verao-maior\/","title":{"rendered":"&#8220;Ama um maloqueiro&#8221;: fen\u00f4menos do sertanejo, Hugo &amp; Guilherme fecham o Ver\u00e3o Maior"},"content":{"rendered":"\n<p>O \u00faltimo final de semana do Ver\u00e3o Maior Paran\u00e1 encerra com uma dupla que \u00e9 fen\u00f4meno de sucesso. Nesta sexta-feira (06), Hugo &amp; Guilherme se apresentam na areia da Praia Brava em Matinhos, no Litoral do Paran\u00e1. O show integra a programa\u00e7\u00e3o musical gratuita do final de semana e leva ao palco um repert\u00f3rio que figura entre os mais ouvidos do sertanejo atual.<\/p>\n\n\n\n<p>Al\u00e9m da dupla, o final de semana ser\u00e1 marcado por apresenta\u00e7\u00f5es dos artistas Diego &amp; Arnaldo, Paralamas do Sucesso, Jo\u00e3o de Souza &amp; Bonifacio, Zez\u00e9 di Camargo &amp; Luciano, Trio Parada Dura, Padre Reginaldo Manzotti e Israel &amp; Rodolffo.<\/p>\n\n\n\n<p>Com n\u00fameros expressivos nas plataformas digitais, Hugo &amp; Guilherme acumulam mais de 10 milh\u00f5es de ouvintes mensais no Spotify, quase 3 milh\u00f5es de seguidores no Instagram e cerca de 4,7 bilh\u00f5es de visualiza\u00e7\u00f5es no YouTube. O alcance nacional se reflete em sucessos como \u201cMal Feito&#8221;, parceria com Mar\u00edlia Mendon\u00e7a lan\u00e7ada em 2022, e &#8220;Ama Um Maloqueiro&#8221;, uma das m\u00fasicas de maior destaque nacional em 2025, uma collab com Rafa e Junior e o DJ Ari SL.<\/p>\n\n\n\n<p>A dupla consolidou espa\u00e7o entre as atra\u00e7\u00f5es principais dos grandes eventos sertanejos do Pa\u00eds. Parcerias recorrentes com artistas como Mar\u00edlia Mendon\u00e7a, Maiara &amp; Mara\u00edsa, Jorge &amp; Mateus e Gusttavo Lima refor\u00e7aram essa posi\u00e7\u00e3o e ampliaram o alcance de seus lan\u00e7amentos.<\/p>\n\n\n\n<p>Com a agenda sempre lotada, a dupla completa dez anos de carreira em 2026. Com apoio de nomes consolidados do sertanejo, como Henrique &amp; Juliano, Hugo e Guilherme iniciaram a carreira profissional com projetos ao vivo que ajudaram a moldar a identidade ac\u00fastica e direta que se tornou marca registrada.<\/p>\n\n\n\n<p>O sucesso absoluto de \u201cMal Feito\u201d, m\u00fasica mais escutada do ano de 2022, impulsionou o \u00e1lbum ao vivo \u201cPr\u00f3ximo Passo\u201d, sendo o quarto disco mais escutado no Spotify, principal plataforma de streaming de m\u00fasica.<\/p>\n\n\n\n<p>No ano seguinte, em 2023, a dupla lan\u00e7ou mais um \u00e1lbum ao vivo, \u201cOriginal\u201d dominou as paradas musicais com as faixas \u201cMetade de Mim\u201d e \u201cM\u00e1gica\u201d, resultado do intenso trabalho que os sertanejos fazem ano a ano.<\/p>\n\n\n\n<p>Se o sucesso j\u00e1 era grande nos anos anteriores, em 2024 a dupla provou que o fen\u00f4meno n\u00e3o era moment\u00e2neo e lan\u00e7ou mais um DVD ao vivo, o \u201c062\u201d, n\u00famero que \u00e9 DDD telef\u00f4nico de Goi\u00e2nia, capital do estado de Goi\u00e1s.<\/p>\n\n\n\n<p>Duas m\u00fasicas deste trabalho tornaram-se hinos do sertanejo contempor\u00e2neo: \u201cVazou na Braquiara\u201d e \u201cMorena de Goi\u00e2nia\u201d, esta \u00faltima feita em colabora\u00e7\u00e3o com Maiara e Mara\u00edsa. A origem goiana da dupla sempre foi tema das m\u00fasicas. O refr\u00e3o \u201cEu t\u00f4 ligando 62 e o 62 n\u00e3o chama\u201d, de \u201cMorena de Goi\u00e2nia\u201d n\u00e3o saiu das mais tocadas de 2024.<\/p>\n\n\n\n<p><strong>CAPITAL DO SERTANEJO<\/strong>&nbsp;\u2013 Os sertanejos de Goi\u00e1s invadiram as praias do Paran\u00e1 nesta edi\u00e7\u00e3o de 2026 do Ver\u00e3o Maior. Al\u00e9m da dupla, outros artistas do estado mais central do Brasil foram a Matinhos e Pontal do Paran\u00e1: Gusttavo Lima, Murilo Huff, Zez\u00e9 Di Camargo &amp; Luciano, Israel &amp; Rodolffo e o pagode do grupo Kamisa 10.<\/p>\n\n\n\n<p>Quebrando recorde de p\u00fablicos na edi\u00e7\u00e3o atual do Ver\u00e3o Maior, o Paran\u00e1 concentra um p\u00fablico expressivo de f\u00e3s de sertanejo. No Spotify, \u00e9 poss\u00edvel conferir quais cidades que mais escutam a dupla Hugo e Guilherme, e n\u00e3o \u00e9 Goi\u00e2nia a principal.<\/p>\n\n\n\n<p>Com cerca de 1,8 milh\u00e3o de habitantes, a capital paranaense re\u00fane aproximadamente 750 mil ouvintes mensais da dupla, n\u00famero que corresponde a quase metade da popula\u00e7\u00e3o da capital paranaense. No ranking nacional, Curitiba aparece na segunda posi\u00e7\u00e3o, atr\u00e1s apenas da cidade de S\u00e3o Paulo, que tem cerca de 11 milh\u00f5es de habitantes..<\/p>\n\n\n\n<p><strong>BEM FEITO<\/strong>&nbsp;\u2013 A dupla se conheceu em 2015, ap\u00f3s uma apresenta\u00e7\u00e3o solo de Hugo em um bar em Goi\u00e2nia. Enquanto Hugo tinha 25 anos, trabalhava em uma empresa provedora de internet, e estava pensando em desistir da carreira musical, Guilherme tinha apenas 18, cursava Agronomia, e nunca pensou que seria m\u00fasico sertanejo.<\/p>\n\n\n\n<p>No final da festa, apresentaram o jovem Guilherme para Hugo, disseram que o garoto tocava mod\u00e3o e fazia bem a segunda voz. Desconfiado do talento do menino, o tamb\u00e9m jovem Hugo come\u00e7ou a tocar \u201cResto de Vida\u201d, de Leandro e Leonardo, para testar o conhecimento musical do garoto.<\/p>\n\n\n\n<p>Para a surpresa de Hugo, Guilherme come\u00e7ou a cantar o cl\u00e1ssico com perfei\u00e7\u00e3o e, a partir dali, iniciaram a amizade. Depois, foi quest\u00e3o de tempo para Hugo embarcar na carreira musical de vez e Guilherme abandonar os est\u00e1gios da gradua\u00e7\u00e3o de agronomia<\/p>\n\n\n\n<p>Dez anos depois, Hugo &amp; Guilherme apresentam can\u00e7\u00f5es que marcaram diferentes fases da trajet\u00f3ria da dupla, em um show voltado ao grande p\u00fablico e ao clima de celebra\u00e7\u00e3o que caracteriza o Ver\u00e3o Maior Paran\u00e1 no litoral do Estado.<\/p>\n\n\n\n<p><strong>Confira os hor\u00e1rios dos shows do fim de semana:<\/strong><\/p>\n\n\n\n<p><strong>Palco Matinhos<\/strong><\/p>\n\n\n\n<p>06 de fevereiro &#8211; Hugo &amp; Guilherme &#8211; 22 horas<\/p>\n\n\n\n<p>07 de fevereiro &#8211; Zez\u00e9 di Camargo &amp; Luciano &#8211; 22 horas<\/p>\n\n\n\n<p>08 de fevereiro &#8211; Padre Reginaldo Manzotti &#8211; 10 horas<\/p>\n\n\n\n<p>08 de fevereiro &#8211; Israel &amp; Rodolffo &#8211; 17 horas<\/p>\n\n\n\n<p><strong>Palco Pontal do Paran\u00e1<\/strong><\/p>\n\n\n\n<p>06 de fevereiro &#8211; Diego &amp; Arnaldo &#8211; 20 horas<\/p>\n\n\n\n<p>06 de fevereiro &#8211; Os Paralamas do Sucesso &#8211; 22 horas<\/p>\n\n\n\n<p>07 de fevereiro &#8211; Jo\u00e3o de Souza &amp; Bonif\u00e1cio &#8211; 20 horas<\/p>\n\n\n\n<p>07 de fevereiro &#8211; Trio Parada Dura &#8211; 22 horas<\/p>\n\n\n\n<p>AEN\/PR<\/p>\n","protected":false},"excerpt":{"rendered":"<p>O \u00faltimo final de semana do Ver\u00e3o Maior Paran\u00e1 encerra com uma dupla que \u00e9 fen\u00f4meno de sucesso. Nesta sexta-feira (06), Hugo &amp; Guilherme se apresentam na areia da Praia Brava em Matinhos, no Litoral do Paran\u00e1. O show integra a programa\u00e7\u00e3o musical gratuita do final de semana e leva ao palco um repert\u00f3rio que [&hellip;]<\/p>\n","protected":false},"author":2,"featured_media":76203,"comment_status":"open","ping_status":"open","sticky":false,"template":"","format":"standard","meta":{"advanced_seo_description":"","jetpack_seo_html_title":"","jetpack_seo_noindex":false,"_jetpack_memberships_contains_paid_content":false,"footnotes":""},"categories":[40],"tags":[],"class_list":{"0":"post-76202","1":"post","2":"type-post","3":"status-publish","4":"format-standard","5":"has-post-thumbnail","7":"category-destaques"},"jetpack_featured_media_url":"https:\/\/www.paranapraia.com.br\/wp-content\/uploads\/2026\/02\/heg-foto-01_copiar-scaled.jpg","jetpack_sharing_enabled":true,"_links":{"self":[{"href":"https:\/\/www.paranapraia.com.br\/index.php\/wp-json\/wp\/v2\/posts\/76202"}],"collection":[{"href":"https:\/\/www.paranapraia.com.br\/index.php\/wp-json\/wp\/v2\/posts"}],"about":[{"href":"https:\/\/www.paranapraia.com.br\/index.php\/wp-json\/wp\/v2\/types\/post"}],"author":[{"embeddable":true,"href":"https:\/\/www.paranapraia.com.br\/index.php\/wp-json\/wp\/v2\/users\/2"}],"replies":[{"embeddable":true,"href":"https:\/\/www.paranapraia.com.br\/index.php\/wp-json\/wp\/v2\/comments?post=76202"}],"version-history":[{"count":1,"href":"https:\/\/www.paranapraia.com.br\/index.php\/wp-json\/wp\/v2\/posts\/76202\/revisions"}],"predecessor-version":[{"id":76204,"href":"https:\/\/www.paranapraia.com.br\/index.php\/wp-json\/wp\/v2\/posts\/76202\/revisions\/76204"}],"wp:featuredmedia":[{"embeddable":true,"href":"https:\/\/www.paranapraia.com.br\/index.php\/wp-json\/wp\/v2\/media\/76203"}],"wp:attachment":[{"href":"https:\/\/www.paranapraia.com.br\/index.php\/wp-json\/wp\/v2\/media?parent=76202"}],"wp:term":[{"taxonomy":"category","embeddable":true,"href":"https:\/\/www.paranapraia.com.br\/index.php\/wp-json\/wp\/v2\/categories?post=76202"},{"taxonomy":"post_tag","embeddable":true,"href":"https:\/\/www.paranapraia.com.br\/index.php\/wp-json\/wp\/v2\/tags?post=76202"}],"curies":[{"name":"wp","href":"https:\/\/api.w.org\/{rel}","templated":true}]}}