{"id":76199,"date":"2026-02-03T09:12:10","date_gmt":"2026-02-03T12:12:10","guid":{"rendered":"https:\/\/www.paranapraia.com.br\/?p=76199"},"modified":"2026-02-03T09:12:12","modified_gmt":"2026-02-03T12:12:12","slug":"estacao-sanepar-encerra-operacao-com-40-mil-atendimentos-no-verao-maior","status":"publish","type":"post","link":"https:\/\/www.paranapraia.com.br\/index.php\/2026\/02\/03\/estacao-sanepar-encerra-operacao-com-40-mil-atendimentos-no-verao-maior\/","title":{"rendered":"Esta\u00e7\u00e3o Sanepar encerra opera\u00e7\u00e3o com 40 mil atendimentos no Ver\u00e3o Maior"},"content":{"rendered":"\n<p>A Esta\u00e7\u00e3o Sanepar, projeto de Educa\u00e7\u00e3o Ambiental com atividades nas areias das praias do Paran\u00e1, encerrou as atividades neste \u00faltimo domingo (1) com marcas positivas a celebrar: registrou 40 mil atendimentos aos veranistas e entregou 70 mil brindes. As a\u00e7\u00f5es foram realizadas em Morretes, Antonina, Guaraque\u00e7aba, Matinhos, Guaratuba e Pontal do Paran\u00e1.<\/p>\n\n\n\n<p>Por meio de jogos virtuais, tabuleiros e maquetes, a a\u00e7\u00e3o desenvolvida pela Companhia de Saneamento do Paran\u00e1 (Sanepar) demonstrou as etapas de capta\u00e7\u00e3o, tratamento e distribui\u00e7\u00e3o de \u00e1gua. &#8220;A Sanepar atingiu os seus objetivos em levar Educa\u00e7\u00e3o Ambiental nesta edi\u00e7\u00e3o, o projeto abrangeu diversas frentes, incluindo o ciclo do rio ao rio&#8221;, explicou a gerente de desenvolvimento socioambiental, Palloma de Felix Milczwski.<\/p>\n\n\n\n<p>Uma pesquisa de avalia\u00e7\u00e3o aplicada a 1.241 participantes indicou que 95% dos usu\u00e1rios classificaram a iniciativa como excelente. O atendimento dos monitores e as informa\u00e7\u00f5es sobre o sistema de tratamento de esgoto foram os pontos mais citados dentre os assuntos tratados. As atividades educativas devem ser replicadas em outras cidades do interior do estado no decorrer do ano.<\/p>\n\n\n\n<p>Para o diretor-presidente da Sanepar, Wilson Bley, os indicadores consolidam a presen\u00e7a da companhia no Litoral. &#8220;Esses n\u00fameros demonstram o compromisso da Sanepar com o Estado. Trabalhamos com \u00e1gua e sa\u00fade, e a temporada de ver\u00e3o permite ampliar o contato direto com a popula\u00e7\u00e3o&#8221;, afirmou.<\/p>\n\n\n\n<p><strong>DEMAIS ATIVIDADES&nbsp;<\/strong>\u2013<strong>&nbsp;<\/strong>A Sanepar segue com atua\u00e7\u00e3o especial no Ver\u00e3o Maior Paran\u00e1: as equipes de limpeza, que operam em turnos diurnos e noturnos nos balne\u00e1rios e ilhas, mant\u00eam o servi\u00e7o ativo at\u00e9 o dia 23 de fevereiro.<\/p>\n\n\n\n<p>J\u00e1 o projeto Praia Acess\u00edvel, que oferece o uso das cadeiras anf\u00edbias nos postos de Caiob\u00e1, Praia de Leste e Shangri-l\u00e1, continua dispon\u00edvel at\u00e9 18 de fevereiro, de quinta-feira \u00e0 domingo, das 09h \u00e0s 17h. O funcionamento no Carnaval ser\u00e1 especial, e o encerramento mant\u00e9m-se na Quarta-Feira de Cinzas (18).<\/p>\n\n\n\n<p>AEN\/PR<\/p>\n","protected":false},"excerpt":{"rendered":"<p>A Esta\u00e7\u00e3o Sanepar, projeto de Educa\u00e7\u00e3o Ambiental com atividades nas areias das praias do Paran\u00e1, encerrou as atividades neste \u00faltimo domingo (1) com marcas positivas a celebrar: registrou 40 mil atendimentos aos veranistas e entregou 70 mil brindes. As a\u00e7\u00f5es foram realizadas em Morretes, Antonina, Guaraque\u00e7aba, Matinhos, Guaratuba e Pontal do Paran\u00e1. Por meio de [&hellip;]<\/p>\n","protected":false},"author":2,"featured_media":76200,"comment_status":"open","ping_status":"open","sticky":false,"template":"","format":"standard","meta":{"advanced_seo_description":"","jetpack_seo_html_title":"","jetpack_seo_noindex":false,"_jetpack_memberships_contains_paid_content":false,"footnotes":""},"categories":[40],"tags":[],"class_list":{"0":"post-76199","1":"post","2":"type-post","3":"status-publish","4":"format-standard","5":"has-post-thumbnail","7":"category-destaques"},"jetpack_featured_media_url":"https:\/\/www.paranapraia.com.br\/wp-content\/uploads\/2026\/02\/estacao_sanepar_6.jpg","jetpack_sharing_enabled":true,"_links":{"self":[{"href":"https:\/\/www.paranapraia.com.br\/index.php\/wp-json\/wp\/v2\/posts\/76199"}],"collection":[{"href":"https:\/\/www.paranapraia.com.br\/index.php\/wp-json\/wp\/v2\/posts"}],"about":[{"href":"https:\/\/www.paranapraia.com.br\/index.php\/wp-json\/wp\/v2\/types\/post"}],"author":[{"embeddable":true,"href":"https:\/\/www.paranapraia.com.br\/index.php\/wp-json\/wp\/v2\/users\/2"}],"replies":[{"embeddable":true,"href":"https:\/\/www.paranapraia.com.br\/index.php\/wp-json\/wp\/v2\/comments?post=76199"}],"version-history":[{"count":1,"href":"https:\/\/www.paranapraia.com.br\/index.php\/wp-json\/wp\/v2\/posts\/76199\/revisions"}],"predecessor-version":[{"id":76201,"href":"https:\/\/www.paranapraia.com.br\/index.php\/wp-json\/wp\/v2\/posts\/76199\/revisions\/76201"}],"wp:featuredmedia":[{"embeddable":true,"href":"https:\/\/www.paranapraia.com.br\/index.php\/wp-json\/wp\/v2\/media\/76200"}],"wp:attachment":[{"href":"https:\/\/www.paranapraia.com.br\/index.php\/wp-json\/wp\/v2\/media?parent=76199"}],"wp:term":[{"taxonomy":"category","embeddable":true,"href":"https:\/\/www.paranapraia.com.br\/index.php\/wp-json\/wp\/v2\/categories?post=76199"},{"taxonomy":"post_tag","embeddable":true,"href":"https:\/\/www.paranapraia.com.br\/index.php\/wp-json\/wp\/v2\/tags?post=76199"}],"curies":[{"name":"wp","href":"https:\/\/api.w.org\/{rel}","templated":true}]}}