{"id":7617,"date":"2019-04-21T20:52:56","date_gmt":"2019-04-21T23:52:56","guid":{"rendered":"https:\/\/www.paranapraia.com.br\/?p=7617"},"modified":"2019-04-21T20:52:57","modified_gmt":"2019-04-21T23:52:57","slug":"segunda-fase-da-campanha-de-vacinacao-contra-a-gripe-no-parana-comeca-nesta-segunda-feira-22","status":"publish","type":"post","link":"https:\/\/www.paranapraia.com.br\/index.php\/2019\/04\/21\/segunda-fase-da-campanha-de-vacinacao-contra-a-gripe-no-parana-comeca-nesta-segunda-feira-22\/","title":{"rendered":"Segunda fase da campanha de vacina\u00e7\u00e3o contra a gripe no Paran\u00e1 come\u00e7a nesta segunda-feira (22)"},"content":{"rendered":"\n<h4 class=\"wp-block-heading\">Todos os p\u00fablicos priorit\u00e1rios definidos pelo Minist\u00e9rio da Sa\u00fade podem receber vacina; Segundo a Sesa, objetivo \u00e9 aplicar 3,6 milh\u00f5es de doses no estado em toda a campanha.<\/h4>\n\n\n\n<p>A segunda fase da Campanha Nacional da Vacina\u00e7\u00e3o contra a gripe come\u00e7a nesta segunda-feira (22) nas cidades do Paran\u00e1. Na nova etapa, todos os p\u00fablicos priorit\u00e1rios definidos pelos Minist\u00e9rio da Sa\u00fade podem recebem a vacina.<\/p>\n\n\n\n<p>Na primeira fase, o p\u00fablico-alvo da campanha era gestantes, crian\u00e7as de 6 meses a 6 anos incompletos e m\u00e3es de beb\u00eas nascidos at\u00e9 45 dias.<\/p>\n\n\n\n<p>A partir desta segunda-feira, al\u00e9m dos inclu\u00eddos na primeira fase, tamb\u00e9m podem receber as doses: pessoas com mais de 60 anos, profissionais da sa\u00fade, pessoas com doen\u00e7as cr\u00f4nicas n\u00e3o transmiss\u00edveis ou outras condi\u00e7\u00f5es cl\u00ednicas especiais e professores da rede p\u00fablica e privada.<\/p>\n\n\n\n<p>A campanha de vacina\u00e7\u00e3o ocorre em todos os munic\u00edpios do estado, at\u00e9 21 de maio, de acordo com a Secretaria de Sa\u00fade do Paran\u00e1 (Sesa). No total, conforme informado pela secretaria, o objetivo \u00e9 aplicar 3,6 milh\u00f5es de doses em todas as etapas da campanha.<\/p>\n\n\n\n<p>As vacinas podem ser garantidas em Unidades B\u00e1sicas de Sa\u00fade (UBS) e outros pontos de vacina\u00e7\u00e3o da rede p\u00fablica.<\/p>\n\n\n\n<p>Em Curitiba, de acordo com a Prefeitura, as doses s\u00e3o aplicadas em 110 locais. O objetivo do munic\u00edpio \u00e9 vacinar mais de 90% das 535 mil pessoas que fazem parte do p\u00fablico-alvo da campanha, ou seja, chegar a pelo menos 481,5 mil pessoas vacinadas.<\/p>\n\n\n\n<p><strong>Confira, abaixo, as orienta\u00e7\u00f5es da Sesa para se prevenir contra a gripe:<\/strong><\/p>\n\n\n\n<ul class=\"wp-block-list\"><li>Lavar bem as m\u00e3os frequentemente com \u00e1gua e sab\u00e3o;<\/li><li>Evitar tocar os olhos, boca e nariz ap\u00f3s contato com superf\u00edcies;<\/li><li>N\u00e3o compartilhar objetos de uso pessoal;<\/li><li>Cobrir a boca e o nariz com o antebra\u00e7o ou len\u00e7o descart\u00e1vel ao tossir ou espirrar;<\/li><li>Manter os ambientes arejados, com portas e janelas abertas.<\/li><\/ul>\n\n\n\n<p>G1PR<\/p>\n","protected":false},"excerpt":{"rendered":"<p>Todos os p\u00fablicos priorit\u00e1rios definidos pelo Minist\u00e9rio da Sa\u00fade podem receber vacina; Segundo a Sesa, objetivo \u00e9 aplicar 3,6 milh\u00f5es de doses no estado em toda a campanha. A segunda fase da Campanha Nacional da Vacina\u00e7\u00e3o contra a gripe come\u00e7a nesta segunda-feira (22) nas cidades do Paran\u00e1. Na nova etapa, todos os p\u00fablicos priorit\u00e1rios definidos [&hellip;]<\/p>\n","protected":false},"author":2,"featured_media":7618,"comment_status":"open","ping_status":"open","sticky":false,"template":"","format":"standard","meta":{"advanced_seo_description":"","jetpack_seo_html_title":"","jetpack_seo_noindex":false,"_jetpack_memberships_contains_paid_content":false,"footnotes":""},"categories":[50],"tags":[],"class_list":{"0":"post-7617","1":"post","2":"type-post","3":"status-publish","4":"format-standard","5":"has-post-thumbnail","7":"category-saude"},"jetpack_featured_media_url":"https:\/\/www.paranapraia.com.br\/wp-content\/uploads\/2019\/04\/agu.jpg","jetpack_sharing_enabled":true,"_links":{"self":[{"href":"https:\/\/www.paranapraia.com.br\/index.php\/wp-json\/wp\/v2\/posts\/7617"}],"collection":[{"href":"https:\/\/www.paranapraia.com.br\/index.php\/wp-json\/wp\/v2\/posts"}],"about":[{"href":"https:\/\/www.paranapraia.com.br\/index.php\/wp-json\/wp\/v2\/types\/post"}],"author":[{"embeddable":true,"href":"https:\/\/www.paranapraia.com.br\/index.php\/wp-json\/wp\/v2\/users\/2"}],"replies":[{"embeddable":true,"href":"https:\/\/www.paranapraia.com.br\/index.php\/wp-json\/wp\/v2\/comments?post=7617"}],"version-history":[{"count":1,"href":"https:\/\/www.paranapraia.com.br\/index.php\/wp-json\/wp\/v2\/posts\/7617\/revisions"}],"predecessor-version":[{"id":7619,"href":"https:\/\/www.paranapraia.com.br\/index.php\/wp-json\/wp\/v2\/posts\/7617\/revisions\/7619"}],"wp:featuredmedia":[{"embeddable":true,"href":"https:\/\/www.paranapraia.com.br\/index.php\/wp-json\/wp\/v2\/media\/7618"}],"wp:attachment":[{"href":"https:\/\/www.paranapraia.com.br\/index.php\/wp-json\/wp\/v2\/media?parent=7617"}],"wp:term":[{"taxonomy":"category","embeddable":true,"href":"https:\/\/www.paranapraia.com.br\/index.php\/wp-json\/wp\/v2\/categories?post=7617"},{"taxonomy":"post_tag","embeddable":true,"href":"https:\/\/www.paranapraia.com.br\/index.php\/wp-json\/wp\/v2\/tags?post=7617"}],"curies":[{"name":"wp","href":"https:\/\/api.w.org\/{rel}","templated":true}]}}