{"id":7613,"date":"2019-04-21T20:50:54","date_gmt":"2019-04-21T23:50:54","guid":{"rendered":"https:\/\/www.paranapraia.com.br\/?p=7613"},"modified":"2019-04-21T20:50:56","modified_gmt":"2019-04-21T23:50:56","slug":"bombeiros-acham-23a-vitima-e-encerram-buscas-em-muzema","status":"publish","type":"post","link":"https:\/\/www.paranapraia.com.br\/index.php\/2019\/04\/21\/bombeiros-acham-23a-vitima-e-encerram-buscas-em-muzema\/","title":{"rendered":"Bombeiros acham 23\u00aa v\u00edtima e encerram buscas em Muzema"},"content":{"rendered":"\n<p>Os bombeiros encontraram o corpo da \u00faltima v\u00edtima considerada desaparecida nos escombros da trag\u00e9dia em Muzema, na zona oeste do Rio de Janeiro, na madrugada de s\u00e1bado (20) para domingo (21).<\/p>\n\n\n\n<p>A mulher foi identificada como Juliana Martins de Souza Vicente, 28.<\/p>\n\n\n\n<p>Com ela, chegou a 23 o n\u00famero de mortos em decorr\u00eancia da queda de dois pr\u00e9dios ocorrida h\u00e1 nove dias, na sexta-feira (12). Na tarde de s\u00e1bado (20), haviam sido resgatados os corpos de dois meninos.<\/p>\n\n\n\n<p>O desabamento, no condom\u00ednio Figueiras de Itanhang\u00e1, tamb\u00e9m deixou oito feridos, dos quais tr\u00eas continuam internados em hospitais do Rio de Janeiro.<\/p>\n\n\n\n<p>Com o \u00faltimo corpo encontrado, os bombeiros deram por encerradas as buscas nos escombros na Muzema.<\/p>\n\n\n\n<p>A corpora\u00e7\u00e3o informou que foram mais de 200 horas de trabalho ininterruptas na procura por sobreviventes. Dez pessoas foram encontradas com vida, mas duas delas morreram posteriormente em unidades de sa\u00fade.<\/p>\n\n\n\n<p>O Ex\u00e9rcito auxiliou nos trabalhos. Ao longo de nove dias, atuaram na opera\u00e7\u00e3o cerca de cem militares que ajudaram nas buscas, al\u00e9m de c\u00e3es farejadores, drone, helic\u00f3pteros, ambul\u00e2ncias e viaturas para o recolhimento de cad\u00e1veres.<\/p>\n\n\n\n<p>Os edif\u00edcios localizados no condom\u00ednio Figueiras de Itanhang\u00e1 eram considerados irregulares, e 16 tiveram ordem de interdi\u00e7\u00e3o e ser\u00e3o demolidos, informou a prefeitura, sob gest\u00e3o Marcelo Crivella (PRB).<\/p>\n\n\n\n<p>A regi\u00e3o onde aconteceu a trag\u00e9dia \u00e9 dominada por mil\u00edcias. Os milicianos atuam com grilagem de terras em Rio das Pedras e em Muzema.<\/p>\n\n\n\n<p>A Justi\u00e7a decretou na \u00faltima sexta (19) a pris\u00e3o tempor\u00e1ria, por 30 dias, de tr\u00eas investigados pelo desabamento.<\/p>\n\n\n\n<p>V\u00edtimas apontaram Jos\u00e9 Bezerra de Lima, o Z\u00e9 do Rolo, como o construtor dos im\u00f3veis, e Renato Siqueira Ribeiro e Rafael Gomes da Costa como os corretores que faziam a venda.<\/p>\n\n\n\n<p>Eles s\u00e3o apontados como os respons\u00e1veis por construir e comercializar as unidades. O trio \u00e9 considerado foragido.<\/p>\n\n\n\n<p>Os tr\u00eas ainda s\u00e3o investigados por envolvimento com as mil\u00edcias, segundo disse a Pol\u00edcia Civil do Rio de Janeiro, em nota enviada na \u00fatima sexta-feira.<\/p>\n\n\n\n<p>A 16\u00aa Delegacia de Pol\u00edcia, na Barra da Tijuca, apura se houve por parte dos construtores inobserv\u00e2ncia do dever de cuidado e descumprimento de normas t\u00e9cnicas afetas \u00e0 constru\u00e7\u00e3o.<\/p>\n\n\n\n<p>J\u00e1 o Draco (Delegacia de Repress\u00e3o \u00e0s A\u00e7\u00f5es Criminosas Organizadas) est\u00e1 ajudando na investiga\u00e7\u00e3o de envolvimento da mil\u00edcia na explora\u00e7\u00e3o imobili\u00e1ria daquela regi\u00e3o e tamb\u00e9m em comunidades do entorno.<\/p>\n\n\n\n<p>A constru\u00e7\u00e3o do condom\u00ednio envolveu ao menos quatro empresas, segundo a\u00e7\u00e3o civil p\u00fablica proposta pelo Minist\u00e9rio P\u00fablico do Rio de Janeiro no ano passado.<\/p>\n\n\n\n<p>A Olimpique Incorpora\u00e7\u00f5es e Participa\u00e7\u00f5es, a Pedreira Santo Amaro, a Ga\u00facha New Construtora e a Francisco Xavier Im\u00f3veis foram vinculadas ao empreendimento ilegal desde a origem do loteamento, em 2005.<\/p>\n\n\n\n<p>De acordo com o resultado da investiga\u00e7\u00e3o do Minist\u00e9rio P\u00fablico, desde o in\u00edcio das obras a respons\u00e1vel \u00e9 a Olimpique, que pertence \u00e0 Pedreira Santo Amaro.<\/p>\n\n\n\n<p>Ambas chegaram a tentar o licenciamento do empreendimento, mas tiveram o pedido negado sob a justificativa de desrespeito \u00e0s legisla\u00e7\u00f5es urban\u00edsticas da \u00e1rea.<\/p>\n\n\n\n<p>Ainda assim, o trabalho na regi\u00e3o foi executado ao longo de 14 anos.<\/p>\n\n\n\n<p>A Ga\u00facha New e a Francisco Xavier foram as respons\u00e1veis pela comercializa\u00e7\u00e3o das unidades, segundo a investiga\u00e7\u00e3o.<\/p>\n\n\n\n<p>Folha Express<\/p>\n","protected":false},"excerpt":{"rendered":"<p>Os bombeiros encontraram o corpo da \u00faltima v\u00edtima considerada desaparecida nos escombros da trag\u00e9dia em Muzema, na zona oeste do Rio de Janeiro, na madrugada de s\u00e1bado (20) para domingo (21). A mulher foi identificada como Juliana Martins de Souza Vicente, 28. Com ela, chegou a 23 o n\u00famero de mortos em decorr\u00eancia da queda [&hellip;]<\/p>\n","protected":false},"author":2,"featured_media":7614,"comment_status":"open","ping_status":"open","sticky":false,"template":"","format":"standard","meta":{"advanced_seo_description":"","jetpack_seo_html_title":"","jetpack_seo_noindex":false,"_jetpack_memberships_contains_paid_content":false,"footnotes":""},"categories":[52],"tags":[],"class_list":{"0":"post-7613","1":"post","2":"type-post","3":"status-publish","4":"format-standard","5":"has-post-thumbnail","7":"category-acidentes"},"jetpack_featured_media_url":"https:\/\/www.paranapraia.com.br\/wp-content\/uploads\/2019\/04\/Muzema.jpg","jetpack_sharing_enabled":true,"_links":{"self":[{"href":"https:\/\/www.paranapraia.com.br\/index.php\/wp-json\/wp\/v2\/posts\/7613"}],"collection":[{"href":"https:\/\/www.paranapraia.com.br\/index.php\/wp-json\/wp\/v2\/posts"}],"about":[{"href":"https:\/\/www.paranapraia.com.br\/index.php\/wp-json\/wp\/v2\/types\/post"}],"author":[{"embeddable":true,"href":"https:\/\/www.paranapraia.com.br\/index.php\/wp-json\/wp\/v2\/users\/2"}],"replies":[{"embeddable":true,"href":"https:\/\/www.paranapraia.com.br\/index.php\/wp-json\/wp\/v2\/comments?post=7613"}],"version-history":[{"count":1,"href":"https:\/\/www.paranapraia.com.br\/index.php\/wp-json\/wp\/v2\/posts\/7613\/revisions"}],"predecessor-version":[{"id":7615,"href":"https:\/\/www.paranapraia.com.br\/index.php\/wp-json\/wp\/v2\/posts\/7613\/revisions\/7615"}],"wp:featuredmedia":[{"embeddable":true,"href":"https:\/\/www.paranapraia.com.br\/index.php\/wp-json\/wp\/v2\/media\/7614"}],"wp:attachment":[{"href":"https:\/\/www.paranapraia.com.br\/index.php\/wp-json\/wp\/v2\/media?parent=7613"}],"wp:term":[{"taxonomy":"category","embeddable":true,"href":"https:\/\/www.paranapraia.com.br\/index.php\/wp-json\/wp\/v2\/categories?post=7613"},{"taxonomy":"post_tag","embeddable":true,"href":"https:\/\/www.paranapraia.com.br\/index.php\/wp-json\/wp\/v2\/tags?post=7613"}],"curies":[{"name":"wp","href":"https:\/\/api.w.org\/{rel}","templated":true}]}}