{"id":7607,"date":"2019-04-21T20:44:57","date_gmt":"2019-04-21T23:44:57","guid":{"rendered":"https:\/\/www.paranapraia.com.br\/?p=7607"},"modified":"2019-04-21T20:45:22","modified_gmt":"2019-04-21T23:45:22","slug":"duas-mulheres-ficam-em-estado-grave-apos-carro-rodar-sair-da-pista-e-bater-em-arvores","status":"publish","type":"post","link":"https:\/\/www.paranapraia.com.br\/index.php\/2019\/04\/21\/duas-mulheres-ficam-em-estado-grave-apos-carro-rodar-sair-da-pista-e-bater-em-arvores\/","title":{"rendered":"Duas mulheres ficam em estado grave ap\u00f3s carro rodar, sair da pista e bater em \u00e1rvores"},"content":{"rendered":"\n<p>Duas mulheres, de 37 e 22 anos, ficaram gravemente feridas em um acidente registrado na altura do Km 463 da BR-376, em Ponta Grossa. A situa\u00e7\u00e3o aconteceu na tarde deste domingo (21), por volta das 13h40.<\/p>\n\n\n\n<figure class=\"wp-block-image\"><img decoding=\"async\" src=\"https:\/\/cdn.massanews.com\/uploads\/noticias\/conteudo\/whatsapp-image-2019-04-21-at-16-54-08-25c960d.jpeg\" alt=\"(Foto: PRF) \"\/><\/figure>\n\n\n\n<p>O ve\u00edculo \u2013 um Voyage com placas de S\u00e3o Jos\u00e9 dos Pinhais, na Regi\u00e3o Metropolitana de Curitiba &#8211; era conduzido pela mulher de 37 anos, que seguia sentido norte do Paran\u00e1. De acordo com a Pol\u00edcia Rodovi\u00e1ria Federal (PRF), a motorista perdeu o controle em uma curva, rodou, saiu da pista e bateu contra \u00e1rvores.<\/p>\n\n\n\n<p>A v\u00edtima mais jovem, de 22 anos, era passageira do carro. As duas mulheres ficaram gravemente feridas e foram levadas para o Pronto Socorro Municipal de Ponta Grossa.<\/p>\n\n\n\n<p>Massa News\/PRF<\/p>\n\n\n\n<p><\/p>\n","protected":false},"excerpt":{"rendered":"<p>Duas mulheres, de 37 e 22 anos, ficaram gravemente feridas em um acidente registrado na altura do Km 463 da BR-376, em Ponta Grossa. A situa\u00e7\u00e3o aconteceu na tarde deste domingo (21), por volta das 13h40. O ve\u00edculo \u2013 um Voyage com placas de S\u00e3o Jos\u00e9 dos Pinhais, na Regi\u00e3o Metropolitana de Curitiba &#8211; era [&hellip;]<\/p>\n","protected":false},"author":2,"featured_media":7609,"comment_status":"open","ping_status":"open","sticky":false,"template":"","format":"standard","meta":{"advanced_seo_description":"","jetpack_seo_html_title":"","jetpack_seo_noindex":false,"_jetpack_memberships_contains_paid_content":false,"footnotes":""},"categories":[52],"tags":[],"class_list":{"0":"post-7607","1":"post","2":"type-post","3":"status-publish","4":"format-standard","5":"has-post-thumbnail","7":"category-acidentes"},"jetpack_featured_media_url":"https:\/\/www.paranapraia.com.br\/wp-content\/uploads\/2019\/04\/duas.jpeg","jetpack_sharing_enabled":true,"_links":{"self":[{"href":"https:\/\/www.paranapraia.com.br\/index.php\/wp-json\/wp\/v2\/posts\/7607"}],"collection":[{"href":"https:\/\/www.paranapraia.com.br\/index.php\/wp-json\/wp\/v2\/posts"}],"about":[{"href":"https:\/\/www.paranapraia.com.br\/index.php\/wp-json\/wp\/v2\/types\/post"}],"author":[{"embeddable":true,"href":"https:\/\/www.paranapraia.com.br\/index.php\/wp-json\/wp\/v2\/users\/2"}],"replies":[{"embeddable":true,"href":"https:\/\/www.paranapraia.com.br\/index.php\/wp-json\/wp\/v2\/comments?post=7607"}],"version-history":[{"count":1,"href":"https:\/\/www.paranapraia.com.br\/index.php\/wp-json\/wp\/v2\/posts\/7607\/revisions"}],"predecessor-version":[{"id":7608,"href":"https:\/\/www.paranapraia.com.br\/index.php\/wp-json\/wp\/v2\/posts\/7607\/revisions\/7608"}],"wp:featuredmedia":[{"embeddable":true,"href":"https:\/\/www.paranapraia.com.br\/index.php\/wp-json\/wp\/v2\/media\/7609"}],"wp:attachment":[{"href":"https:\/\/www.paranapraia.com.br\/index.php\/wp-json\/wp\/v2\/media?parent=7607"}],"wp:term":[{"taxonomy":"category","embeddable":true,"href":"https:\/\/www.paranapraia.com.br\/index.php\/wp-json\/wp\/v2\/categories?post=7607"},{"taxonomy":"post_tag","embeddable":true,"href":"https:\/\/www.paranapraia.com.br\/index.php\/wp-json\/wp\/v2\/tags?post=7607"}],"curies":[{"name":"wp","href":"https:\/\/api.w.org\/{rel}","templated":true}]}}