{"id":7599,"date":"2019-04-21T18:33:43","date_gmt":"2019-04-21T21:33:43","guid":{"rendered":"https:\/\/www.paranapraia.com.br\/?p=7599"},"modified":"2019-04-21T18:33:44","modified_gmt":"2019-04-21T21:33:44","slug":"governo-decreta-sigilo-sobre-estudos-da-reforma-da-previdencia","status":"publish","type":"post","link":"https:\/\/www.paranapraia.com.br\/index.php\/2019\/04\/21\/governo-decreta-sigilo-sobre-estudos-da-reforma-da-previdencia\/","title":{"rendered":"Governo decreta sigilo sobre estudos da reforma da Previd\u00eancia"},"content":{"rendered":"\n<h4 class=\"wp-block-heading\">Acesso a argumentos, estat\u00edsticas, dados econ\u00f4micos e sociais que norteiam o texto \u00e9 permitido apenas a servidores autorizados<\/h4>\n\n\n\n<p>Os estudos e os relat\u00f3rios t\u00e9cnicos que ancoram a proposta da reforma da Previd\u00eancia est\u00e3o sob sigilo. A medida do Minist\u00e9rio da Economia impede o acesso a conte\u00fados como&nbsp;argumentos, estat\u00edsticas, dados econ\u00f4micos e sociais que norteiam o texto. A mat\u00e9ria pode ser votada na Comiss\u00e3o de Constitui\u00e7\u00e3o e Justi\u00e7a (CCJ) da C\u00e2mara na pr\u00f3xima ter\u00e7a-feira (23\/04\/19).<\/p>\n\n\n\n<p>A confidencialidade das informa\u00e7\u00f5es veio \u00e0 tona ap\u00f3s o jornal Folha de S.Paulo ter um pedido na Lei de Acesso \u00e0 Informa\u00e7\u00e3o negado pela pasta comandada por Paulo Guedes.\u00a0Segundo a Secretaria Especial de Previd\u00eancia e Trabalho, os dados foram elaborados \u201cno \u00e2mbito de suas compet\u00eancias regimentais\u201d, para manifesta\u00e7\u00f5es t\u00e9cnicas sobre a proposta em tramita\u00e7\u00e3o.<\/p>\n\n\n\n<p>Somente&nbsp;servidores autorizados e autoridades p\u00fablicas do alto escala\u00e7\u00e3o podem acessar o conte\u00fado. \u201cContudo, registra-se que todos os expedientes foram classificados com n\u00edvel de acesso restrito por se tratarem de documentos preparat\u00f3rios\u201d, explica a&nbsp;Secretaria Especial de Previd\u00eancia e Trabalho.&nbsp;A resist\u00eancia do governo em apresentar levantamentos relativos \u00e0 reforma desagrada&nbsp;congressistas.<\/p>\n\n\n\n<p>O governo argumenta que&nbsp;a medida restritiva segue entendimento da Procuradoria-Geral da Fazenda Nacional a respeito do assunto. O decreto que regulamenta a Lei de Acesso chama de preparat\u00f3rios documentos formais usados como fundamento de \u201ctomada de decis\u00e3o ou de ato administrativo, a exemplo de pareceres e notas t\u00e9cnicas\u201d.<\/p>\n\n\n\n<p>Na pr\u00f3xima ter\u00e7a-feira, a\u00a0CCJ\u00a0da C\u00e2mara deve votar o parecer da admissibilidade da proposta. O relator da mat\u00e9ria, Marcelo Freitas (PSL-MG), \u00e9 favor\u00e1vel ao texto, mas nos \u00faltimos dias admitiu que alguns pontos podem ser alterados.<\/p>\n\n\n\n<p>O maior desgaste\u00a0entre governo e parlamentares \u00e9 a aposentadoria rural e o\u00a0Benef\u00edcio de Presta\u00e7\u00e3o Continuada (BPC) \u2014 pago a idosos carentes. A equipe econ\u00f4mica mant\u00e9m a expectativa de economizar R$ 1 trilh\u00e3o em 10 anos.<\/p>\n\n\n\n<p>Metr\u00f3poles<\/p>\n","protected":false},"excerpt":{"rendered":"<p>Acesso a argumentos, estat\u00edsticas, dados econ\u00f4micos e sociais que norteiam o texto \u00e9 permitido apenas a servidores autorizados Os estudos e os relat\u00f3rios t\u00e9cnicos que ancoram a proposta da reforma da Previd\u00eancia est\u00e3o sob sigilo. A medida do Minist\u00e9rio da Economia impede o acesso a conte\u00fados como&nbsp;argumentos, estat\u00edsticas, dados econ\u00f4micos e sociais que norteiam o [&hellip;]<\/p>\n","protected":false},"author":2,"featured_media":7600,"comment_status":"open","ping_status":"open","sticky":false,"template":"","format":"standard","meta":{"advanced_seo_description":"","jetpack_seo_html_title":"","jetpack_seo_noindex":false,"_jetpack_memberships_contains_paid_content":false,"footnotes":""},"categories":[32],"tags":[],"class_list":{"0":"post-7599","1":"post","2":"type-post","3":"status-publish","4":"format-standard","5":"has-post-thumbnail","7":"category-politica"},"jetpack_featured_media_url":"https:\/\/www.paranapraia.com.br\/wp-content\/uploads\/2019\/04\/gov.jpeg","jetpack_sharing_enabled":true,"_links":{"self":[{"href":"https:\/\/www.paranapraia.com.br\/index.php\/wp-json\/wp\/v2\/posts\/7599"}],"collection":[{"href":"https:\/\/www.paranapraia.com.br\/index.php\/wp-json\/wp\/v2\/posts"}],"about":[{"href":"https:\/\/www.paranapraia.com.br\/index.php\/wp-json\/wp\/v2\/types\/post"}],"author":[{"embeddable":true,"href":"https:\/\/www.paranapraia.com.br\/index.php\/wp-json\/wp\/v2\/users\/2"}],"replies":[{"embeddable":true,"href":"https:\/\/www.paranapraia.com.br\/index.php\/wp-json\/wp\/v2\/comments?post=7599"}],"version-history":[{"count":1,"href":"https:\/\/www.paranapraia.com.br\/index.php\/wp-json\/wp\/v2\/posts\/7599\/revisions"}],"predecessor-version":[{"id":7601,"href":"https:\/\/www.paranapraia.com.br\/index.php\/wp-json\/wp\/v2\/posts\/7599\/revisions\/7601"}],"wp:featuredmedia":[{"embeddable":true,"href":"https:\/\/www.paranapraia.com.br\/index.php\/wp-json\/wp\/v2\/media\/7600"}],"wp:attachment":[{"href":"https:\/\/www.paranapraia.com.br\/index.php\/wp-json\/wp\/v2\/media?parent=7599"}],"wp:term":[{"taxonomy":"category","embeddable":true,"href":"https:\/\/www.paranapraia.com.br\/index.php\/wp-json\/wp\/v2\/categories?post=7599"},{"taxonomy":"post_tag","embeddable":true,"href":"https:\/\/www.paranapraia.com.br\/index.php\/wp-json\/wp\/v2\/tags?post=7599"}],"curies":[{"name":"wp","href":"https:\/\/api.w.org\/{rel}","templated":true}]}}