{"id":75949,"date":"2026-01-24T16:52:32","date_gmt":"2026-01-24T19:52:32","guid":{"rendered":"https:\/\/www.paranapraia.com.br\/?p=75949"},"modified":"2026-01-24T16:52:35","modified_gmt":"2026-01-24T19:52:35","slug":"forcas-de-seguranca-promovem-ciclo-de-exposicoes-durante-o-verao-maior-parana","status":"publish","type":"post","link":"https:\/\/www.paranapraia.com.br\/index.php\/2026\/01\/24\/forcas-de-seguranca-promovem-ciclo-de-exposicoes-durante-o-verao-maior-parana\/","title":{"rendered":"For\u00e7as de Seguran\u00e7a promovem ciclo de exposi\u00e7\u00f5es durante o Ver\u00e3o Maior Paran\u00e1"},"content":{"rendered":"\n<p>Durante a programa\u00e7\u00e3o do Ver\u00e3o Maior Paran\u00e1, a Secretaria de Estado da Seguran\u00e7a P\u00fablica (SESP) promove a partir deste s\u00e1bado (27), nas cidades do Litoral e Costa Oeste, um ciclo de exposi\u00e7\u00f5es das for\u00e7as de seguran\u00e7a, aproximando equipamentos, tecnologia e profissionais da popula\u00e7\u00e3o e dos turistas que frequentam a regi\u00e3o nesta \u00e9poca do ano. As a\u00e7\u00f5es ocorrem nos munic\u00edpios de Pontal do Paran\u00e1, Guaratuba, Matinhos e Porto Rico.<br>A iniciativa refor\u00e7a a integra\u00e7\u00e3o entre as for\u00e7as de seguran\u00e7a Pol\u00edcia Militar (PMPR), Pol\u00edcia Civil (PCPR), Pol\u00edcia Cient\u00edfica (PCIPR), Pol\u00edcia Penal (PCIPR) e Corpo de Bombeiros (CBMPR) e a comunidade, ampliando o acesso a informa\u00e7\u00f5es sobre preven\u00e7\u00e3o, seguran\u00e7a e os servi\u00e7os prestados pelo Estado, especialmente durante o per\u00edodo de maior fluxo de pessoas no litoral paranaense.<\/p>\n\n\n\n<p>As exposi\u00e7\u00f5es s\u00e3o uma forma de aproximar as for\u00e7as de seguran\u00e7a da popula\u00e7\u00e3o e mostrar, de maneira transparente, a estrutura, a tecnologia e o preparo dos profissionais que atuam diariamente na prote\u00e7\u00e3o dos paranaenses. No Ver\u00e3o Maior, essa presen\u00e7a \u00e9 ainda mais importante para garantir seguran\u00e7a a moradores e visitantes.<\/p>\n\n\n\n<p>Ao longo da programa\u00e7\u00e3o, o p\u00fablico poder\u00e1 visitar estandes com demonstra\u00e7\u00f5es de equipamentos e viaturas, conhecer tecnologias utilizadas pelas corpora\u00e7\u00f5es, al\u00e9m de acompanhar orienta\u00e7\u00f5es sobre preven\u00e7\u00e3o de acidentes, atendimento de emerg\u00eancias e seguran\u00e7a p\u00fablica. As exposi\u00e7\u00f5es tamb\u00e9m contam com atividades educativas e espa\u00e7os para esclarecimento de d\u00favidas.<\/p>\n\n\n\n<p>O p\u00fablico tamb\u00e9m poder\u00e1 prestigiar apresenta\u00e7\u00f5es das bandas da PMPR, PCPR e Corpo de Bombeiros, que integram a programa\u00e7\u00e3o cultural do evento.<\/p>\n\n\n\n<p><strong>PROGRAMA\u00c7\u00c3O:<\/strong><br><strong>Pontal do Paran\u00e1&nbsp;<\/strong>&#8211; O ciclo passa pela Avenida Paranagu\u00e1, no balne\u00e1rio Shangril\u00e1, nos dias 27 e 30 de dezembro, ambos das 17h \u00e0s 21h, e no dia 10 de janeiro, das 14h \u00e0s 18h.<\/p>\n\n\n\n<p><strong>Matinhos<\/strong>&nbsp;&#8211; as atividades ocorrem em dois pontos: na Avenida Atl\u00e2ntica, em frente ao SESC Caiob\u00e1, nos dias 28 de dezembro e 2 de janeiro, das 17h \u00e0s 21h, e na Avenida Atl\u00e2ntica, em frente \u00e0 Casa do Camar\u00e3o, no dia 17 de janeiro, das 14h \u00e0s 18h.<\/p>\n\n\n\n<p><strong>Guaratuba<\/strong>&nbsp;&#8211; o ciclo de exposi\u00e7\u00f5es no mun\u00edcio ser\u00e3o realizadas na Avenida Atl\u00e2ntica, na regi\u00e3o do Letreiro, nos dias 29 de dezembro, das 17h \u00e0s 21h, 3 de janeiro, das 14h \u00e0s 18h, e 24 de janeiro, tamb\u00e9m das 14h \u00e0s 18h.<\/p>\n\n\n\n<p><strong>Porto Rico<\/strong>&nbsp;&#8211; a a\u00e7\u00e3o acontece no dia 31 de janeiro, das 17h \u00e0s 21h, na Avenida Beira Rio, s\/n.<\/p>\n\n\n\n<p>AEN\/PR<\/p>\n","protected":false},"excerpt":{"rendered":"<p>Durante a programa\u00e7\u00e3o do Ver\u00e3o Maior Paran\u00e1, a Secretaria de Estado da Seguran\u00e7a P\u00fablica (SESP) promove a partir deste s\u00e1bado (27), nas cidades do Litoral e Costa Oeste, um ciclo de exposi\u00e7\u00f5es das for\u00e7as de seguran\u00e7a, aproximando equipamentos, tecnologia e profissionais da popula\u00e7\u00e3o e dos turistas que frequentam a regi\u00e3o nesta \u00e9poca do ano. As [&hellip;]<\/p>\n","protected":false},"author":2,"featured_media":75950,"comment_status":"open","ping_status":"open","sticky":false,"template":"","format":"standard","meta":{"advanced_seo_description":"","jetpack_seo_html_title":"","jetpack_seo_noindex":false,"_jetpack_memberships_contains_paid_content":false,"footnotes":""},"categories":[40],"tags":[],"class_list":{"0":"post-75949","1":"post","2":"type-post","3":"status-publish","4":"format-standard","5":"has-post-thumbnail","7":"category-destaques"},"jetpack_featured_media_url":"https:\/\/www.paranapraia.com.br\/wp-content\/uploads\/2026\/01\/1000366153.jpg","jetpack_sharing_enabled":true,"_links":{"self":[{"href":"https:\/\/www.paranapraia.com.br\/index.php\/wp-json\/wp\/v2\/posts\/75949"}],"collection":[{"href":"https:\/\/www.paranapraia.com.br\/index.php\/wp-json\/wp\/v2\/posts"}],"about":[{"href":"https:\/\/www.paranapraia.com.br\/index.php\/wp-json\/wp\/v2\/types\/post"}],"author":[{"embeddable":true,"href":"https:\/\/www.paranapraia.com.br\/index.php\/wp-json\/wp\/v2\/users\/2"}],"replies":[{"embeddable":true,"href":"https:\/\/www.paranapraia.com.br\/index.php\/wp-json\/wp\/v2\/comments?post=75949"}],"version-history":[{"count":1,"href":"https:\/\/www.paranapraia.com.br\/index.php\/wp-json\/wp\/v2\/posts\/75949\/revisions"}],"predecessor-version":[{"id":75951,"href":"https:\/\/www.paranapraia.com.br\/index.php\/wp-json\/wp\/v2\/posts\/75949\/revisions\/75951"}],"wp:featuredmedia":[{"embeddable":true,"href":"https:\/\/www.paranapraia.com.br\/index.php\/wp-json\/wp\/v2\/media\/75950"}],"wp:attachment":[{"href":"https:\/\/www.paranapraia.com.br\/index.php\/wp-json\/wp\/v2\/media?parent=75949"}],"wp:term":[{"taxonomy":"category","embeddable":true,"href":"https:\/\/www.paranapraia.com.br\/index.php\/wp-json\/wp\/v2\/categories?post=75949"},{"taxonomy":"post_tag","embeddable":true,"href":"https:\/\/www.paranapraia.com.br\/index.php\/wp-json\/wp\/v2\/tags?post=75949"}],"curies":[{"name":"wp","href":"https:\/\/api.w.org\/{rel}","templated":true}]}}